{"id":4085,"date":"2023-02-03T16:35:33","date_gmt":"2023-02-03T19:35:33","guid":{"rendered":"https:\/\/wp.ufpel.edu.br\/ib\/?p=4085"},"modified":"2023-02-03T16:37:18","modified_gmt":"2023-02-03T19:37:18","slug":"participe-da-votacao-para-chefia-do-museu-carlos-ritter","status":"publish","type":"post","link":"https:\/\/wp.ufpel.edu.br\/ib\/2023\/02\/03\/participe-da-votacao-para-chefia-do-museu-carlos-ritter\/","title":{"rendered":"Participe da vota\u00e7\u00e3o para Chefia do Museu Carlos Ritter"},"content":{"rendered":"<p style=\"text-align: justify;\">A Chefia do N\u00facleo Administrativo do Instituto de Biologia recebeu da COE (Comiss\u00e3o Eleitoral) respons\u00e1vel pela organiza\u00e7\u00e3o das elei\u00e7\u00f5es do Museu Carlos Ritter (MCR) as altera\u00e7\u00f5es solicitadas na listagem de eleitores e realizou as corre\u00e7\u00f5es solicitadas no sistema <em>Helius Votting<\/em>. Assim no <span style=\"color: #000000; background-color: #ffff00;\"><a style=\"color: #000000; background-color: #ffff00;\" href=\"https:\/\/drive.google.com\/file\/d\/1jfF6q0obW8r_bRAnOrLxDvLxw_STk1NT\/view?usp=share_link\" target=\"_blank\" rel=\"noopener\"><em>link<\/em><\/a><\/span> encontra-se a listagem final de eleitores T\u00e9cnicos Administrativos (TAEs), Docentes, Discentes da Gradua\u00e7\u00e3o (Licenciatura e\u00a0 Bacharelado) e dos Programas de P\u00f3s-Gradua\u00e7\u00e3o da Unidade. Foi emitido para os<em> e-mails<\/em> pessoais informados o convite para participa\u00e7\u00e3o na vota\u00e7\u00e3o do processo eleitoral nos pr\u00f3ximos dias 06 e 07\/02\/2023. A Chefia do N\u00facleo solicita que verifiquem a caixa de SPAM, pois como se trata de um envio em grande quantidades de destinat\u00e1rios a mensagem pode ter ido para a mesma (lixo eletr\u00f4nico). Participe do processo seja um membro ativo nas decis\u00f5es de nossa comunidade e prestigie os colegas que se dispuseram a concorrer para os cargos de Chefe e Subchefe do Museu de Ci\u00eancias Naturais Carlos Ritter. Excelente vota\u00e7\u00e3o a todos.<\/p>\n","protected":false},"excerpt":{"rendered":"<p>A Chefia do N\u00facleo Administrativo do Instituto de Biologia recebeu da COE (Comiss\u00e3o Eleitoral) respons\u00e1vel pela organiza\u00e7\u00e3o das elei\u00e7\u00f5es do Museu Carlos Ritter (MCR) as altera\u00e7\u00f5es solicitadas na listagem de eleitores e realizou as corre\u00e7\u00f5es solicitadas no sistema Helius Votting. Assim no link encontra-se a listagem final de eleitores T\u00e9cnicos Administrativos (TAEs), Docentes, Discentes da [&hellip;]<\/p>\n","protected":false},"author":488,"featured_media":0,"comment_status":"closed","ping_status":"closed","sticky":false,"template":"","format":"standard","meta":{"jetpack_post_was_ever_published":false,"_jetpack_newsletter_access":"","_jetpack_dont_email_post_to_subs":false,"_jetpack_newsletter_tier_id":0,"_jetpack_memberships_contains_paywalled_content":false,"_jetpack_memberships_contains_paid_content":false,"footnotes":""},"categories":[18],"tags":[],"class_list":["post-4085","post","type-post","status-publish","format-standard","hentry","category-sem-categoria"],"jetpack_featured_media_url":"","jetpack_sharing_enabled":true,"jetpack_shortlink":"https:\/\/wp.me\/p6S2gY-13T","_links":{"self":[{"href":"https:\/\/wp.ufpel.edu.br\/ib\/wp-json\/wp\/v2\/posts\/4085","targetHints":{"allow":["GET"]}}],"collection":[{"href":"https:\/\/wp.ufpel.edu.br\/ib\/wp-json\/wp\/v2\/posts"}],"about":[{"href":"https:\/\/wp.ufpel.edu.br\/ib\/wp-json\/wp\/v2\/types\/post"}],"author":[{"embeddable":true,"href":"https:\/\/wp.ufpel.edu.br\/ib\/wp-json\/wp\/v2\/users\/488"}],"replies":[{"embeddable":true,"href":"https:\/\/wp.ufpel.edu.br\/ib\/wp-json\/wp\/v2\/comments?post=4085"}],"version-history":[{"count":6,"href":"https:\/\/wp.ufpel.edu.br\/ib\/wp-json\/wp\/v2\/posts\/4085\/revisions"}],"predecessor-version":[{"id":4092,"href":"https:\/\/wp.ufpel.edu.br\/ib\/wp-json\/wp\/v2\/posts\/4085\/revisions\/4092"}],"wp:attachment":[{"href":"https:\/\/wp.ufpel.edu.br\/ib\/wp-json\/wp\/v2\/media?parent=4085"}],"wp:term":[{"taxonomy":"category","embeddable":true,"href":"https:\/\/wp.ufpel.edu.br\/ib\/wp-json\/wp\/v2\/categories?post=4085"},{"taxonomy":"post_tag","embeddable":true,"href":"https:\/\/wp.ufpel.edu.br\/ib\/wp-json\/wp\/v2\/tags?post=4085"}],"curies":[{"name":"wp","href":"https:\/\/api.w.org\/{rel}","templated":true}]}}