{"id":3967,"date":"2022-11-24T13:50:45","date_gmt":"2022-11-24T16:50:45","guid":{"rendered":"https:\/\/wp.ufpel.edu.br\/ib\/?p=3967"},"modified":"2022-11-24T14:00:25","modified_gmt":"2022-11-24T17:00:25","slug":"nova-coordenacao-dos-colegiados-de-cursos-de-graduacao-em-ciencias-biologicas-bel-e-lic","status":"publish","type":"post","link":"https:\/\/wp.ufpel.edu.br\/ib\/2022\/11\/24\/nova-coordenacao-dos-colegiados-de-cursos-de-graduacao-em-ciencias-biologicas-bel-e-lic\/","title":{"rendered":"Nova Coordena\u00e7\u00e3o dos Colegiados de Cursos de Gradua\u00e7\u00e3o em Ci\u00eancias Biol\u00f3gicas &#8211; Bel. e Lic."},"content":{"rendered":"<p style=\"text-align: justify;\">Foi emitida pelo Gabinete da Reitoria a Portaria de nomea\u00e7\u00e3o (<a href=\"https:\/\/sei.ufpel.edu.br\/sei\/publicacoes\/controlador_publicacoes.php?acao=publicacao_visualizar&amp;id_documento=2201594&amp;id_orgao_publicacao=0\" target=\"_blank\" rel=\"noopener\">Portaria 2470<\/a> de 24\/11\/2022 SEI <a class=\"ancoraPadraoAzul\" title=\"Portaria\" href=\"https:\/\/sei.ufpel.edu.br\/sei\/publicacoes\/controlador_publicacoes.php?acao=publicacao_visualizar&amp;id_documento=2201594&amp;id_orgao_publicacao=0\" target=\"_blank\" rel=\"noopener\">1953383<\/a>) \u00a0das professoras <a href=\"http:\/\/lattes.cnpq.br\/5989815154650062\" target=\"_blank\" rel=\"noopener\">Beatriz Helena Gomes Rocha<\/a> e <a href=\"http:\/\/lattes.cnpq.br\/9555221124800026\" target=\"_blank\" rel=\"noopener\">Vera L\u00facia Bobrowsky<\/a>, como Coordenadora e Coordenadora Adjunta, respectivamente dos Colegiados de Cursos de Gradua\u00e7\u00e3o em Ci\u00eancias Biol\u00f3gicas &#8211; Bel. e Lic. recentemente eleitas em consulta p\u00fablica feita \u00e0 Comunidade do Instituto de Biologia. Nossos agradecimentos \u00e0s professoras <a href=\"http:\/\/lattes.cnpq.br\/7125048289581244\" target=\"_blank\" rel=\"noopener\">Virginia Mello<\/a> Alves (IFM) e <a href=\"http:\/\/lattes.cnpq.br\/5178833739809928\" target=\"_blank\" rel=\"noopener\">Denise dos Santos Colares de Oliveira<\/a> (CCQFA) pelo apoio como Coordenadora e Coordenadora Adjunta Pr\u00f3-T\u00eampore (<a href=\"https:\/\/sei.ufpel.edu.br\/sei\/publicacoes\/controlador_publicacoes.php?acao=publicacao_visualizar&amp;id_documento=2128392&amp;id_orgao_publicacao=0\" target=\"_blank\" rel=\"noopener\">Portaria 2090<\/a>, de 04\/102\/2022), respectivamente,\u00a0 durante esse per\u00edodo de transi\u00e7\u00e3o, assim como, aos membros da COE (<a href=\"https:\/\/drive.google.com\/file\/d\/11nqatxYGyWGPfePMvEs57HyJ7ZKH-_df\/view?usp=share_link\" target=\"_blank\" rel=\"noopener\">Portaria 90, de 11 de novembro de 2022<\/a>) que conduziram com agilidade o processo eleitoral. Desejamos \u00eaxito as colegas Beatriz e Vera nessa nova jornada.<\/p>\n","protected":false},"excerpt":{"rendered":"<p>Foi emitida pelo Gabinete da Reitoria a Portaria de nomea\u00e7\u00e3o (Portaria 2470 de 24\/11\/2022 SEI 1953383) \u00a0das professoras Beatriz Helena Gomes Rocha e Vera L\u00facia Bobrowsky, como Coordenadora e Coordenadora Adjunta, respectivamente dos Colegiados de Cursos de Gradua\u00e7\u00e3o em Ci\u00eancias Biol\u00f3gicas &#8211; Bel. e Lic. recentemente eleitas em consulta p\u00fablica feita \u00e0 Comunidade do Instituto [&hellip;]<\/p>\n","protected":false},"author":488,"featured_media":0,"comment_status":"closed","ping_status":"closed","sticky":false,"template":"","format":"standard","meta":{"jetpack_post_was_ever_published":false,"_jetpack_newsletter_access":"","_jetpack_dont_email_post_to_subs":false,"_jetpack_newsletter_tier_id":0,"_jetpack_memberships_contains_paywalled_content":false,"_jetpack_memberships_contains_paid_content":false,"footnotes":""},"categories":[18],"tags":[],"class_list":["post-3967","post","type-post","status-publish","format-standard","hentry","category-sem-categoria"],"jetpack_featured_media_url":"","jetpack_sharing_enabled":true,"jetpack_shortlink":"https:\/\/wp.me\/p6S2gY-11Z","_links":{"self":[{"href":"https:\/\/wp.ufpel.edu.br\/ib\/wp-json\/wp\/v2\/posts\/3967","targetHints":{"allow":["GET"]}}],"collection":[{"href":"https:\/\/wp.ufpel.edu.br\/ib\/wp-json\/wp\/v2\/posts"}],"about":[{"href":"https:\/\/wp.ufpel.edu.br\/ib\/wp-json\/wp\/v2\/types\/post"}],"author":[{"embeddable":true,"href":"https:\/\/wp.ufpel.edu.br\/ib\/wp-json\/wp\/v2\/users\/488"}],"replies":[{"embeddable":true,"href":"https:\/\/wp.ufpel.edu.br\/ib\/wp-json\/wp\/v2\/comments?post=3967"}],"version-history":[{"count":3,"href":"https:\/\/wp.ufpel.edu.br\/ib\/wp-json\/wp\/v2\/posts\/3967\/revisions"}],"predecessor-version":[{"id":3971,"href":"https:\/\/wp.ufpel.edu.br\/ib\/wp-json\/wp\/v2\/posts\/3967\/revisions\/3971"}],"wp:attachment":[{"href":"https:\/\/wp.ufpel.edu.br\/ib\/wp-json\/wp\/v2\/media?parent=3967"}],"wp:term":[{"taxonomy":"category","embeddable":true,"href":"https:\/\/wp.ufpel.edu.br\/ib\/wp-json\/wp\/v2\/categories?post=3967"},{"taxonomy":"post_tag","embeddable":true,"href":"https:\/\/wp.ufpel.edu.br\/ib\/wp-json\/wp\/v2\/tags?post=3967"}],"curies":[{"name":"wp","href":"https:\/\/api.w.org\/{rel}","templated":true}]}}