{"id":3856,"date":"2022-10-15T11:19:48","date_gmt":"2022-10-15T14:19:48","guid":{"rendered":"https:\/\/wp.ufpel.edu.br\/ib\/?p=3856"},"modified":"2022-10-15T11:19:56","modified_gmt":"2022-10-15T14:19:56","slug":"feliz-dia-do-professor","status":"publish","type":"post","link":"https:\/\/wp.ufpel.edu.br\/ib\/2022\/10\/15\/feliz-dia-do-professor\/","title":{"rendered":"Feliz dia do professor"},"content":{"rendered":"<p>Reflex\u00f5es comuns sobre ser professor encontradas na\u00a0 web:<\/p>\n<ul>\n<li style=\"text-align: justify;\">\u00e9 aprender para ensinar;<\/li>\n<li style=\"text-align: justify;\">\u00e9 ser dedica\u00e7\u00e3o,<\/li>\n<li style=\"text-align: justify;\">ter paci\u00eancia e persist\u00eancia;<\/li>\n<li style=\"text-align: justify;\">\u00e9 ser mestre,<\/li>\n<li style=\"text-align: justify;\">\u00e9 saber cativar e inspirar;<\/li>\n<li style=\"text-align: justify;\">\u00e9 educar;<\/li>\n<li style=\"text-align: justify;\">\u00e9 moldar as mentes do futuro;<\/li>\n<li style=\"text-align: justify;\">\u00e9 saber que o gosto pela aprendizagem \u00e9 a inspira\u00e7\u00e3o que o mundo precisa para evoluir;<\/li>\n<li style=\"text-align: justify;\">\u00e9 professar a f\u00e9 e a certeza de que tudo ter\u00e1 valido a pena se o aluno se sentir feliz pelo que aprendeu e pelo que ele lhe ensinou;<\/li>\n<li style=\"text-align: justify;\">\u00a0consumir horas e horas pensando em cada detalhe daquela aula, que mesmo ocorrendo todos os dias, \u00e9 sempre \u00fanica e original;<\/li>\n<li style=\"text-align: justify;\">\u00e9 entrar cansado numa sala de aula e, diante da rea\u00e7\u00e3o da turma, transformar o cansa\u00e7o numa aventura maravilhosa de ensinar e aprender;<\/li>\n<li style=\"text-align: justify;\">\u00a0\u00e9 importar-se com o outro numa dimens\u00e3o de quem cultiva<br \/>\numa planta muito rara que necessita de aten\u00e7\u00e3o, amor e cuidado;<\/li>\n<li style=\"text-align: justify;\">\u00e9 ter a capacidade de &#8220;sair de cena, sem sair do espet\u00e1culo&#8221;;<\/li>\n<li style=\"text-align: justify;\">\u00e9 apontar caminhos, mas deixar que o aluno caminhe com seus pr\u00f3prios p\u00e9s;<\/li>\n<li style=\"text-align: justify;\">\u00e9 quem procura sempre solu\u00e7\u00f5es para problemas dos seus alunos e se empenha sem distra\u00e7\u00f5es nos momentos mais oportunos;<\/li>\n<li style=\"text-align: justify;\">\u00e9 quem vai esculpindo com\u00a0 dedica\u00e7\u00e3o, paci\u00eancia e sabedoria as mentes das mulheres e dos homens do amanh\u00e3, consciente que pelas suas m\u00e3os passa o futuro do pa\u00eds, e com elas ajuda a moldar os cidad\u00e3os que tomar\u00e3o conta desse futuro;<\/li>\n<li style=\"text-align: justify;\">\u00e9 trabalhar com muita muita responsabilidade, conscientes que os alunos confiam na nossa honestidade e irrepreens\u00edvel ju\u00edzo;<\/li>\n<li style=\"text-align: justify;\">\u00e9 quem se entrega a t\u00e3o distinto e honrado of\u00edcio, se cultivando para depois cultivar nos outros;<\/li>\n<li style=\"text-align: justify;\">\u00e9 quem compartilha todo o seu conhecimento com os outros;<\/li>\n<li style=\"text-align: justify;\">&#8230; \u00e9 muito mais do que se possa descrever, pois atua na constru\u00e7\u00e3o do conhecimento e sua difus\u00e3o, fazendo multiplicadores do seu saber. Portanto \u00e9 ser algu\u00e9m que merece toda a admira\u00e7\u00e3o, confian\u00e7a e respeito da sociedade a quem dedica seu of\u00edcio.<\/li>\n<\/ul>\n<p style=\"text-align: justify;\">\u00a0 \u00a0 \u00a0 \u00a0 \u00a0 \u00a0 A Dire\u00e7\u00e3o do Instituto de Biologia agradece a todos docentes da Unidade e \u00e0queles que est\u00e3o na sua jornada de tornarem-se professores acreditando nessa profiss\u00e3o e no seu papel social, independentes dos percal\u00e7os da jornada e do descr\u00e9dito de alguns que antes de &#8220;serem&#8221; ou &#8220;estarem&#8221; em diferentes &#8220;status&#8221; e posi\u00e7\u00f5es sociais foram nossos alunos. Que o dia de hoje sirva para as devidas comemora\u00e7\u00f5es e reflex\u00f5es sobre nosso of\u00edcio, sobretudo, para entendermos por que alguns daqueles que ensinamos, desde a alfabetiza\u00e7\u00e3o, acabam por desmerecer nosso of\u00edcio.<\/p>\n","protected":false},"excerpt":{"rendered":"<p>Reflex\u00f5es comuns sobre ser professor encontradas na\u00a0 web: \u00e9 aprender para ensinar; \u00e9 ser dedica\u00e7\u00e3o, ter paci\u00eancia e persist\u00eancia; \u00e9 ser mestre, \u00e9 saber cativar e inspirar; \u00e9 educar; \u00e9 moldar as mentes do futuro; \u00e9 saber que o gosto pela aprendizagem \u00e9 a inspira\u00e7\u00e3o que o mundo precisa para evoluir; \u00e9 professar a f\u00e9 [&hellip;]<\/p>\n","protected":false},"author":488,"featured_media":0,"comment_status":"closed","ping_status":"closed","sticky":false,"template":"","format":"standard","meta":{"jetpack_post_was_ever_published":false,"_jetpack_newsletter_access":"","_jetpack_dont_email_post_to_subs":false,"_jetpack_newsletter_tier_id":0,"_jetpack_memberships_contains_paywalled_content":false,"_jetpack_memberships_contains_paid_content":false,"footnotes":""},"categories":[18],"tags":[],"class_list":["post-3856","post","type-post","status-publish","format-standard","hentry","category-sem-categoria"],"jetpack_featured_media_url":"","jetpack_sharing_enabled":true,"jetpack_shortlink":"https:\/\/wp.me\/p6S2gY-10c","_links":{"self":[{"href":"https:\/\/wp.ufpel.edu.br\/ib\/wp-json\/wp\/v2\/posts\/3856","targetHints":{"allow":["GET"]}}],"collection":[{"href":"https:\/\/wp.ufpel.edu.br\/ib\/wp-json\/wp\/v2\/posts"}],"about":[{"href":"https:\/\/wp.ufpel.edu.br\/ib\/wp-json\/wp\/v2\/types\/post"}],"author":[{"embeddable":true,"href":"https:\/\/wp.ufpel.edu.br\/ib\/wp-json\/wp\/v2\/users\/488"}],"replies":[{"embeddable":true,"href":"https:\/\/wp.ufpel.edu.br\/ib\/wp-json\/wp\/v2\/comments?post=3856"}],"version-history":[{"count":1,"href":"https:\/\/wp.ufpel.edu.br\/ib\/wp-json\/wp\/v2\/posts\/3856\/revisions"}],"predecessor-version":[{"id":3858,"href":"https:\/\/wp.ufpel.edu.br\/ib\/wp-json\/wp\/v2\/posts\/3856\/revisions\/3858"}],"wp:attachment":[{"href":"https:\/\/wp.ufpel.edu.br\/ib\/wp-json\/wp\/v2\/media?parent=3856"}],"wp:term":[{"taxonomy":"category","embeddable":true,"href":"https:\/\/wp.ufpel.edu.br\/ib\/wp-json\/wp\/v2\/categories?post=3856"},{"taxonomy":"post_tag","embeddable":true,"href":"https:\/\/wp.ufpel.edu.br\/ib\/wp-json\/wp\/v2\/tags?post=3856"}],"curies":[{"name":"wp","href":"https:\/\/api.w.org\/{rel}","templated":true}]}}