{"id":3762,"date":"2022-09-03T10:56:45","date_gmt":"2022-09-03T13:56:45","guid":{"rendered":"https:\/\/wp.ufpel.edu.br\/ib\/?p=3762"},"modified":"2022-09-03T11:04:15","modified_gmt":"2022-09-03T14:04:15","slug":"3762","status":"publish","type":"post","link":"https:\/\/wp.ufpel.edu.br\/ib\/2022\/09\/03\/3762\/","title":{"rendered":"Curso de aperfei\u00e7oamento em estrat\u00e9gias e pr\u00e1ticas de ensino para educandos com transtornos de aprendizagem"},"content":{"rendered":"<p style=\"text-align: justify;\">Ocorreu\u00a0 nessa manh\u00e3\u00a0 (03\/09\/2022) as 9h30min o semin\u00e1rio de abertura do <strong>curso de aperfei\u00e7oamento em estrat\u00e9gias e pr\u00e1ticas de ensino para educandos com transtornos de aprendizagem<\/strong> com a presen\u00e7a da professora <a href=\"http:\/\/lattes.cnpq.br\/9199716328773316\" target=\"_blank\" rel=\"noopener\">Rita Rodriguez<\/a>, coordenadora da equipe do grupo de trabalho do \u00a0<a href=\"https:\/\/wp.ufpel.edu.br\/nepca\/\" target=\"_blank\" rel=\"noopener\">NEPCA\/IB<\/a>\u00a0(N\u00facleo de Estudos e Pesquisa em Cogni\u00e7\u00e3o e Aprendizagem), a professora <a href=\"http:\/\/lattes.cnpq.br\/9327222157358583\">Francele Carlan<\/a>\u00a0 \u00a0coordenadora do Curso de Aperfei\u00e7oamento, o professor <a href=\"http:\/\/lattes.cnpq.br\/7956000492760191\" target=\"_blank\" rel=\"noopener\">Luiz Fernando Minello<\/a>, Diretor do Instituto de Biologia, a colaboradora <a href=\"http:\/\/lattes.cnpq.br\/1313246889691443\" target=\"_blank\" rel=\"noopener\">Maximira Rockemback da Porciuncula,<\/a>\u00a0 os palestrantes <a href=\"http:\/\/lattes.cnpq.br\/4766101006250288\" target=\"_blank\" rel=\"noopener\">Rauni Jand\u00e9 Roama Alves<\/a>\u00a0 e Andreia Turra (pedagoga, psicopedagoga e escritora) e\u00a0 o mediador professor e psic\u00f3logo <a href=\"http:\/\/lattes.cnpq.br\/5916813121392636\" target=\"_blank\" rel=\"noopener\">Dami\u00e3o da Silva<\/a>. A tradu\u00e7\u00e3o para LIBRAS foi realizada pelas interpretes <a href=\"http:\/\/lattes.cnpq.br\/2502674466938381\" target=\"_blank\" rel=\"noopener\">Daiana San Martins Goulart<\/a> e <a href=\"http:\/\/lattes.cnpq.br\/9616859320029219\" target=\"_blank\" rel=\"noopener\">Ma\u00edra Maus da Silva<\/a>. O professor Minello deu as boas-vindas ao cursantes, comentou sobre a import\u00e2ncia do aperfei\u00e7oamento e das estrat\u00e9gias de aprendizagem, assim como sobre os desafios nesse campo e a intera\u00e7\u00e3o entre a equipe da academia, os\u00a0 formadores e os cursantes com seus resultados enriquecedores nesse aprendizado rec\u00edproco. A professora Rita discorreu sobre o hist\u00f3rico do AEE e sua trajet\u00f3ria na UFPEL, os desafios da inclus\u00e3o e a recente modifica\u00e7\u00e3o da legisla\u00e7\u00e3o trazendo o TDAH para o AEE de forma regulat\u00f3ria e os desafios surgidos em fun\u00e7\u00e3o dessa nova realidade. Cumprimentou os cursantes desejando sucesso no curso, assim como a todos os envolvidos no processo, contextualizando com sua experi\u00eancia a inclus\u00e3o nessa \u00e1rea. Na sequ\u00eancia a professora Francele apresentou sua equipe de trabalho e o modus de gest\u00e3o do Curso, apresentando os palestrantes e sua media\u00e7\u00e3o. Prosseguindo foi abordado o tema <strong><em>Transtornos da Aprendizagem e TDAH: os avan\u00e7os na inclus\u00e3o escolar.\u00a0\u00a0<\/em><\/strong>A Dire\u00e7\u00e3o da Unidade deseja sucesso a esse novo Curso que \u00e9 fruto da inser\u00e7\u00e3o da Unidade no AEE, gra\u00e7as a sua equipe de trabalho coordenado pela professora Rita.<\/p>\n<p style=\"text-align: center;\"><a href=\"https:\/\/wp.ufpel.edu.br\/ib\/files\/2022\/09\/Foto-n01-geraol-pagiuna-AEE-TDAH-scaled.jpg\"><img class=\"alignnone size-medium wp-image-3771\" src=\"https:\/\/wp.ufpel.edu.br\/ib\/files\/2022\/09\/Foto-n01-geraol-pagiuna-AEE-TDAH-400x186.jpg\" alt=\"\" width=\"400\" height=\"186\" \/><\/a><\/p>\n<p style=\"text-align: center;\"><a href=\"https:\/\/wp.ufpel.edu.br\/ib\/files\/2022\/09\/Foto-n02a-geraol-pagiuna-AEE-TDAH-scaled.jpg\"><img class=\"alignnone size-medium wp-image-3772\" src=\"https:\/\/wp.ufpel.edu.br\/ib\/files\/2022\/09\/Foto-n02a-geraol-pagiuna-AEE-TDAH-400x156.jpg\" alt=\"\" width=\"400\" height=\"156\" \/><\/a><\/p>\n<p style=\"text-align: center;\"><a href=\"https:\/\/wp.ufpel.edu.br\/ib\/files\/2022\/09\/IMG_2962-scaled.jpg\"><img class=\"alignnone size-medium wp-image-3773\" src=\"https:\/\/wp.ufpel.edu.br\/ib\/files\/2022\/09\/IMG_2962-400x300.jpg\" alt=\"\" width=\"400\" height=\"300\" \/><\/a><\/p>\n<p>&nbsp;<\/p>\n<p>&nbsp;<\/p>\n","protected":false},"excerpt":{"rendered":"<p>Ocorreu\u00a0 nessa manh\u00e3\u00a0 (03\/09\/2022) as 9h30min o semin\u00e1rio de abertura do curso de aperfei\u00e7oamento em estrat\u00e9gias e pr\u00e1ticas de ensino para educandos com transtornos de aprendizagem com a presen\u00e7a da professora Rita Rodriguez, coordenadora da equipe do grupo de trabalho do \u00a0NEPCA\/IB\u00a0(N\u00facleo de Estudos e Pesquisa em Cogni\u00e7\u00e3o e Aprendizagem), a professora Francele Carlan\u00a0 \u00a0coordenadora [&hellip;]<\/p>\n","protected":false},"author":488,"featured_media":0,"comment_status":"closed","ping_status":"closed","sticky":false,"template":"","format":"standard","meta":{"jetpack_post_was_ever_published":false,"_jetpack_newsletter_access":"","_jetpack_dont_email_post_to_subs":false,"_jetpack_newsletter_tier_id":0,"_jetpack_memberships_contains_paywalled_content":false,"_jetpack_memberships_contains_paid_content":false,"footnotes":""},"categories":[18],"tags":[],"class_list":["post-3762","post","type-post","status-publish","format-standard","hentry","category-sem-categoria"],"jetpack_featured_media_url":"","jetpack_sharing_enabled":true,"jetpack_shortlink":"https:\/\/wp.me\/s6S2gY-3762","_links":{"self":[{"href":"https:\/\/wp.ufpel.edu.br\/ib\/wp-json\/wp\/v2\/posts\/3762","targetHints":{"allow":["GET"]}}],"collection":[{"href":"https:\/\/wp.ufpel.edu.br\/ib\/wp-json\/wp\/v2\/posts"}],"about":[{"href":"https:\/\/wp.ufpel.edu.br\/ib\/wp-json\/wp\/v2\/types\/post"}],"author":[{"embeddable":true,"href":"https:\/\/wp.ufpel.edu.br\/ib\/wp-json\/wp\/v2\/users\/488"}],"replies":[{"embeddable":true,"href":"https:\/\/wp.ufpel.edu.br\/ib\/wp-json\/wp\/v2\/comments?post=3762"}],"version-history":[{"count":10,"href":"https:\/\/wp.ufpel.edu.br\/ib\/wp-json\/wp\/v2\/posts\/3762\/revisions"}],"predecessor-version":[{"id":3777,"href":"https:\/\/wp.ufpel.edu.br\/ib\/wp-json\/wp\/v2\/posts\/3762\/revisions\/3777"}],"wp:attachment":[{"href":"https:\/\/wp.ufpel.edu.br\/ib\/wp-json\/wp\/v2\/media?parent=3762"}],"wp:term":[{"taxonomy":"category","embeddable":true,"href":"https:\/\/wp.ufpel.edu.br\/ib\/wp-json\/wp\/v2\/categories?post=3762"},{"taxonomy":"post_tag","embeddable":true,"href":"https:\/\/wp.ufpel.edu.br\/ib\/wp-json\/wp\/v2\/tags?post=3762"}],"curies":[{"name":"wp","href":"https:\/\/api.w.org\/{rel}","templated":true}]}}