{"id":3753,"date":"2022-08-30T15:25:10","date_gmt":"2022-08-30T18:25:10","guid":{"rendered":"https:\/\/wp.ufpel.edu.br\/ib\/?p=3753"},"modified":"2022-08-30T15:45:10","modified_gmt":"2022-08-30T18:45:10","slug":"professores-da-ufpel-participam-de-congresso-internacional-de-fotossintese","status":"publish","type":"post","link":"https:\/\/wp.ufpel.edu.br\/ib\/2022\/08\/30\/professores-da-ufpel-participam-de-congresso-internacional-de-fotossintese\/","title":{"rendered":"PROFESSORES DA UFPel PARTICIPAM DE CONGRESSO INTERNACIONAL DE FOTOSS\u00cdNTESE"},"content":{"rendered":"<p style=\"text-align: justify;\">O Instituto de Biologia e a Faculdade de Agronomia Eliseu Maciel estiveram representados no \u201c<strong>International Congress of Photosynthesis Research 2022<\/strong>\u201d pela participa\u00e7\u00e3o do Professor Marcos Antonio Baccarin e da Professora Andr\u00e9a Bittencourt Moura. O congresso aconteceu entre os dias 30 de junho e 5 de agosto na cidade de Dunedin, Nova Zel\u00e2ndia. Durante o evento, que \u00e9 o maior e mais importante congresso mundial na \u00e1rea de fotoss\u00edntese, foram apresentados trabalhos desenvolvidos pelos professores da Universidade Federal de Pelotas (UFPel), que atuam no Programa de Monitoramento da Biodiversidade Aqu\u00e1tica da \u00c1rea Ambiental I, por\u00e7\u00e3o capixaba do rio Doce e regi\u00e3o marinha e costeira adjacente (PMBA). Esse projeto faz parte do Acordo de Coopera\u00e7\u00e3o T\u00e9cnica-Cient\u00edfica firmado entre a Funda\u00e7\u00e3o Renova e Funda\u00e7\u00e3o Esp\u00edrito-Santense de Tecnologia (Fest) com anu\u00eancia da Universidade Federal do Esp\u00edrito Santo (UFES), que visa avalia\u00e7\u00f5es sobre a biodiversidade da regi\u00e3o impactada pelo rompimento da Barragem de Fund\u00e3o, em Mariana (MG) que ocorreu em 2015. Os professores da UFPel atuam na compreens\u00e3o da din\u00e2mica da fotoss\u00edntese das plantas da Restinga localizada na regi\u00e3o costeira do Estado do Esp\u00edrito Santo impactadas pelos rejeitos da Barragem do Fund\u00e3o. A restinga \u00e9 uma \u00e1rea estudada do ambiente costeiro que comp\u00f5em o PMBA, onde os professores Andr\u00e9a Moura (FAEM) e Marcos Baccarin (IB) da UFPel participam ativamente, sob coordena\u00e7\u00e3o da Professora Diolina Moura Silva (UFES).<\/p>\n<p style=\"text-align: center;\"><a href=\"https:\/\/wp.ufpel.edu.br\/ib\/files\/2022\/08\/Prof.-Marcos-Baccarin-IB-scaled.jpg\"><img class=\"alignnone size-medium wp-image-3755\" src=\"https:\/\/wp.ufpel.edu.br\/ib\/files\/2022\/08\/Prof.-Marcos-Baccarin-IB-400x326.jpg\" alt=\"\" width=\"400\" height=\"326\" srcset=\"https:\/\/wp.ufpel.edu.br\/ib\/files\/2022\/08\/Prof.-Marcos-Baccarin-IB-400x326.jpg 400w, https:\/\/wp.ufpel.edu.br\/ib\/files\/2022\/08\/Prof.-Marcos-Baccarin-IB-1024x835.jpg 1024w, https:\/\/wp.ufpel.edu.br\/ib\/files\/2022\/08\/Prof.-Marcos-Baccarin-IB-768x626.jpg 768w, https:\/\/wp.ufpel.edu.br\/ib\/files\/2022\/08\/Prof.-Marcos-Baccarin-IB-1536x1253.jpg 1536w, https:\/\/wp.ufpel.edu.br\/ib\/files\/2022\/08\/Prof.-Marcos-Baccarin-IB-2048x1671.jpg 2048w\" sizes=\"(max-width: 400px) 100vw, 400px\" \/><\/a><\/p>\n<p><a href=\"https:\/\/wp.ufpel.edu.br\/ib\/files\/2022\/08\/PHOTO-2022-08-30-15-42-28.jpg\"><img class=\"size-medium wp-image-3757 aligncenter\" src=\"https:\/\/wp.ufpel.edu.br\/ib\/files\/2022\/08\/PHOTO-2022-08-30-15-42-28-400x346.jpg\" alt=\"\" width=\"400\" height=\"346\" srcset=\"https:\/\/wp.ufpel.edu.br\/ib\/files\/2022\/08\/PHOTO-2022-08-30-15-42-28-400x346.jpg 400w, https:\/\/wp.ufpel.edu.br\/ib\/files\/2022\/08\/PHOTO-2022-08-30-15-42-28-1024x884.jpg 1024w, https:\/\/wp.ufpel.edu.br\/ib\/files\/2022\/08\/PHOTO-2022-08-30-15-42-28-768x663.jpg 768w, https:\/\/wp.ufpel.edu.br\/ib\/files\/2022\/08\/PHOTO-2022-08-30-15-42-28-1536x1327.jpg 1536w, https:\/\/wp.ufpel.edu.br\/ib\/files\/2022\/08\/PHOTO-2022-08-30-15-42-28.jpg 1600w\" sizes=\"(max-width: 400px) 100vw, 400px\" \/><\/a><\/p>\n","protected":false},"excerpt":{"rendered":"<p>O Instituto de Biologia e a Faculdade de Agronomia Eliseu Maciel estiveram representados no \u201cInternational Congress of Photosynthesis Research 2022\u201d pela participa\u00e7\u00e3o do Professor Marcos Antonio Baccarin e da Professora Andr\u00e9a Bittencourt Moura. O congresso aconteceu entre os dias 30 de junho e 5 de agosto na cidade de Dunedin, Nova Zel\u00e2ndia. Durante o evento, [&hellip;]<\/p>\n","protected":false},"author":488,"featured_media":0,"comment_status":"closed","ping_status":"closed","sticky":false,"template":"","format":"standard","meta":{"jetpack_post_was_ever_published":false,"_jetpack_newsletter_access":"","_jetpack_dont_email_post_to_subs":false,"_jetpack_newsletter_tier_id":0,"_jetpack_memberships_contains_paywalled_content":false,"_jetpack_memberships_contains_paid_content":false,"footnotes":""},"categories":[18],"tags":[],"class_list":["post-3753","post","type-post","status-publish","format-standard","hentry","category-sem-categoria"],"jetpack_featured_media_url":"","jetpack_sharing_enabled":true,"jetpack_shortlink":"https:\/\/wp.me\/p6S2gY-Yx","_links":{"self":[{"href":"https:\/\/wp.ufpel.edu.br\/ib\/wp-json\/wp\/v2\/posts\/3753","targetHints":{"allow":["GET"]}}],"collection":[{"href":"https:\/\/wp.ufpel.edu.br\/ib\/wp-json\/wp\/v2\/posts"}],"about":[{"href":"https:\/\/wp.ufpel.edu.br\/ib\/wp-json\/wp\/v2\/types\/post"}],"author":[{"embeddable":true,"href":"https:\/\/wp.ufpel.edu.br\/ib\/wp-json\/wp\/v2\/users\/488"}],"replies":[{"embeddable":true,"href":"https:\/\/wp.ufpel.edu.br\/ib\/wp-json\/wp\/v2\/comments?post=3753"}],"version-history":[{"count":3,"href":"https:\/\/wp.ufpel.edu.br\/ib\/wp-json\/wp\/v2\/posts\/3753\/revisions"}],"predecessor-version":[{"id":3759,"href":"https:\/\/wp.ufpel.edu.br\/ib\/wp-json\/wp\/v2\/posts\/3753\/revisions\/3759"}],"wp:attachment":[{"href":"https:\/\/wp.ufpel.edu.br\/ib\/wp-json\/wp\/v2\/media?parent=3753"}],"wp:term":[{"taxonomy":"category","embeddable":true,"href":"https:\/\/wp.ufpel.edu.br\/ib\/wp-json\/wp\/v2\/categories?post=3753"},{"taxonomy":"post_tag","embeddable":true,"href":"https:\/\/wp.ufpel.edu.br\/ib\/wp-json\/wp\/v2\/tags?post=3753"}],"curies":[{"name":"wp","href":"https:\/\/api.w.org\/{rel}","templated":true}]}}