{"id":3745,"date":"2022-08-26T16:25:59","date_gmt":"2022-08-26T19:25:59","guid":{"rendered":"https:\/\/wp.ufpel.edu.br\/ib\/?p=3745"},"modified":"2022-08-26T16:28:48","modified_gmt":"2022-08-26T19:28:48","slug":"resultado-apuracao-de-votos-eleicao-direcao-ib","status":"publish","type":"post","link":"https:\/\/wp.ufpel.edu.br\/ib\/2022\/08\/26\/resultado-apuracao-de-votos-eleicao-direcao-ib\/","title":{"rendered":"Resultado apura\u00e7\u00e3o de votos elei\u00e7\u00e3o Dire\u00e7\u00e3o IB"},"content":{"rendered":"<p style=\"text-align: justify;\">A COE publica os resultados do processo eleitoral para Dire\u00e7\u00e3o, Vice-Dire\u00e7\u00e3o e Chefia do N\u00facleo Administrativo que foram apresentados na abertura das urnas\u00a0 no sistema <em>Helius Votin<\/em>g. A abertura foi acompanhada pela COE, por membros da Chapa inscrita e outros participantes, uma vez que, a sess\u00e3o foi aberta e o convite de acesso \u00e0 sala divulgado previamente. A convers\u00e3o dos n\u00fameros absolutos de cada categoria para seus referidos pesos foi realizada posteriormente e se encontra na <a href=\"https:\/\/drive.google.com\/file\/d\/1NGv_090-B1-IL8EsfZT_oR0JZgVrvGmZ\/view?usp=sharing\" target=\"_blank\" rel=\"noopener\">Ata<\/a> aqui divulgada na \u00edntegra a pedido da COE. Transcorrido o per\u00edodo para recurso, ser\u00e1 enviada ao CD (no dia 30\/08\/2022) a <a href=\"https:\/\/drive.google.com\/file\/d\/1NGv_090-B1-IL8EsfZT_oR0JZgVrvGmZ\/view?usp=sharing\" target=\"_blank\" rel=\"noopener\">ATA<\/a> com resultado final, que a princ\u00edpio, ser\u00e1 apenas a transcri\u00e7\u00e3o desta.<\/p>\n","protected":false},"excerpt":{"rendered":"<p>A COE publica os resultados do processo eleitoral para Dire\u00e7\u00e3o, Vice-Dire\u00e7\u00e3o e Chefia do N\u00facleo Administrativo que foram apresentados na abertura das urnas\u00a0 no sistema Helius Voting. A abertura foi acompanhada pela COE, por membros da Chapa inscrita e outros participantes, uma vez que, a sess\u00e3o foi aberta e o convite de acesso \u00e0 sala [&hellip;]<\/p>\n","protected":false},"author":488,"featured_media":0,"comment_status":"closed","ping_status":"closed","sticky":false,"template":"","format":"standard","meta":{"jetpack_post_was_ever_published":false,"_jetpack_newsletter_access":"","_jetpack_dont_email_post_to_subs":false,"_jetpack_newsletter_tier_id":0,"_jetpack_memberships_contains_paywalled_content":false,"_jetpack_memberships_contains_paid_content":false,"footnotes":""},"categories":[18],"tags":[],"class_list":["post-3745","post","type-post","status-publish","format-standard","hentry","category-sem-categoria"],"jetpack_featured_media_url":"","jetpack_sharing_enabled":true,"jetpack_shortlink":"https:\/\/wp.me\/p6S2gY-Yp","_links":{"self":[{"href":"https:\/\/wp.ufpel.edu.br\/ib\/wp-json\/wp\/v2\/posts\/3745","targetHints":{"allow":["GET"]}}],"collection":[{"href":"https:\/\/wp.ufpel.edu.br\/ib\/wp-json\/wp\/v2\/posts"}],"about":[{"href":"https:\/\/wp.ufpel.edu.br\/ib\/wp-json\/wp\/v2\/types\/post"}],"author":[{"embeddable":true,"href":"https:\/\/wp.ufpel.edu.br\/ib\/wp-json\/wp\/v2\/users\/488"}],"replies":[{"embeddable":true,"href":"https:\/\/wp.ufpel.edu.br\/ib\/wp-json\/wp\/v2\/comments?post=3745"}],"version-history":[{"count":1,"href":"https:\/\/wp.ufpel.edu.br\/ib\/wp-json\/wp\/v2\/posts\/3745\/revisions"}],"predecessor-version":[{"id":3747,"href":"https:\/\/wp.ufpel.edu.br\/ib\/wp-json\/wp\/v2\/posts\/3745\/revisions\/3747"}],"wp:attachment":[{"href":"https:\/\/wp.ufpel.edu.br\/ib\/wp-json\/wp\/v2\/media?parent=3745"}],"wp:term":[{"taxonomy":"category","embeddable":true,"href":"https:\/\/wp.ufpel.edu.br\/ib\/wp-json\/wp\/v2\/categories?post=3745"},{"taxonomy":"post_tag","embeddable":true,"href":"https:\/\/wp.ufpel.edu.br\/ib\/wp-json\/wp\/v2\/tags?post=3745"}],"curies":[{"name":"wp","href":"https:\/\/api.w.org\/{rel}","templated":true}]}}