{"id":3725,"date":"2022-08-19T12:33:04","date_gmt":"2022-08-19T15:33:04","guid":{"rendered":"https:\/\/wp.ufpel.edu.br\/ib\/?p=3725"},"modified":"2022-08-19T13:00:35","modified_gmt":"2022-08-19T16:00:35","slug":"formandos-reunem-com-patrono-paraninfo-e-homenageados","status":"publish","type":"post","link":"https:\/\/wp.ufpel.edu.br\/ib\/2022\/08\/19\/formandos-reunem-com-patrono-paraninfo-e-homenageados\/","title":{"rendered":"Formandos re\u00fanem patrono, paraninfo e homenageados"},"content":{"rendered":"<p style=\"text-align: justify;\">Os formandos dos Cursos de Licenciatura e Bacharelado em Ci\u00eancias Biol\u00f3gicas com o apoio da Dire\u00e7\u00e3o do Instituto surpreenderam seus homenageados na sala de reuni\u00f5es da Unidade. Os professores <a href=\"http:\/\/lattes.cnpq.br\/6359004654161204\" target=\"_blank\" rel=\"noopener\">Ricardo Berteaux Robaldo<\/a> e <a href=\"http:\/\/lattes.cnpq.br\/6722497708487528\" target=\"_blank\" rel=\"noopener\">Cristiano Agra Iserhard<\/a> foram eleitos como patrono e paraninfo do Curso de Bacharelado, enquanto que, os professores <a href=\"http:\/\/lattes.cnpq.br\/7398906470318595\" target=\"_blank\" rel=\"noopener\">Edison Zefa<\/a> e <a href=\"http:\/\/lattes.cnpq.br\/9728029816153245\" target=\"_blank\" rel=\"noopener\">Jo\u00e3o Ricardo Vieira Iganci<\/a> foram no Curso de Licenciatura, respectivamente. Os professores homenageados foram <a href=\"http:\/\/lattes.cnpq.br\/1453061038778250\" target=\"_blank\" rel=\"noopener\">Ana Maria Rui<\/a>, <a href=\"http:\/\/lattes.cnpq.br\/5055819683442138\" target=\"_blank\" rel=\"noopener\">Marla Piumbini Rocha<\/a>, <a href=\"http:\/\/lattes.cnpq.br\/3945403130131807\" target=\"_blank\" rel=\"noopener\">Raquel L\u00fcdtke<\/a> e <a href=\"http:\/\/lattes.cnpq.br\/9327222157358583\" target=\"_blank\" rel=\"noopener\">Francele Abreu Carlan<\/a> e os TAEs <a href=\"https:\/\/institucional.ufpel.edu.br\/servidores\/siape\/419864\" target=\"_blank\" rel=\"noopener\">Alvaro Miguel Moreira Martins<\/a> e <a href=\"http:\/\/lattes.cnpq.br\/8201265397369670\" target=\"_blank\" rel=\"noopener\">Marco Antonio Afonso Coimbra<\/a>. Tamb\u00e9m foram homenageados os professores<a href=\"http:\/\/lattes.cnpq.br\/1040777501524933\" target=\"_blank\" rel=\"noopener\"> Cesar Jaeger Drehmer<\/a> e <a href=\"http:\/\/lattes.cnpq.br\/9199716328773316\" target=\"_blank\" rel=\"noopener\">Rita de Cassia Morem Cossio Rodrigues<\/a> que n\u00e3o puderam estar presentes. Ap\u00f3s a recep\u00e7\u00e3o com som de charanga os homenageados foram confraternizar na \u00a8Casa da Bruxa&#8221;. Parab\u00e9ns aos formandos e aos colegas homenageados.<\/p>\n<p><a href=\"https:\/\/wp.ufpel.edu.br\/ib\/files\/2022\/08\/WhatsApp-Image-2022-08-19-at-12.28.02.jpeg\"><img class=\"size-medium wp-image-3729 aligncenter\" src=\"https:\/\/wp.ufpel.edu.br\/ib\/files\/2022\/08\/WhatsApp-Image-2022-08-19-at-12.28.02-400x300.jpeg\" alt=\"\" width=\"400\" height=\"300\" srcset=\"https:\/\/wp.ufpel.edu.br\/ib\/files\/2022\/08\/WhatsApp-Image-2022-08-19-at-12.28.02-400x300.jpeg 400w, https:\/\/wp.ufpel.edu.br\/ib\/files\/2022\/08\/WhatsApp-Image-2022-08-19-at-12.28.02-768x576.jpeg 768w, https:\/\/wp.ufpel.edu.br\/ib\/files\/2022\/08\/WhatsApp-Image-2022-08-19-at-12.28.02.jpeg 1024w\" sizes=\"(max-width: 400px) 100vw, 400px\" \/><\/a><\/p>\n<p style=\"text-align: center;\"><a href=\"https:\/\/wp.ufpel.edu.br\/ib\/files\/2022\/08\/WhatsApp-Image-2022-08-19-at-12.27.42.jpeg\"><img class=\"size-medium wp-image-3728 aligncenter\" src=\"https:\/\/wp.ufpel.edu.br\/ib\/files\/2022\/08\/WhatsApp-Image-2022-08-19-at-12.27.42-400x300.jpeg\" alt=\"\" width=\"400\" height=\"300\" srcset=\"https:\/\/wp.ufpel.edu.br\/ib\/files\/2022\/08\/WhatsApp-Image-2022-08-19-at-12.27.42-400x300.jpeg 400w, https:\/\/wp.ufpel.edu.br\/ib\/files\/2022\/08\/WhatsApp-Image-2022-08-19-at-12.27.42-768x576.jpeg 768w, https:\/\/wp.ufpel.edu.br\/ib\/files\/2022\/08\/WhatsApp-Image-2022-08-19-at-12.27.42.jpeg 1024w\" sizes=\"(max-width: 400px) 100vw, 400px\" \/><\/a><a href=\"https:\/\/wp.ufpel.edu.br\/ib\/files\/2022\/08\/WhatsApp-Image-2022-08-19-at-12.28.31.jpeg\"><img class=\"alignnone size-medium wp-image-3730\" src=\"https:\/\/wp.ufpel.edu.br\/ib\/files\/2022\/08\/WhatsApp-Image-2022-08-19-at-12.28.31-400x300.jpeg\" alt=\"\" width=\"400\" height=\"300\" srcset=\"https:\/\/wp.ufpel.edu.br\/ib\/files\/2022\/08\/WhatsApp-Image-2022-08-19-at-12.28.31-400x300.jpeg 400w, https:\/\/wp.ufpel.edu.br\/ib\/files\/2022\/08\/WhatsApp-Image-2022-08-19-at-12.28.31-768x576.jpeg 768w, https:\/\/wp.ufpel.edu.br\/ib\/files\/2022\/08\/WhatsApp-Image-2022-08-19-at-12.28.31.jpeg 1024w\" sizes=\"(max-width: 400px) 100vw, 400px\" \/><\/a><\/p>\n<p>&nbsp;<\/p>\n<p><a href=\"https:\/\/wp.ufpel.edu.br\/ib\/files\/2022\/08\/WhatsApp-Image-2022-08-19-at-12.27.11.jpeg\"><img class=\"size-medium wp-image-3727 aligncenter\" src=\"https:\/\/wp.ufpel.edu.br\/ib\/files\/2022\/08\/WhatsApp-Image-2022-08-19-at-12.27.11-400x300.jpeg\" alt=\"\" width=\"400\" height=\"300\" srcset=\"https:\/\/wp.ufpel.edu.br\/ib\/files\/2022\/08\/WhatsApp-Image-2022-08-19-at-12.27.11-400x300.jpeg 400w, https:\/\/wp.ufpel.edu.br\/ib\/files\/2022\/08\/WhatsApp-Image-2022-08-19-at-12.27.11-768x576.jpeg 768w, https:\/\/wp.ufpel.edu.br\/ib\/files\/2022\/08\/WhatsApp-Image-2022-08-19-at-12.27.11.jpeg 1024w\" sizes=\"(max-width: 400px) 100vw, 400px\" \/><\/a><\/p>\n","protected":false},"excerpt":{"rendered":"<p>Os formandos dos Cursos de Licenciatura e Bacharelado em Ci\u00eancias Biol\u00f3gicas com o apoio da Dire\u00e7\u00e3o do Instituto surpreenderam seus homenageados na sala de reuni\u00f5es da Unidade. Os professores Ricardo Berteaux Robaldo e Cristiano Agra Iserhard foram eleitos como patrono e paraninfo do Curso de Bacharelado, enquanto que, os professores Edison Zefa e Jo\u00e3o Ricardo [&hellip;]<\/p>\n","protected":false},"author":488,"featured_media":0,"comment_status":"closed","ping_status":"closed","sticky":false,"template":"","format":"standard","meta":{"jetpack_post_was_ever_published":false,"_jetpack_newsletter_access":"","_jetpack_dont_email_post_to_subs":false,"_jetpack_newsletter_tier_id":0,"_jetpack_memberships_contains_paywalled_content":false,"_jetpack_memberships_contains_paid_content":false,"footnotes":""},"categories":[18],"tags":[],"class_list":["post-3725","post","type-post","status-publish","format-standard","hentry","category-sem-categoria"],"jetpack_featured_media_url":"","jetpack_sharing_enabled":true,"jetpack_shortlink":"https:\/\/wp.me\/p6S2gY-Y5","_links":{"self":[{"href":"https:\/\/wp.ufpel.edu.br\/ib\/wp-json\/wp\/v2\/posts\/3725","targetHints":{"allow":["GET"]}}],"collection":[{"href":"https:\/\/wp.ufpel.edu.br\/ib\/wp-json\/wp\/v2\/posts"}],"about":[{"href":"https:\/\/wp.ufpel.edu.br\/ib\/wp-json\/wp\/v2\/types\/post"}],"author":[{"embeddable":true,"href":"https:\/\/wp.ufpel.edu.br\/ib\/wp-json\/wp\/v2\/users\/488"}],"replies":[{"embeddable":true,"href":"https:\/\/wp.ufpel.edu.br\/ib\/wp-json\/wp\/v2\/comments?post=3725"}],"version-history":[{"count":7,"href":"https:\/\/wp.ufpel.edu.br\/ib\/wp-json\/wp\/v2\/posts\/3725\/revisions"}],"predecessor-version":[{"id":3737,"href":"https:\/\/wp.ufpel.edu.br\/ib\/wp-json\/wp\/v2\/posts\/3725\/revisions\/3737"}],"wp:attachment":[{"href":"https:\/\/wp.ufpel.edu.br\/ib\/wp-json\/wp\/v2\/media?parent=3725"}],"wp:term":[{"taxonomy":"category","embeddable":true,"href":"https:\/\/wp.ufpel.edu.br\/ib\/wp-json\/wp\/v2\/categories?post=3725"},{"taxonomy":"post_tag","embeddable":true,"href":"https:\/\/wp.ufpel.edu.br\/ib\/wp-json\/wp\/v2\/tags?post=3725"}],"curies":[{"name":"wp","href":"https:\/\/api.w.org\/{rel}","templated":true}]}}