{"id":3704,"date":"2022-08-09T09:34:43","date_gmt":"2022-08-09T12:34:43","guid":{"rendered":"https:\/\/wp.ufpel.edu.br\/ib\/?p=3704"},"modified":"2022-08-09T09:39:58","modified_gmt":"2022-08-09T12:39:58","slug":"alunos-do-curso-de-ciencias-biologicas-foram-premiados-durante-curso-de-botanica-no-inverno-da-usp","status":"publish","type":"post","link":"https:\/\/wp.ufpel.edu.br\/ib\/2022\/08\/09\/alunos-do-curso-de-ciencias-biologicas-foram-premiados-durante-curso-de-botanica-no-inverno-da-usp\/","title":{"rendered":"Alunos do Curso de Ci\u00eancias Biol\u00f3gicas foram premiados durante curso de Bot\u00e2nica no Inverno da USP"},"content":{"rendered":"<p style=\"text-align: justify;\">Os alunos do curso de Ci\u00eancias Biol\u00f3gicas &#8211; Licenciatura, <a href=\"http:\/\/lattes.cnpq.br\/2722985811749333\" target=\"_blank\" rel=\"noopener\">Taciane Schr\u00f6der Jorge<\/a> e <a href=\"http:\/\/lattes.cnpq.br\/8861659731506269\" target=\"_blank\" rel=\"noopener\">Fernando Fernandes de Oliveira Neto<\/a> foram premiados durante o curso Bot\u00e2nica no Inverno, promovido pela Universidade de S\u00e3o Paulo. Assim como Fernando e Taciane, outros alunos dos cursos de Ci\u00eancias Biol\u00f3gicas da UFPel j\u00e1 foram selecionados para participar do curso, que \u00e9 extremamente concorrido por estudantes de todos os estados do Brasil. Al\u00e9m de serem selecionados, Fernando e Taciane tiveram a oportunidade de apresentar seus trabalhos desenvolvidos junto ao Departamento de Bot\u00e2nica, Instituto de Biologia. Ambos desenvolvem atividades de ensino, pesquisa e extens\u00e3o relacionadas \u00e0 Flora do Pontal da Barra do Laranjal, no munic\u00edpio de Pelotas. Os estudos contribuem para o conhecimento da flora local, evidenciando a presen\u00e7a de esp\u00e9cies raras e amea\u00e7adas de extin\u00e7\u00e3o. Assim, os resultados re\u00fanem esfor\u00e7os \u00e0s iniciativas de conserva\u00e7\u00e3o da \u00e1rea, um dos mais representativos remanescentes da biodiversidade local no munic\u00edpio de Pelotas.<\/p>\n<p style=\"text-align: center;\"><a href=\"https:\/\/wp.ufpel.edu.br\/ib\/files\/2022\/08\/Fernando-Taciane-Botanica-no-Inverno-1.png\"><img class=\"alignnone size-medium wp-image-3708\" src=\"https:\/\/wp.ufpel.edu.br\/ib\/files\/2022\/08\/Fernando-Taciane-Botanica-no-Inverno-1-344x400.png\" alt=\"\" width=\"344\" height=\"400\" srcset=\"https:\/\/wp.ufpel.edu.br\/ib\/files\/2022\/08\/Fernando-Taciane-Botanica-no-Inverno-1-344x400.png 344w, https:\/\/wp.ufpel.edu.br\/ib\/files\/2022\/08\/Fernando-Taciane-Botanica-no-Inverno-1-768x892.png 768w, https:\/\/wp.ufpel.edu.br\/ib\/files\/2022\/08\/Fernando-Taciane-Botanica-no-Inverno-1.png 809w\" sizes=\"(max-width: 344px) 100vw, 344px\" \/><\/a><\/p>\n<p>&nbsp;<\/p>\n","protected":false},"excerpt":{"rendered":"<p>Os alunos do curso de Ci\u00eancias Biol\u00f3gicas &#8211; Licenciatura, Taciane Schr\u00f6der Jorge e Fernando Fernandes de Oliveira Neto foram premiados durante o curso Bot\u00e2nica no Inverno, promovido pela Universidade de S\u00e3o Paulo. Assim como Fernando e Taciane, outros alunos dos cursos de Ci\u00eancias Biol\u00f3gicas da UFPel j\u00e1 foram selecionados para participar do curso, que \u00e9 [&hellip;]<\/p>\n","protected":false},"author":488,"featured_media":0,"comment_status":"closed","ping_status":"closed","sticky":false,"template":"","format":"standard","meta":{"jetpack_post_was_ever_published":false,"_jetpack_newsletter_access":"","_jetpack_dont_email_post_to_subs":false,"_jetpack_newsletter_tier_id":0,"_jetpack_memberships_contains_paywalled_content":false,"_jetpack_memberships_contains_paid_content":false,"footnotes":""},"categories":[18],"tags":[],"class_list":["post-3704","post","type-post","status-publish","format-standard","hentry","category-sem-categoria"],"jetpack_featured_media_url":"","jetpack_sharing_enabled":true,"jetpack_shortlink":"https:\/\/wp.me\/p6S2gY-XK","_links":{"self":[{"href":"https:\/\/wp.ufpel.edu.br\/ib\/wp-json\/wp\/v2\/posts\/3704","targetHints":{"allow":["GET"]}}],"collection":[{"href":"https:\/\/wp.ufpel.edu.br\/ib\/wp-json\/wp\/v2\/posts"}],"about":[{"href":"https:\/\/wp.ufpel.edu.br\/ib\/wp-json\/wp\/v2\/types\/post"}],"author":[{"embeddable":true,"href":"https:\/\/wp.ufpel.edu.br\/ib\/wp-json\/wp\/v2\/users\/488"}],"replies":[{"embeddable":true,"href":"https:\/\/wp.ufpel.edu.br\/ib\/wp-json\/wp\/v2\/comments?post=3704"}],"version-history":[{"count":4,"href":"https:\/\/wp.ufpel.edu.br\/ib\/wp-json\/wp\/v2\/posts\/3704\/revisions"}],"predecessor-version":[{"id":3711,"href":"https:\/\/wp.ufpel.edu.br\/ib\/wp-json\/wp\/v2\/posts\/3704\/revisions\/3711"}],"wp:attachment":[{"href":"https:\/\/wp.ufpel.edu.br\/ib\/wp-json\/wp\/v2\/media?parent=3704"}],"wp:term":[{"taxonomy":"category","embeddable":true,"href":"https:\/\/wp.ufpel.edu.br\/ib\/wp-json\/wp\/v2\/categories?post=3704"},{"taxonomy":"post_tag","embeddable":true,"href":"https:\/\/wp.ufpel.edu.br\/ib\/wp-json\/wp\/v2\/tags?post=3704"}],"curies":[{"name":"wp","href":"https:\/\/api.w.org\/{rel}","templated":true}]}}