{"id":3431,"date":"2022-04-29T20:28:03","date_gmt":"2022-04-29T23:28:03","guid":{"rendered":"https:\/\/wp.ufpel.edu.br\/ib\/?p=3431"},"modified":"2022-04-29T20:33:15","modified_gmt":"2022-04-29T23:33:15","slug":"seminario-de-encerramento-do-curso-de-aperfeicoamento-em-saee-ted","status":"publish","type":"post","link":"https:\/\/wp.ufpel.edu.br\/ib\/2022\/04\/29\/seminario-de-encerramento-do-curso-de-aperfeicoamento-em-saee-ted\/","title":{"rendered":"Semin\u00e1rio de encerramento do Curso de Aperfei\u00e7oamento em SAEE-TED"},"content":{"rendered":"<p style=\"text-align: justify;\">\u00a0 \u00a0 \u00a0 \u00a0 \u00a0 \u00a0 \u00a0 \u00a0 Nessa noite de sexta feira (29\/04\/2022) est\u00e1 ocorrendo o semin\u00e1rio de encerramento do CURSO DE APERFEI\u00c7OAMENTE EM SERVI\u00c7O DE ATENDIMENTO EDUCACIONAL ESPECIALIZADO \u2013 TRANSTORNO DO ESPECTRO AUTISTA (link de acesso : https:\/\/www.youtube.com\/watch?v=iBonM97Zku0). O evento foi aberto pelo Diretor do Instituto de Biologia professor <a href=\"http:\/\/lattes.cnpq.br\/7956000492760191\" target=\"_blank\" rel=\"noopener\">Luiz Fernando Minello<\/a> que abordou a import\u00e2ncia dos Cursos, da qualidade da equipe e do aumento de diagn\u00f3sticos de pessoas com TEA, assim como a necessidade do atendimento precoce e o vi\u00e9s da mercantiliza\u00e7\u00e3o que ocorre em fun\u00e7\u00e3o de diversos fatores como desespero, desestrutura\u00e7\u00e3o e cren\u00e7as religiosas mescladas a modismos em redes sociais. Ressaltou a necessidade do foco nos interesses e capacidades dessas pessoas. Agradeceu a equipe organizadora do Curso em nome da professora <a href=\"http:\/\/lattes.cnpq.br\/9199716328773316\" target=\"_blank\" rel=\"noopener\">Rita Rodriguez<\/a>, aos participantes do Curso e desejou \u00eaxito a tod@s. Prosseguindo a professora Rita Rodriguez deu as boas vindas aos participantes do curso, falou sobre sua import\u00e2ncia, da dedica\u00e7\u00e3o do grupo de trabalho e dos participantes, do lugar do autista em todos lugares e fez um relato de uma menina que ao ser informada pela professora na escola que tinha um colega com TEA-3 explicou em sua casa que sabia o que era, pois percebeu que isso observando os comportamentos do colega diante de distintas situa\u00e7\u00f5es que poderiam ser amenizados simplesmente com aten\u00e7\u00e3o e acolhimento, seguiu falando sobre os cursos e novas vers\u00f5es deles que come\u00e7ar\u00e3o as atividades nas pr\u00f3ximas semanas. Paralelamente as falas os int\u00e9rpretes de LIBRAS <a href=\"http:\/\/lattes.cnpq.br\/3582604013469153\" target=\"_blank\" rel=\"noopener\">N\u00e1dia Porto<\/a> e <a href=\"http:\/\/lattes.cnpq.br\/0321422367962126\" target=\"_blank\" rel=\"noopener\">Samir Rosa dos Santos<\/a> faziam a tradu\u00e7\u00e3o aos participantes do evento. Na sequ\u00eancia a pesquisadora <a href=\"http:\/\/lattes.cnpq.br\/8337958710401280\">D\u00e9bora Jacks<\/a>, Diretora do Centro de Atendimento ao Autista Doutor Danilo Rolim de Moura, professora pesquisadora do Curso de aperfei\u00e7oamento em AEE DI e TEA na UFPEL e Mestranda em Ensino pela UFPEL tamb\u00e9m fez sua manifesta\u00e7\u00e3o dando continuidade as falas sobre a import\u00e2ncia dos Cursos e do engajamento de cada um nesse processo. Em seguida passou a palavra a palestrante da noite<a href=\"http:\/\/lattes.cnpq.br\/1596170884621987\" target=\"_blank\" rel=\"noopener\"> Karla Wunder<\/a>, mas antes recordou que haver\u00e1 uma surpresa aos participantes do Curso ao final do semin\u00e1rio de encerramento e que j\u00e1 antecipamos atrav\u00e9s do link (https:\/\/onedrive.live.com\/?authkey=%21ANctA48T4tANng8&amp;cid=EEFD9D4EFF82A634&amp;id=EEFD9D4EFF82A634%21205562&amp;parId=EEFD9D4EFF82A634%211416&amp;o=OneUp). A palestrante da noite abordou o tema \u201c<strong>Pensando sobre os processos inclusivos. Qual meu papel nessa engrenagem<\/strong>&#8220;. \u00a0Parab\u00e9ns a equipe de trabalho da professora Rita Rodrigues e que venham os pr\u00f3ximos Cursos.<\/p>\n<p style=\"text-align: center;\"><a href=\"https:\/\/wp.ufpel.edu.br\/ib\/files\/2022\/04\/WhatsApp-Image-2022-04-29-at-20.26.57.jpeg\"><img class=\"alignnone size-medium wp-image-3438\" src=\"https:\/\/wp.ufpel.edu.br\/ib\/files\/2022\/04\/WhatsApp-Image-2022-04-29-at-20.26.57-400x300.jpeg\" alt=\"\" width=\"400\" height=\"300\" \/><\/a><\/p>\n","protected":false},"excerpt":{"rendered":"<p>\u00a0 \u00a0 \u00a0 \u00a0 \u00a0 \u00a0 \u00a0 \u00a0 Nessa noite de sexta feira (29\/04\/2022) est\u00e1 ocorrendo o semin\u00e1rio de encerramento do CURSO DE APERFEI\u00c7OAMENTE EM SERVI\u00c7O DE ATENDIMENTO EDUCACIONAL ESPECIALIZADO \u2013 TRANSTORNO DO ESPECTRO AUTISTA (link de acesso : https:\/\/www.youtube.com\/watch?v=iBonM97Zku0). O evento foi aberto pelo Diretor do Instituto de Biologia professor Luiz Fernando Minello que [&hellip;]<\/p>\n","protected":false},"author":488,"featured_media":0,"comment_status":"closed","ping_status":"closed","sticky":false,"template":"","format":"standard","meta":{"jetpack_post_was_ever_published":false,"_jetpack_newsletter_access":"","_jetpack_dont_email_post_to_subs":false,"_jetpack_newsletter_tier_id":0,"_jetpack_memberships_contains_paywalled_content":false,"_jetpack_memberships_contains_paid_content":false,"footnotes":""},"categories":[18],"tags":[],"class_list":["post-3431","post","type-post","status-publish","format-standard","hentry","category-sem-categoria"],"jetpack_featured_media_url":"","jetpack_sharing_enabled":true,"jetpack_shortlink":"https:\/\/wp.me\/p6S2gY-Tl","_links":{"self":[{"href":"https:\/\/wp.ufpel.edu.br\/ib\/wp-json\/wp\/v2\/posts\/3431","targetHints":{"allow":["GET"]}}],"collection":[{"href":"https:\/\/wp.ufpel.edu.br\/ib\/wp-json\/wp\/v2\/posts"}],"about":[{"href":"https:\/\/wp.ufpel.edu.br\/ib\/wp-json\/wp\/v2\/types\/post"}],"author":[{"embeddable":true,"href":"https:\/\/wp.ufpel.edu.br\/ib\/wp-json\/wp\/v2\/users\/488"}],"replies":[{"embeddable":true,"href":"https:\/\/wp.ufpel.edu.br\/ib\/wp-json\/wp\/v2\/comments?post=3431"}],"version-history":[{"count":8,"href":"https:\/\/wp.ufpel.edu.br\/ib\/wp-json\/wp\/v2\/posts\/3431\/revisions"}],"predecessor-version":[{"id":3441,"href":"https:\/\/wp.ufpel.edu.br\/ib\/wp-json\/wp\/v2\/posts\/3431\/revisions\/3441"}],"wp:attachment":[{"href":"https:\/\/wp.ufpel.edu.br\/ib\/wp-json\/wp\/v2\/media?parent=3431"}],"wp:term":[{"taxonomy":"category","embeddable":true,"href":"https:\/\/wp.ufpel.edu.br\/ib\/wp-json\/wp\/v2\/categories?post=3431"},{"taxonomy":"post_tag","embeddable":true,"href":"https:\/\/wp.ufpel.edu.br\/ib\/wp-json\/wp\/v2\/tags?post=3431"}],"curies":[{"name":"wp","href":"https:\/\/api.w.org\/{rel}","templated":true}]}}