{"id":3089,"date":"2021-10-01T12:48:52","date_gmt":"2021-10-01T15:48:52","guid":{"rendered":"https:\/\/wp.ufpel.edu.br\/ib\/?p=3089"},"modified":"2021-10-01T12:58:28","modified_gmt":"2021-10-01T15:58:28","slug":"horarios-de-onibus-de-apoio-da-ufpel","status":"publish","type":"post","link":"https:\/\/wp.ufpel.edu.br\/ib\/2021\/10\/01\/horarios-de-onibus-de-apoio-da-ufpel\/","title":{"rendered":"Hor\u00e1rios de \u00f4nibus de apoio da UFPEL"},"content":{"rendered":"<p style=\"text-align: justify\">A pedido do Colegiado de Curso de Ci\u00eancias Biol\u00f3gicas divulgamos a tabela de hor\u00e1rios dos \u00f4nibus de apoio da UFPEL a partir do\u00a0 m\u00eas de outubro. As informa\u00e7\u00f5es foram encaminhadas pelo N\u00facleo de Transportes (NUTRANS) e s\u00e3o disponibilizadas a seguir.<\/p>\n<p style=\"text-align: justify\">O N\u00facleo de Transporte da UFPel informa que o Transporte de Apoio da Universidade \u00e9 um servi\u00e7o gratuito destinado a facilitar o deslocamento dos alunos entre os campi, tornando-o mais r\u00e1pido e seguro.<\/p>\n<p style=\"text-align: justify\">O transporte \u00e9 realizado por meio de frota pr\u00f3pria;<\/p>\n<p style=\"text-align: justify\">Os ve\u00edculos est\u00e3o identificados com o Logotipo da UFPel;<\/p>\n<p style=\"text-align: justify\">Os \u00f4nibus da UFPel est\u00e3o autorizados a realizar paradas para embarque e desembarque em locais da pr\u00f3pria Universidade, previamente divulgados;<\/p>\n<p style=\"text-align: justify\">A apresenta\u00e7\u00e3o da carteirinha da UFPel ou atestado de matr\u00edcula acompanhado de documento oficial (com foto) ser\u00e1 exigido para o embarque nos \u00f4nibus.<\/p>\n<p style=\"text-align: justify\">O in\u00edcio do servi\u00e7o ser\u00e1 a partir de<strong> 04 de Outubro<\/strong>, haja vista o retorno das atividades de aulas pr\u00e1ticas presenciais.<br \/>\n<strong>Linha da Palma<\/strong><br \/>\nVe\u00edculo: Micro-\u00f4nibus, placas IOQ-0735;<br \/>\nLocal de Sa\u00edda: Cap\u00e3o: <strong>Parada de \u00f4nibus ao lado do Pr\u00e9dio da FAEM;<\/strong><br \/>\n<strong>\u00a0 \u00a0 \u00a0 \u00a0 \u00a0 \u00a0 \u00a0 \u00a0 \u00a0 \u00a0 \u00a0 \u00a0 \u00a0 \u00a0 \u00a0 \u00a0 \u00a0 \u00a0 \u00a0 \u00a0 \u00a0Palma: Setor Pecu\u00e1ria da Palma<\/strong><br \/>\n<em>Hor\u00e1rio de sa\u00edda Campus Cap\u00e3o &#8211; Palma<\/em>: <strong>Segundas-feiras \u00e0s 07h:40min<\/strong> ;<br \/>\n<strong> \u00a0Quarta e Quintas-feiras \u00e0s 13h:30min;<\/strong><br \/>\n<em>Hor\u00e1rio de sa\u00edda Palma &#8211; Campus Cap\u00e3o<\/em>: <strong>Segundas-feiras \u00e0s 11h:10min ;<\/strong><br \/>\n<strong>\u00a0 \u00a0Quarta e Quintas-feiras \u00e0s 17h:10min;<\/strong><\/p>\n<p style=\"text-align: justify\"><strong>Linha Anglo<\/strong><br \/>\nVe\u00edculo: \u00d4nibus, placas IVM-4052;<br \/>\nItiner\u00e1rio:<br \/>\nAnglo &gt; Cotada &gt; CCHS &gt; Campus II &gt; Parada XV &gt; CEU &gt; FaMed &gt; Canguru &gt; CEU &gt; Parada XV &gt; Antigo Salis Goulart &gt; ALM &gt; Campus II\u00a0 &gt;FaUrb &gt; Cotada &gt; Anglo<\/p>\n<p style=\"text-align: justify\"><em>Hor\u00e1rios<\/em> (<strong>** Sa\u00edda da Parada da XV, Outros hor\u00e1rios Sa\u00edda do Anglo<\/strong>):<br \/>\n<strong>07:30** \/ 08:00 \/ 09:00 \/ 10:00 \/ 11:00 \/ 12:00 \/ 13:00 \/ 14:00 \/ 15:00 \/ 16:00 \/ 17:00 \/ 18:00<\/strong><\/p>\n<p style=\"text-align: justify\"><strong>Linha Odonto\/FaMed(Per\u00edodo \u00e0 noite)<\/strong><br \/>\nVe\u00edculo: \u00d4nibus, placas IVM-4052;<br \/>\nItiner\u00e1rio:<br \/>\nAntigo Salis Goulart &gt; ALM &gt; Campus II &gt; CEU &gt; FaMed &gt; Canguru &gt; CEU &gt; Parada XV &gt; Antigo Salis Goulart<\/p>\n<p style=\"text-align: justify\"><em>Hor\u00e1rios<\/em> (<strong>** Sa\u00edda da Parada Antigo Salis Goulart<\/strong>):<br \/>\n<strong>19:00 \/ 20:00 \/ 21:00 \/ 22:1<\/strong><\/p>\n<p><strong>Linha Cap\u00e3o:<\/strong><br \/>\nVe\u00edculos: \u00d4nibus Rodovi\u00e1rio;<br \/>\n<em>Itiner\u00e1rio:<\/em><br \/>\n<strong>Rota 1:<\/strong><br \/>\nCotada &gt; CCHS &gt; Lyceu &gt; FaMed &gt; R\u00f3tula\u00a0 &gt; Campus Cap\u00e3o<br \/>\n<em>Hor\u00e1rios<\/em>: <strong>07:00 (03 \u00f4nibus) \/ 07:15<\/strong> (03 \u00f4nibus)<br \/>\n<strong>Rota 2:<\/strong><br \/>\nCampus Cap\u00e3o &gt; R\u00f3tula &gt; FaMed &gt; Canguru &gt; CEU &gt; Parada XV<br \/>\n<em>Hor\u00e1rios: <\/em><strong>09:00 \/ 10:00 \/ 13:00 \/ 14:45 \/ 16:00 \/ 18:00 \/ 18:15<\/strong><br \/>\n<strong>Rota 3:<\/strong><br \/>\nParada XV &gt; CEU &gt; FaMed &gt; R\u00f3tula &gt; Campus Cap\u00e3o<br \/>\n<em>Hor\u00e1rios:\u00a0<\/em><strong>09:00 \/ 12:00 \/ 14:00 \/ 15:20 \/ 17:00<\/strong><\/p>\n<p style=\"text-align: justify\"><strong>Observa\u00e7\u00e3o: <\/strong><\/p>\n<ul>\n<li style=\"text-align: justify\">Os hor\u00e1rios ter\u00e3o uma toler\u00e2ncia de \u00b1 10 minutos, dependendo do tr\u00e2nsito<\/li>\n<li style=\"text-align: justify\">Os hor\u00e1rios poder\u00e3o sofrer altera\u00e7\u00f5es durante o semestre, sendo divulgados no portal institucional.<\/li>\n<li style=\"text-align: justify\"><strong>PARADAS DO TRANSPORTE DE APOIO UFPEL:<\/strong><\/li>\n<\/ul>\n<p style=\"text-align: justify\">\uf0b7 <strong>Anglo<\/strong> \u2013 Rua Gomes Carneiro, 01<\/p>\n<p style=\"text-align: justify\">\uf0b7 <strong>Cotada<\/strong> \u2013 Rua Benjamin Constant esquina Rua Dona Mariana<\/p>\n<p style=\"text-align: justify\">\uf0b7 <strong>CCHS<\/strong> (Campus das Ci\u00eancias Humanas e Sociais) \u2013 Rua Benjamin Constant esquina Rua Cel. Alberto Rosa<\/p>\n<p style=\"text-align: justify\">\uf0b7 <strong>FaUrb<\/strong> (Faculdade de Arquitetura e Urbanismo) \u2013 Rua Benjamin Constant esquina Alberto Rosa<\/p>\n<p style=\"text-align: justify\">\uf0b7 <strong>Campus II<\/strong> \u2013 Rua Almirante Barroso esquina Rua Tr\u00eas de Maio<\/p>\n<p style=\"text-align: justify\">\uf0b7 <strong>XV<\/strong> \u2013 Rua XV de Novembro esquina Rua Dom Pedro II<\/p>\n<p style=\"text-align: justify\">\uf0b7 <strong>CEU<\/strong> (Casa do estudante) \u2013 Rua Tr\u00eas de Maio esquina Rua Bar\u00e3o de Santa Tecla<\/p>\n<p style=\"text-align: justify\">\uf0b7<strong> Antigo Salis Goulart<\/strong> \u2013 Rua Tiradentes esquina Rua Gon\u00e7alves Chaves<\/p>\n<p style=\"text-align: justify\">\uf0b7 <strong>ALM<\/strong> (Ag\u00eancia da Lagoa Mirim) \u2013 Rua Tiradentes esquina Rua Cel. Alberto Rosa<\/p>\n<p style=\"text-align: justify\">\uf0b7 <strong>FaMed<\/strong> (Faculdade de Medicina) \u2013 Avenida Duque de Caxias, 250<\/p>\n<p style=\"text-align: justify\">\uf0b7 <strong>Canguru<\/strong> \u2013 Lobo da Costa esquina Rua Marcilio Dias<\/p>\n<p style=\"text-align: justify\">\uf0b7 <strong>Eng. Madeireira<\/strong> (Engenharia Industrial Madeireira) \u2013 Rua Conde de Porto Alegre, 793<\/p>\n<p style=\"text-align: justify\">\uf0b7<strong> ESEF<\/strong> (Escola Superior de Educa\u00e7\u00e3o F\u00edsica) \u2013 Rua Luis de Cam\u00f5es, 625<\/p>\n<p style=\"text-align: justify\">\uf0b7 <strong>R\u00f3tula<\/strong> \u2013 Av. Eliseu Maciel (a 200m da Av. Tr\u00eas de Maio)<\/p>\n<p style=\"text-align: justify\">\uf0b7 <strong>Campus Cap\u00e3o do Le\u00e3o<\/strong> \u2013 Campus Universit\u00e1rio, S\/N \u2013 Cap\u00e3o do Le\u00e3o<\/p>\n<p style=\"text-align: justify\">\uf0b7 <strong>Lyceu<\/strong> \u2013 Rua XV de Novembro esquina Rua Lobo da Costa (largo do Mercado P\u00fablico)<\/p>\n<p style=\"text-align: justify\">\uf0b7 <strong>Palma<\/strong> (Centro Agropecu\u00e1rio da Palma) \u2013 BR 116 \u2013 KM 5370<\/p>\n<p style=\"text-align: center\"><a href=\"https:\/\/wp.ufpel.edu.br\/ib\/files\/2021\/10\/Imagem1.png\"><img class=\"alignnone size-medium wp-image-3091\" src=\"https:\/\/wp.ufpel.edu.br\/ib\/files\/2021\/10\/Imagem1-283x400.png\" alt=\"\" width=\"283\" height=\"400\" \/><\/a><\/p>\n<p>&nbsp;<\/p>\n","protected":false},"excerpt":{"rendered":"<p>A pedido do Colegiado de Curso de Ci\u00eancias Biol\u00f3gicas divulgamos a tabela de hor\u00e1rios dos \u00f4nibus de apoio da UFPEL a partir do\u00a0 m\u00eas de outubro. As informa\u00e7\u00f5es foram encaminhadas pelo N\u00facleo de Transportes (NUTRANS) e s\u00e3o disponibilizadas a seguir. O N\u00facleo de Transporte da UFPel informa que o Transporte de Apoio da Universidade \u00e9 [&hellip;]<\/p>\n","protected":false},"author":488,"featured_media":0,"comment_status":"closed","ping_status":"closed","sticky":false,"template":"","format":"standard","meta":{"jetpack_post_was_ever_published":false,"_jetpack_newsletter_access":"","_jetpack_dont_email_post_to_subs":false,"_jetpack_newsletter_tier_id":0,"_jetpack_memberships_contains_paywalled_content":false,"_jetpack_memberships_contains_paid_content":false,"footnotes":""},"categories":[18],"tags":[],"class_list":["post-3089","post","type-post","status-publish","format-standard","hentry","category-sem-categoria"],"jetpack_featured_media_url":"","jetpack_sharing_enabled":true,"jetpack_shortlink":"https:\/\/wp.me\/p6S2gY-NP","_links":{"self":[{"href":"https:\/\/wp.ufpel.edu.br\/ib\/wp-json\/wp\/v2\/posts\/3089","targetHints":{"allow":["GET"]}}],"collection":[{"href":"https:\/\/wp.ufpel.edu.br\/ib\/wp-json\/wp\/v2\/posts"}],"about":[{"href":"https:\/\/wp.ufpel.edu.br\/ib\/wp-json\/wp\/v2\/types\/post"}],"author":[{"embeddable":true,"href":"https:\/\/wp.ufpel.edu.br\/ib\/wp-json\/wp\/v2\/users\/488"}],"replies":[{"embeddable":true,"href":"https:\/\/wp.ufpel.edu.br\/ib\/wp-json\/wp\/v2\/comments?post=3089"}],"version-history":[{"count":3,"href":"https:\/\/wp.ufpel.edu.br\/ib\/wp-json\/wp\/v2\/posts\/3089\/revisions"}],"predecessor-version":[{"id":3094,"href":"https:\/\/wp.ufpel.edu.br\/ib\/wp-json\/wp\/v2\/posts\/3089\/revisions\/3094"}],"wp:attachment":[{"href":"https:\/\/wp.ufpel.edu.br\/ib\/wp-json\/wp\/v2\/media?parent=3089"}],"wp:term":[{"taxonomy":"category","embeddable":true,"href":"https:\/\/wp.ufpel.edu.br\/ib\/wp-json\/wp\/v2\/categories?post=3089"},{"taxonomy":"post_tag","embeddable":true,"href":"https:\/\/wp.ufpel.edu.br\/ib\/wp-json\/wp\/v2\/tags?post=3089"}],"curies":[{"name":"wp","href":"https:\/\/api.w.org\/{rel}","templated":true}]}}