{"id":3078,"date":"2021-09-22T12:00:04","date_gmt":"2021-09-22T15:00:04","guid":{"rendered":"https:\/\/wp.ufpel.edu.br\/ib\/?p=3078"},"modified":"2021-09-22T12:00:04","modified_gmt":"2021-09-22T15:00:04","slug":"seminario-da-agronomia-2021-empresa-junior-de-agronomia-da-universidade-federal-de-vicosa","status":"publish","type":"post","link":"https:\/\/wp.ufpel.edu.br\/ib\/2021\/09\/22\/seminario-da-agronomia-2021-empresa-junior-de-agronomia-da-universidade-federal-de-vicosa\/","title":{"rendered":"\u201cSemin\u00e1rio da Agronomia 2021\u201d- Empresa J\u00fanior de Agronomia da Universidade Federal de Vi\u00e7osa"},"content":{"rendered":"<p style=\"text-align: justify\">\u00a0A Empresa J\u00fanior de Agronomia da Universidade Federal de Vi\u00e7osa e convida todos a participarem do\u00a0 \u201cSemin\u00e1rio da Agronomia 2021\u201d, nos dias 27 de setembro a 01 de outubro, totalmente gratuito e com certificados de palestras e minicursos.<\/p>\n<p style=\"text-align: center\">\n<img src=\"https:\/\/attachment.outlook.live.net\/owa\/MSA%3Ainstitutodebiologia%40hotmail.com\/service.svc\/s\/GetAttachmentThumbnail?id=AQMkADAwATY3ZmYAZS1jNDc5LWFlODMtMDACLTAwCgBGAAADzRW3Lvqn1EiMk%2BTjq0xenAcAUnp3Sd6iHEKdupaQSvFfwgAAAgEMAAAAUnp3Sd6iHEKdupaQSvFfwgAEm0oCUwAAAAESABAAcQnLuPo7Xkiv%2FlCZeC566g%3D%3D&amp;thumbnailType=2&amp;isc=1&amp;token=eyJhbGciOiJSUzI1NiIsImtpZCI6IjMwODE3OUNFNUY0QjUyRTc4QjJEQjg5NjZCQUY0RUNDMzcyN0FFRUUiLCJ0eXAiOiJKV1QiLCJ4NXQiOiJNSUY1emw5TFV1ZUxMYmlXYTY5T3pEY25ydTQifQ.eyJvcmlnaW4iOiJodHRwczovL291dGxvb2subGl2ZS5jb20iLCJ1YyI6IjU3MDk2NDk2MjU0NzRjMDFiNjhmNDcyN2U1ZjM3MWYzIiwidmVyIjoiRXhjaGFuZ2UuQ2FsbGJhY2suVjEiLCJhcHBjdHhzZW5kZXIiOiJPd2FEb3dubG9hZEA4NGRmOWU3Zi1lOWY2LTQwYWYtYjQzNS1hYWFhYWFhYWFhYWEiLCJpc3NyaW5nIjoiV1ciLCJhcHBjdHgiOiJ7XCJtc2V4Y2hwcm90XCI6XCJvd2FcIixcInB1aWRcIjpcIjE4Mjk1ODIwNTQ5OTM1MzlcIixcInNjb3BlXCI6XCJPd2FEb3dubG9hZFwiLFwib2lkXCI6XCIwMDA2N2ZmZS1jNDc5LWFlODMtMDAwMC0wMDAwMDAwMDAwMDBcIixcInByaW1hcnlzaWRcIjpcIlMtMS0yODI3LTQyNTk4Mi0zMjk2MzA4ODY3XCJ9IiwibmJmIjoxNjMyMzIyNDI1LCJleHAiOjE2MzIzMjMwMjUsImlzcyI6IjAwMDAwMDAyLTAwMDAtMGZmMS1jZTAwLTAwMDAwMDAwMDAwMEA4NGRmOWU3Zi1lOWY2LTQwYWYtYjQzNS1hYWFhYWFhYWFhYWEiLCJhdWQiOiIwMDAwMDAwMi0wMDAwLTBmZjEtY2UwMC0wMDAwMDAwMDAwMDAvYXR0YWNobWVudC5vdXRsb29rLmxpdmUubmV0QDg0ZGY5ZTdmLWU5ZjYtNDBhZi1iNDM1LWFhYWFhYWFhYWFhYSIsImhhcHAiOiJvd2EifQ.VkMpqQlTm7Yn8KSzYNm9x_q22VqbXX_8_jV5AePIobBKfoIKlIviGZMG6hztrLVn8GDj9PmSJQWpufZq1tgVnA8YWxZ74jKv7ktxqg01XaCpS5rIoFyael0zU21f1BdcB0bG3I6yvnTYNi3tje-WrqoInn5ZanMDFIM7QhSwHsjA8nhP2t1mw6homnU21CD7C8Lxcdp4ptUhuDHVAgohrsNYVw5MVEooLOpI_aOcuhlGFyNBE3bYUyggTwOJ-FsHe0N7NnS9HPJUWRLOSe5lboyzXi9yBHaXNnWXSFHrWM-JLGJrxVQANiagpRtQqFlagkGgZOvIwk-R4b-dTi9ryQ&amp;X-OWA-CANARY=_eKrxtBGBEKJQEjG8nIvLNCwhO3YfdkYRCtQ1H3VBxUZ9bz0MnsEItbnVyvh_lnKaMvN8EgLJZg.&amp;owa=outlook.live.com&amp;scriptVer=20210913004.08&amp;animation=true\" alt=\"Visualiza\u00e7\u00e3o da imagem\" \/>Per\u00edodo de inscri\u00e7\u00f5es entre os dias 06\/09 a 27\/09.<br \/>\nEmiss\u00e3o de certificado.<br \/>\n*Link de inscri\u00e7\u00f5es: *<br \/>\n<a id=\"LPlnk703741\" href=\"https:\/\/www.even3.com.br\/sag2021\/\" target=\"_blank\" rel=\"noopener noreferrer\" data-auth=\"NotApplicable\" data-linkindex=\"0\">https:\/\/www.even3.com.br\/sag2021\/<\/a><\/p>\n<p style=\"text-align: justify\"><img src=\"https:\/\/docs.google.com\/uc?export=download&amp;id=1DY1Z_JAJXNhMN18Nd03O220GucmxGLRQ&amp;revid=0BzqqZrogqnBpbmVsUnBNa2xlaEVvRDVvNS9MK3lEMDFWUTNZPQ\" \/><\/p>\n","protected":false},"excerpt":{"rendered":"<p>\u00a0A Empresa J\u00fanior de Agronomia da Universidade Federal de Vi\u00e7osa e convida todos a participarem do\u00a0 \u201cSemin\u00e1rio da Agronomia 2021\u201d, nos dias 27 de setembro a 01 de outubro, totalmente gratuito e com certificados de palestras e minicursos. Per\u00edodo de inscri\u00e7\u00f5es entre os dias 06\/09 a 27\/09. Emiss\u00e3o de certificado. *Link de inscri\u00e7\u00f5es: * https:\/\/www.even3.com.br\/sag2021\/<\/p>\n","protected":false},"author":488,"featured_media":0,"comment_status":"closed","ping_status":"closed","sticky":false,"template":"","format":"standard","meta":{"jetpack_post_was_ever_published":false,"_jetpack_newsletter_access":"","_jetpack_dont_email_post_to_subs":false,"_jetpack_newsletter_tier_id":0,"_jetpack_memberships_contains_paywalled_content":false,"_jetpack_memberships_contains_paid_content":false,"footnotes":""},"categories":[18],"tags":[],"class_list":["post-3078","post","type-post","status-publish","format-standard","hentry","category-sem-categoria"],"jetpack_featured_media_url":"","jetpack_sharing_enabled":true,"jetpack_shortlink":"https:\/\/wp.me\/p6S2gY-NE","_links":{"self":[{"href":"https:\/\/wp.ufpel.edu.br\/ib\/wp-json\/wp\/v2\/posts\/3078","targetHints":{"allow":["GET"]}}],"collection":[{"href":"https:\/\/wp.ufpel.edu.br\/ib\/wp-json\/wp\/v2\/posts"}],"about":[{"href":"https:\/\/wp.ufpel.edu.br\/ib\/wp-json\/wp\/v2\/types\/post"}],"author":[{"embeddable":true,"href":"https:\/\/wp.ufpel.edu.br\/ib\/wp-json\/wp\/v2\/users\/488"}],"replies":[{"embeddable":true,"href":"https:\/\/wp.ufpel.edu.br\/ib\/wp-json\/wp\/v2\/comments?post=3078"}],"version-history":[{"count":1,"href":"https:\/\/wp.ufpel.edu.br\/ib\/wp-json\/wp\/v2\/posts\/3078\/revisions"}],"predecessor-version":[{"id":3080,"href":"https:\/\/wp.ufpel.edu.br\/ib\/wp-json\/wp\/v2\/posts\/3078\/revisions\/3080"}],"wp:attachment":[{"href":"https:\/\/wp.ufpel.edu.br\/ib\/wp-json\/wp\/v2\/media?parent=3078"}],"wp:term":[{"taxonomy":"category","embeddable":true,"href":"https:\/\/wp.ufpel.edu.br\/ib\/wp-json\/wp\/v2\/categories?post=3078"},{"taxonomy":"post_tag","embeddable":true,"href":"https:\/\/wp.ufpel.edu.br\/ib\/wp-json\/wp\/v2\/tags?post=3078"}],"curies":[{"name":"wp","href":"https:\/\/api.w.org\/{rel}","templated":true}]}}