{"id":3060,"date":"2021-09-08T09:31:31","date_gmt":"2021-09-08T12:31:31","guid":{"rendered":"https:\/\/wp.ufpel.edu.br\/ib\/?p=3060"},"modified":"2021-09-08T09:36:00","modified_gmt":"2021-09-08T12:36:00","slug":"divulgacao-live-um-primata-em-processo-de-extincao-como-sabemos-disso-e-o-que-podemos-fazer","status":"publish","type":"post","link":"https:\/\/wp.ufpel.edu.br\/ib\/2021\/09\/08\/divulgacao-live-um-primata-em-processo-de-extincao-como-sabemos-disso-e-o-que-podemos-fazer\/","title":{"rendered":"Divulga\u00e7\u00e3o Live &#8220;Um primata em processo de extin\u00e7\u00e3o: como sabemos disso e o que podemos fazer? &#8220;"},"content":{"rendered":"<div>\n<p class=\"x_MsoNormal\"><span style=\"font-family: arial, sans-serif\">Ol\u00e1 a todos!<\/span><\/p>\n<p class=\"x_MsoNormal\" style=\"text-align: justify\"><span style=\"font-family: arial, sans-serif\">\u00c9 com enorme prazer que divulgo a nossa 14\u00aa Live do projeto &#8220;Ci\u00eancia e Meio Ambiente Convida&#8221;.\u00a0<\/span><span style=\"font-family: arial, sans-serif\">Neste evento nossa convidada ser\u00e1 a<b>\u00a0<a href=\"http:\/\/lattes.cnpq.br\/9644344601155488\" target=\"_blank\" rel=\"noopener\">Dra. Fernanda Pozzan Paim<\/a>.\u00a0<\/b>Ela ir\u00e1 conversar com voc\u00eas sobre &#8220;<b>Um primata em processo de extin\u00e7\u00e3o: como sabemos disso e o que podemos fazer?<\/b> &#8220;.\u00a0<\/span><span style=\"font-family: arial, sans-serif\">Ser\u00e1 um evento gratuito, via You Tube, no\u00a0<b>dia 14\/09<\/b>,\u00a0<b>ter\u00e7a feira,<\/b>\u00a0a partir das\u00a0<b>19:00 horas<\/b>\u00a0(hor\u00e1rio de Bras\u00edlia).<\/span><\/p>\n<p class=\"x_MsoNormal\"><span style=\"font-family: arial, sans-serif\">Link para acesso:\u00a0\u00a0<\/span><span style=\"font-family: arial, sans-serif\"><b>https:\/\/<\/b><b>\u00a0<\/b><b><a href=\"https:\/\/bit.ly\/37dcE7Z\" target=\"_blank\" rel=\"noopener noreferrer\" data-auth=\"NotApplicable\" data-linkindex=\"0\">bit.ly\/3gqxVjw<\/a><\/b><\/span><\/p>\n<p style=\"text-align: center\"><a href=\"https:\/\/wp.ufpel.edu.br\/ib\/files\/2021\/09\/Fernanda-Paim_Post.jpg\"><img class=\"alignnone size-medium wp-image-3062\" src=\"https:\/\/wp.ufpel.edu.br\/ib\/files\/2021\/09\/Fernanda-Paim_Post-400x270.jpg\" alt=\"\" width=\"400\" height=\"270\" \/><\/a><\/p>\n<p class=\"x_MsoNormal\"><span style=\"font-family: arial, sans-serif\">Sigam nossas redes sociais:<\/span><\/p>\n<p class=\"x_MsoNormal\"><span style=\"font-family: arial, sans-serif\">Ci\u00eancia e Meio Ambiente &#8211; YouTube<\/span><\/p>\n<p class=\"x_MsoNormal\"><span style=\"font-family: arial, sans-serif\"><a href=\"https:\/\/www.youtube.com\/channel\/UCXEpL6mlROPf8AK0nNUXBvA\" target=\"_blank\" rel=\"noopener noreferrer\" data-auth=\"NotApplicable\" data-linkindex=\"1\">https:\/\/www.youtube.com\/channel\/UCXEpL6mlROPf8AK0nNUXBvA<\/a><\/span><\/p>\n<p class=\"x_MsoNormal\"><span style=\"font-family: arial, sans-serif\">Ci\u00eancia e Meio Ambiente |Facebook<\/span><\/p>\n<p class=\"x_MsoNormal\"><span style=\"font-family: arial, sans-serif\"><a href=\"https:\/\/www.facebook.com\/Ci%C3%AAncia-e-Meio-Ambiente-1857331034565195\" target=\"_blank\" rel=\"noopener noreferrer\" data-auth=\"NotApplicable\" data-linkindex=\"2\">https:\/\/www.facebook.com\/Ci%C3%AAncia-e-Meio-Ambiente-1857331034565195<\/a><\/span><\/p>\n<p class=\"x_MsoNormal\"><span style=\"font-family: arial, sans-serif\"><a href=\"https:\/\/www.facebook.com\/groups\/1930578920295417\" target=\"_blank\" rel=\"noopener noreferrer\" data-auth=\"NotApplicable\" data-linkindex=\"3\">https:\/\/www.facebook.com\/groups\/1930578920295417<\/a><\/span><\/p>\n<div><span style=\"font-family: arial, sans-serif\">Instagram @cienciaemeioambiente<br \/>\n<\/span><\/div>\n<div><a href=\"http:\/\/lattes.cnpq.br\/5259527622030882\" target=\"_blank\" rel=\"noopener\">Carlos de Oliveira<\/a><\/div>\n<\/div>\n<p>&nbsp;<\/p>\n","protected":false},"excerpt":{"rendered":"<p>Ol\u00e1 a todos! \u00c9 com enorme prazer que divulgo a nossa 14\u00aa Live do projeto &#8220;Ci\u00eancia e Meio Ambiente Convida&#8221;.\u00a0Neste evento nossa convidada ser\u00e1 a\u00a0Dra. Fernanda Pozzan Paim.\u00a0Ela ir\u00e1 conversar com voc\u00eas sobre &#8220;Um primata em processo de extin\u00e7\u00e3o: como sabemos disso e o que podemos fazer? &#8220;.\u00a0Ser\u00e1 um evento gratuito, via You Tube, no\u00a0dia [&hellip;]<\/p>\n","protected":false},"author":488,"featured_media":0,"comment_status":"closed","ping_status":"closed","sticky":false,"template":"","format":"standard","meta":{"jetpack_post_was_ever_published":false,"_jetpack_newsletter_access":"","_jetpack_dont_email_post_to_subs":false,"_jetpack_newsletter_tier_id":0,"_jetpack_memberships_contains_paywalled_content":false,"_jetpack_memberships_contains_paid_content":false,"footnotes":""},"categories":[18],"tags":[],"class_list":["post-3060","post","type-post","status-publish","format-standard","hentry","category-sem-categoria"],"jetpack_featured_media_url":"","jetpack_sharing_enabled":true,"jetpack_shortlink":"https:\/\/wp.me\/p6S2gY-Nm","_links":{"self":[{"href":"https:\/\/wp.ufpel.edu.br\/ib\/wp-json\/wp\/v2\/posts\/3060","targetHints":{"allow":["GET"]}}],"collection":[{"href":"https:\/\/wp.ufpel.edu.br\/ib\/wp-json\/wp\/v2\/posts"}],"about":[{"href":"https:\/\/wp.ufpel.edu.br\/ib\/wp-json\/wp\/v2\/types\/post"}],"author":[{"embeddable":true,"href":"https:\/\/wp.ufpel.edu.br\/ib\/wp-json\/wp\/v2\/users\/488"}],"replies":[{"embeddable":true,"href":"https:\/\/wp.ufpel.edu.br\/ib\/wp-json\/wp\/v2\/comments?post=3060"}],"version-history":[{"count":1,"href":"https:\/\/wp.ufpel.edu.br\/ib\/wp-json\/wp\/v2\/posts\/3060\/revisions"}],"predecessor-version":[{"id":3063,"href":"https:\/\/wp.ufpel.edu.br\/ib\/wp-json\/wp\/v2\/posts\/3060\/revisions\/3063"}],"wp:attachment":[{"href":"https:\/\/wp.ufpel.edu.br\/ib\/wp-json\/wp\/v2\/media?parent=3060"}],"wp:term":[{"taxonomy":"category","embeddable":true,"href":"https:\/\/wp.ufpel.edu.br\/ib\/wp-json\/wp\/v2\/categories?post=3060"},{"taxonomy":"post_tag","embeddable":true,"href":"https:\/\/wp.ufpel.edu.br\/ib\/wp-json\/wp\/v2\/tags?post=3060"}],"curies":[{"name":"wp","href":"https:\/\/api.w.org\/{rel}","templated":true}]}}