{"id":3044,"date":"2021-09-04T11:35:35","date_gmt":"2021-09-04T14:35:35","guid":{"rendered":"https:\/\/wp.ufpel.edu.br\/ib\/?p=3044"},"modified":"2021-09-04T12:34:33","modified_gmt":"2021-09-04T15:34:33","slug":"aee-no-contexto-da-pandemia","status":"publish","type":"post","link":"https:\/\/wp.ufpel.edu.br\/ib\/2021\/09\/04\/aee-no-contexto-da-pandemia\/","title":{"rendered":"AEE no contexto da pandemia"},"content":{"rendered":"<p style=\"text-align: justify\">Nesse s\u00e1bado teve in\u00edcio mais um curso de extens\u00e3o sob Coordena\u00e7\u00e3o da professora <a href=\"http:\/\/lattes.cnpq.br\/9199716328773316\" target=\"_blank\" rel=\"noopener\">Rita de C\u00e1ssia Morem C\u00f3ssio Rodriguez <\/a>ofertado pelo Instituto de Biologia atrav\u00e9s do grupo de trabalho do \u00a0<a href=\"https:\/\/wp.ufpel.edu.br\/nepca\/\" target=\"_blank\" rel=\"noopener\">NEPCA\/IB<\/a> (N\u00facleo de Estudos e Pesquisa em Cogni\u00e7\u00e3o e Aprendizagem). Nesse curso de extens\u00e3o foram ofertadas 500 vagas para todo o Brasil. O Curso de extens\u00e3o foi aberto pela professora Rita que logo\u00a0 anunciou a exibi\u00e7\u00e3o de um v\u00eddeo institucional apresentando a UFPEL aos participante do Curso. Prosseguindo passou a palavra ao Diretor do Instituto de Biologia, professor <a href=\"http:\/\/lattes.cnpq.br\/7956000492760191\" target=\"_blank\" rel=\"noopener\">Luiz Fernando Minello<\/a>, que deu as boas-vindas e falou sobre a import\u00e2ncia dessa forma\u00e7\u00e3o e desse espa\u00e7o para discuss\u00e3o da AEE no contexto da pandemia. Ap\u00f3s a professora Rita apresentou as professoras <a href=\"http:\/\/lattes.cnpq.br\/3131035702528156\" target=\"_blank\" rel=\"noopener\">Ver\u00f4nica Porto Gayer<\/a> que falou sobre a estrutura do Curso que ser\u00e1 ofertado em 5 m\u00f3dulos, sendo que o primeiro deles abordar\u00e1 uma a revis\u00e3o da situa\u00e7\u00e3o do AEE no atual contexto da pandemia e concluiu sua fala informando que o curso ter\u00e1 in\u00edcio em 07\/09 e ser\u00e1 conclu\u00eddo em\u00a0 30\/11\/2021. Prosseguindo a supervisora do Curso, professora pesquisadora\u00a0 <a href=\"http:\/\/lattes.cnpq.br\/1310450747526676\" target=\"_blank\" rel=\"noopener\">Gessiele da Silva\u00a0 Correa<\/a> apresentou dados sobre o seu funcionamento e enfatizou a comunica\u00e7\u00e3o, ajuda e orienta\u00e7\u00f5es atrav\u00e9s dos tutores, ressaltando sua import\u00e2ncia e felicitou a todos pela participa\u00e7\u00e3o no Curso reiterando a acolhida da Institui\u00e7\u00e3o. A seguir teve in\u00edcio a palestra I<strong>nclus\u00e3o e o contexto de pandemia<\/strong> ministrada pelo professor e psic\u00f3logo <a href=\"http:\/\/lattes.cnpq.br\/5916813121392636\" target=\"_blank\" rel=\"noopener\">Dami\u00e3o da Silva<\/a>. Ap\u00f3s a palestra do professor Dami\u00e3o foram abertas discuss\u00f5es sobre as reflex\u00f5es apresentadas pelo palestrante. Desse modo, o Instituto de Biologia atrav\u00e9s desse grupo de trabalho segue atendendo a oferta de cursos de extens\u00e3o dentro da educa\u00e7\u00e3o inclusiva embora seja um Instituto B\u00e1sico (Fisiologia, farmacologia, zoologia, gen\u00e9tica, ecologia, morfologia, parasitologia, microbiologia e bot\u00e2nica). Parab\u00e9ns a professora Rita e sua equipe. Assista ao <a href=\"https:\/\/drive.google.com\/file\/d\/1_ButrWJBJaw92Ytp2_sGHIDXW-HFtubx\/view\" target=\"_blank\" rel=\"noopener\">v\u00eddeo de boas<\/a> vindas elaborado pelos tutores.<\/p>\n<p><a href=\"https:\/\/wp.ufpel.edu.br\/ib\/files\/2021\/09\/712ef564-e02a-41e4-a025-db5370ec3ec2.jpg\"><img class=\"size-medium wp-image-3048 aligncenter\" src=\"https:\/\/wp.ufpel.edu.br\/ib\/files\/2021\/09\/712ef564-e02a-41e4-a025-db5370ec3ec2-400x254.jpg\" alt=\"\" width=\"400\" height=\"254\" \/><\/a><\/p>\n<p><a href=\"https:\/\/wp.ufpel.edu.br\/ib\/files\/2021\/09\/dbbc288c-e451-4547-80a9-708dabefdf38.jpg\"><img class=\"size-medium wp-image-3049 aligncenter\" src=\"https:\/\/wp.ufpel.edu.br\/ib\/files\/2021\/09\/dbbc288c-e451-4547-80a9-708dabefdf38-400x257.jpg\" alt=\"\" width=\"400\" height=\"257\" \/><\/a><\/p>\n<p><a href=\"https:\/\/wp.ufpel.edu.br\/ib\/files\/2021\/09\/0cd14795-d20d-4c27-8424-5170884d371c.jpg\"><img class=\"size-medium wp-image-3046 aligncenter\" src=\"https:\/\/wp.ufpel.edu.br\/ib\/files\/2021\/09\/0cd14795-d20d-4c27-8424-5170884d371c-400x248.jpg\" alt=\"\" width=\"400\" height=\"248\" \/><\/a><\/p>\n","protected":false},"excerpt":{"rendered":"<p>Nesse s\u00e1bado teve in\u00edcio mais um curso de extens\u00e3o sob Coordena\u00e7\u00e3o da professora Rita de C\u00e1ssia Morem C\u00f3ssio Rodriguez ofertado pelo Instituto de Biologia atrav\u00e9s do grupo de trabalho do \u00a0NEPCA\/IB (N\u00facleo de Estudos e Pesquisa em Cogni\u00e7\u00e3o e Aprendizagem). Nesse curso de extens\u00e3o foram ofertadas 500 vagas para todo o Brasil. O Curso de [&hellip;]<\/p>\n","protected":false},"author":488,"featured_media":0,"comment_status":"closed","ping_status":"closed","sticky":false,"template":"","format":"standard","meta":{"jetpack_post_was_ever_published":false,"_jetpack_newsletter_access":"","_jetpack_dont_email_post_to_subs":false,"_jetpack_newsletter_tier_id":0,"_jetpack_memberships_contains_paywalled_content":false,"_jetpack_memberships_contains_paid_content":false,"footnotes":""},"categories":[18],"tags":[],"class_list":["post-3044","post","type-post","status-publish","format-standard","hentry","category-sem-categoria"],"jetpack_featured_media_url":"","jetpack_sharing_enabled":true,"jetpack_shortlink":"https:\/\/wp.me\/p6S2gY-N6","_links":{"self":[{"href":"https:\/\/wp.ufpel.edu.br\/ib\/wp-json\/wp\/v2\/posts\/3044","targetHints":{"allow":["GET"]}}],"collection":[{"href":"https:\/\/wp.ufpel.edu.br\/ib\/wp-json\/wp\/v2\/posts"}],"about":[{"href":"https:\/\/wp.ufpel.edu.br\/ib\/wp-json\/wp\/v2\/types\/post"}],"author":[{"embeddable":true,"href":"https:\/\/wp.ufpel.edu.br\/ib\/wp-json\/wp\/v2\/users\/488"}],"replies":[{"embeddable":true,"href":"https:\/\/wp.ufpel.edu.br\/ib\/wp-json\/wp\/v2\/comments?post=3044"}],"version-history":[{"count":4,"href":"https:\/\/wp.ufpel.edu.br\/ib\/wp-json\/wp\/v2\/posts\/3044\/revisions"}],"predecessor-version":[{"id":3055,"href":"https:\/\/wp.ufpel.edu.br\/ib\/wp-json\/wp\/v2\/posts\/3044\/revisions\/3055"}],"wp:attachment":[{"href":"https:\/\/wp.ufpel.edu.br\/ib\/wp-json\/wp\/v2\/media?parent=3044"}],"wp:term":[{"taxonomy":"category","embeddable":true,"href":"https:\/\/wp.ufpel.edu.br\/ib\/wp-json\/wp\/v2\/categories?post=3044"},{"taxonomy":"post_tag","embeddable":true,"href":"https:\/\/wp.ufpel.edu.br\/ib\/wp-json\/wp\/v2\/tags?post=3044"}],"curies":[{"name":"wp","href":"https:\/\/api.w.org\/{rel}","templated":true}]}}