{"id":3033,"date":"2021-09-03T08:49:28","date_gmt":"2021-09-03T11:49:28","guid":{"rendered":"https:\/\/wp.ufpel.edu.br\/ib\/?p=3033"},"modified":"2021-09-03T08:54:35","modified_gmt":"2021-09-03T11:54:35","slug":"3-de-setembro-dia-do-biologo","status":"publish","type":"post","link":"https:\/\/wp.ufpel.edu.br\/ib\/2021\/09\/03\/3-de-setembro-dia-do-biologo\/","title":{"rendered":"3 de setembro dia do Bi\u00f3logo"},"content":{"rendered":"<p>O\u00a0<b>bi\u00f3logo<\/b>\u00a0\u00e9 o\u00a0<b>profissional<\/b>\u00a0respons\u00e1vel pelo estudo das mais variadas formas de vida existentes. Ele observa origens, desenvolvimentos, funcionamentos, reprodu\u00e7\u00f5es e relacionamentos dos seres vivos com o meio ambiente em que vivem.<\/p>\n<p style=\"text-align: justify\">O reconhecimento normativo dos profissionais Bi\u00f3logos comemora 42 anos em 2021. Foi em 03 de setembro de 1979 que a profiss\u00e3o que investiga a vida passou a ter respaldo legal, com a san\u00e7\u00e3o da <a href=\"https:\/\/www.crbio01.gov.br\/media\/view\/2016\/08\/lei_n_mero_6.684-79_495.pdf\" target=\"_blank\" rel=\"noopener\">Lei Federal n\u00ba 6.684<\/a>. Desde ent\u00e3o \u2013 como organismo vivo \u2013 a manuten\u00e7\u00e3o, evolu\u00e7\u00e3o e adapta\u00e7\u00e3o dessa classe profissional tem sido garantida gra\u00e7as \u00e0 harmonia e \u00e0 inter-rela\u00e7\u00e3o entre os profissionais atuantes nesse universo que \u00e9 a Biologia.<\/p>\n<p style=\"text-align: justify\">O primeiro registro de pensamento cient\u00edfico que se tem na hist\u00f3ria \u00e9 atribu\u00eddo \u00e0 Tales de Mileto, que viveu no s\u00e9culo VI a.C. Tales estava andando pelas cercanias de sua casa e achou uma concha, sendo que essa regi\u00e3o ficava a v\u00e1rios quil\u00f4metros do mar. Ao inv\u00e9s de atribuir essa descoberta \u00e0 \u201cvontade dos Deuses\u201d, como era de costume na \u00e9poca, Tales concluiu que aquele local teria tido um mar em tempos remotos.<\/p>\n<p style=\"text-align: justify\">Passados alguns anos, temos na figura de Arist\u00f3teles, mais ou menos em IV a.C., a primeira pessoa a tentar classificar de alguma forma os seres viventes, sendo os seres racionais os que apresentavam temperatura corporal quente e corpo seco e os irracionais os que apresentavam temperatura fria e corpo \u00famido. No entanto, foi no per\u00edodo das grandes navega\u00e7\u00f5es que os estudos sobre a natureza ganharam um grande impulso.<\/p>\n<p style=\"text-align: justify\">Naquela \u00e9poca, os estudantes e observadores dos fen\u00f4menos naturais eram chamados de naturalistas. Como ser naturalista ainda n\u00e3o era considerado uma profiss\u00e3o, mas um passatempo, um hobby, geralmente os mesmos eram grandes propriet\u00e1rios de terras e fortunas que n\u00e3o tinham necessidade de trabalhar para se sustentar, logo tinham tempo suficiente para estudar e desenvolver suas pesquisas e observa\u00e7\u00f5es. Naturalistas famosos foram: Carolus Linnaeus, Geofroy Saint-Hilaire, Georges Cuvier, Alfred Russel Wallace e o pr\u00f3prio Charles Darwin.<\/p>\n<p style=\"text-align: justify\">Com o tempo, esse passatempo foi se tornando cada vez mais constante e logo esse conhecimento passou a ser transmitido nas Universidades, atrav\u00e9s dos cursos de Ci\u00eancias Naturais. O curso de ci\u00eancias naturais envolvia n\u00e3o s\u00f3 conhecimentos biol\u00f3gicos, mas tamb\u00e9m geogr\u00e1ficos, geol\u00f3gicos, paleontol\u00f3gicos e hist\u00f3ricos. O primeiro curso de Ci\u00eancias Biol\u00f3gicas do Brasil , foi criado na USP em 1934 e ainda tinha o nome de Hist\u00f3ria Natural. Somente na d\u00e9cada de 1960 que o Curso de Ci\u00eancias Biol\u00f3gicas veio a ter identidade pr\u00f3pria em nosso pa\u00eds.<\/p>\n<p><strong>Bi\u00f3logo &#8211; Aquele que estuda a vida em suas mais variadas formas<\/strong><\/p>\n<p style=\"text-align: justify\">Parab\u00e9ns\u00a0<b>Bi\u00f3logos &#8211; <\/b>Sentir orgulho de ser um profissional da <b>Biologia<\/b>\u00a0\u00e9 reconhecer a import\u00e2ncia que cada uma de suas a\u00e7\u00f5es tem para a sociedade e para a ci\u00eancia. \u00c9 saber que suas descobertas podem salvar milhares de vidas e garantir a sobreviv\u00eancia de diferentes esp\u00e9cies. sentir orgulhoso!<\/p>\n<p>Fontes: https:\/\/www.crbio06.gov.br\/index.php\/o-biologo\/profissao-biologo\/historico-da-profissao-biologo; https:\/\/www.crbio01.gov.br\/institucional\/historia<\/p>\n<p style=\"text-align: center\"><a href=\"https:\/\/wp.ufpel.edu.br\/ib\/files\/2021\/09\/WhatsApp-Image-2021-09-03-at-08.12.56.jpeg\"><img class=\"alignnone size-medium wp-image-3035\" src=\"https:\/\/wp.ufpel.edu.br\/ib\/files\/2021\/09\/WhatsApp-Image-2021-09-03-at-08.12.56-400x395.jpeg\" alt=\"\" width=\"400\" height=\"395\" \/><\/a><\/p>\n","protected":false},"excerpt":{"rendered":"<p>O\u00a0bi\u00f3logo\u00a0\u00e9 o\u00a0profissional\u00a0respons\u00e1vel pelo estudo das mais variadas formas de vida existentes. Ele observa origens, desenvolvimentos, funcionamentos, reprodu\u00e7\u00f5es e relacionamentos dos seres vivos com o meio ambiente em que vivem. O reconhecimento normativo dos profissionais Bi\u00f3logos comemora 42 anos em 2021. Foi em 03 de setembro de 1979 que a profiss\u00e3o que investiga a vida passou [&hellip;]<\/p>\n","protected":false},"author":488,"featured_media":0,"comment_status":"closed","ping_status":"closed","sticky":false,"template":"","format":"standard","meta":{"jetpack_post_was_ever_published":false,"_jetpack_newsletter_access":"","_jetpack_dont_email_post_to_subs":false,"_jetpack_newsletter_tier_id":0,"_jetpack_memberships_contains_paywalled_content":false,"_jetpack_memberships_contains_paid_content":false,"footnotes":""},"categories":[18],"tags":[],"class_list":["post-3033","post","type-post","status-publish","format-standard","hentry","category-sem-categoria"],"jetpack_featured_media_url":"","jetpack_sharing_enabled":true,"jetpack_shortlink":"https:\/\/wp.me\/p6S2gY-MV","_links":{"self":[{"href":"https:\/\/wp.ufpel.edu.br\/ib\/wp-json\/wp\/v2\/posts\/3033","targetHints":{"allow":["GET"]}}],"collection":[{"href":"https:\/\/wp.ufpel.edu.br\/ib\/wp-json\/wp\/v2\/posts"}],"about":[{"href":"https:\/\/wp.ufpel.edu.br\/ib\/wp-json\/wp\/v2\/types\/post"}],"author":[{"embeddable":true,"href":"https:\/\/wp.ufpel.edu.br\/ib\/wp-json\/wp\/v2\/users\/488"}],"replies":[{"embeddable":true,"href":"https:\/\/wp.ufpel.edu.br\/ib\/wp-json\/wp\/v2\/comments?post=3033"}],"version-history":[{"count":1,"href":"https:\/\/wp.ufpel.edu.br\/ib\/wp-json\/wp\/v2\/posts\/3033\/revisions"}],"predecessor-version":[{"id":3036,"href":"https:\/\/wp.ufpel.edu.br\/ib\/wp-json\/wp\/v2\/posts\/3033\/revisions\/3036"}],"wp:attachment":[{"href":"https:\/\/wp.ufpel.edu.br\/ib\/wp-json\/wp\/v2\/media?parent=3033"}],"wp:term":[{"taxonomy":"category","embeddable":true,"href":"https:\/\/wp.ufpel.edu.br\/ib\/wp-json\/wp\/v2\/categories?post=3033"},{"taxonomy":"post_tag","embeddable":true,"href":"https:\/\/wp.ufpel.edu.br\/ib\/wp-json\/wp\/v2\/tags?post=3033"}],"curies":[{"name":"wp","href":"https:\/\/api.w.org\/{rel}","templated":true}]}}