{"id":3029,"date":"2021-09-02T17:19:45","date_gmt":"2021-09-02T20:19:45","guid":{"rendered":"https:\/\/wp.ufpel.edu.br\/ib\/?p=3029"},"modified":"2021-09-06T15:27:54","modified_gmt":"2021-09-06T18:27:54","slug":"reuniao-berta-conselho-departamental-inicia-debates-sobre-ppi-na-unidade","status":"publish","type":"post","link":"https:\/\/wp.ufpel.edu.br\/ib\/2021\/09\/02\/reuniao-berta-conselho-departamental-inicia-debates-sobre-ppi-na-unidade\/","title":{"rendered":"Reuni\u00e3o aberta Conselho Departamental inicia debates sobre PPI na Unidade"},"content":{"rendered":"<p style=\"text-align: justify\">No dia primeiro de setembro (01\/09\/2021) o Conselho Departamental reuniu-se em sess\u00e3o aberta a comunidade para iniciar os debates relacionados as discuss\u00f5es sobre o novo Projeto Pedag\u00f3gico Institucional (PPI) da UFPEL. O assunto teve o in\u00edcio dos seus debates com a equipe do <strong>Projeto Di\u00e1logos Acad\u00eamicos (coordena\u00e7\u00e3o GVR) \u2013 articula\u00e7\u00e3o da discuss\u00e3o sobre a revis\u00e3o e eventual atualiza\u00e7\u00e3o do Projeto Pedag\u00f3gico Institucional (PPI), em paralelo e em conson\u00e2ncia com a revis\u00e3o do PDI.\u00a0<\/strong>Desse grupo de trabalho (GT) estiveram presentes na reuni\u00e3o a professora<a href=\"http:\/\/lattes.cnpq.br\/2360365860775097\" target=\"_blank\" rel=\"noopener\"> Ursula Rosa da Silva<\/a> (Vice-Reitora); professor\u00a0 <a href=\"http:\/\/lattes.cnpq.br\/3664441705741783\" target=\"_blank\" rel=\"noopener\">Gustavo Maia Souza<\/a> (N\u00facleo de Interdisciplinaridade, Avalia\u00e7\u00e3o e Planejamento da P\u00f3s-Gradua\u00e7\u00e3o, PRPPG); professora\u00a0 <a href=\"http:\/\/lattes.cnpq.br\/3016473193550386\">Maria de F\u00e1tima C\u00f3ssio<\/a> (Pr\u00f3-Reitora de Ensino,\u00a0 PRE), professora\u00a0 <a href=\"http:\/\/lattes.cnpq.br\/3357957617964040\" target=\"_blank\" rel=\"noopener\">Silvana Paiva Orlandi<\/a> (Assessora\u00a0 Gabinete da Vice-Reitora); professor\u00a0 <a href=\"http:\/\/lattes.cnpq.br\/5075748421517699\" target=\"_blank\" rel=\"noopener\">Eduardo Ferreira das Neves Filho<\/a> (Coordena\u00e7\u00e3o de Pedagogia Universit\u00e1ria, PRE), professora\u00a0<a href=\"http:\/\/lattes.cnpq.br\/7157159051361731\" target=\"_blank\" rel=\"noopener\"> Renata Moraes Bielemann<\/a> (Coordena\u00e7\u00e3o de Rela\u00e7\u00f5es Internacionais &#8211; CRInter) e\u00a0 <a href=\"http:\/\/lattes.cnpq.br\/1781461287024939\" target=\"_blank\" rel=\"noopener\">Eleonara Campos da Motta Santos<\/a> (Coordena\u00e7\u00e3o de Arte, Cultura e Patrim\u00f4nio, PREC) al\u00e9m dos<strong> Conselheiros<\/strong> e <strong>convidados<\/strong> {Karine Massia Pereira (TAE &#8211; DMP); Monica Laner Blauth (Docente &#8211; DEZG); Michele Pepe Cerqueira (TAE &#8211; DFF); Felipe Diehl (TAE &#8211; DEZG); Mateus Casanova dos Santos (Docente &#8211; DM); \u00a0Ana Paula Nunes (Docente \u2013 DM suplente professores Associados; \u00a0Jucimara Baldissarelli (Docente \u2013 DFF); Caroline Scherer (Docente \u2013 DB); Mariangela Heppe Lopes (Docente \u2013 DFF); Aline Longoni dos Santos (Docente Substituto \u2013 DM); Ana Maria Rui (Docente \u2013 DEZG) e Mayara Guelamann da Cunha Espinelli Greco (Discente P\u00f3s-Gradua\u00e7\u00e3o Mestrado em Entomologia)}.\u00a0 Na oportunidade foi poss\u00edvel conhecer o projeto e dar in\u00edcio aos debates que seguramente se ser\u00e3o estendidos a toda comunidade. Aqueles que por ventura n\u00e3o puderam estar presentes podem encontrar informa\u00e7\u00f5es na <a href=\"https:\/\/drive.google.com\/file\/d\/1Pq_fOYac4k-g4SNcpkzlOMqYxv7EQjG8\/view\" target=\"_blank\" rel=\"noopener\">Ata 25\/21<\/a>, <a href=\"https:\/\/drive.google.com\/file\/d\/1hr8bBqzt9csMPMuSe5cCuPR0T9jy69UZ\/view?usp=sharing\" target=\"_blank\" rel=\"noopener\">slides<\/a> e <a href=\"https:\/\/drive.google.com\/file\/d\/1oGjdHfjRgZwIWztHysqV0aPlLJ54OXUQ\/view?usp=sharing\" target=\"_blank\" rel=\"noopener\">grava\u00e7\u00e3o<\/a> da reuni\u00e3o.<\/p>\n","protected":false},"excerpt":{"rendered":"<p>No dia primeiro de setembro (01\/09\/2021) o Conselho Departamental reuniu-se em sess\u00e3o aberta a comunidade para iniciar os debates relacionados as discuss\u00f5es sobre o novo Projeto Pedag\u00f3gico Institucional (PPI) da UFPEL. O assunto teve o in\u00edcio dos seus debates com a equipe do Projeto Di\u00e1logos Acad\u00eamicos (coordena\u00e7\u00e3o GVR) \u2013 articula\u00e7\u00e3o da discuss\u00e3o sobre a revis\u00e3o [&hellip;]<\/p>\n","protected":false},"author":488,"featured_media":0,"comment_status":"closed","ping_status":"closed","sticky":false,"template":"","format":"standard","meta":{"jetpack_post_was_ever_published":false,"_jetpack_newsletter_access":"","_jetpack_dont_email_post_to_subs":false,"_jetpack_newsletter_tier_id":0,"_jetpack_memberships_contains_paywalled_content":false,"_jetpack_memberships_contains_paid_content":false,"footnotes":""},"categories":[18],"tags":[],"class_list":["post-3029","post","type-post","status-publish","format-standard","hentry","category-sem-categoria"],"jetpack_featured_media_url":"","jetpack_sharing_enabled":true,"jetpack_shortlink":"https:\/\/wp.me\/p6S2gY-MR","_links":{"self":[{"href":"https:\/\/wp.ufpel.edu.br\/ib\/wp-json\/wp\/v2\/posts\/3029","targetHints":{"allow":["GET"]}}],"collection":[{"href":"https:\/\/wp.ufpel.edu.br\/ib\/wp-json\/wp\/v2\/posts"}],"about":[{"href":"https:\/\/wp.ufpel.edu.br\/ib\/wp-json\/wp\/v2\/types\/post"}],"author":[{"embeddable":true,"href":"https:\/\/wp.ufpel.edu.br\/ib\/wp-json\/wp\/v2\/users\/488"}],"replies":[{"embeddable":true,"href":"https:\/\/wp.ufpel.edu.br\/ib\/wp-json\/wp\/v2\/comments?post=3029"}],"version-history":[{"count":3,"href":"https:\/\/wp.ufpel.edu.br\/ib\/wp-json\/wp\/v2\/posts\/3029\/revisions"}],"predecessor-version":[{"id":3058,"href":"https:\/\/wp.ufpel.edu.br\/ib\/wp-json\/wp\/v2\/posts\/3029\/revisions\/3058"}],"wp:attachment":[{"href":"https:\/\/wp.ufpel.edu.br\/ib\/wp-json\/wp\/v2\/media?parent=3029"}],"wp:term":[{"taxonomy":"category","embeddable":true,"href":"https:\/\/wp.ufpel.edu.br\/ib\/wp-json\/wp\/v2\/categories?post=3029"},{"taxonomy":"post_tag","embeddable":true,"href":"https:\/\/wp.ufpel.edu.br\/ib\/wp-json\/wp\/v2\/tags?post=3029"}],"curies":[{"name":"wp","href":"https:\/\/api.w.org\/{rel}","templated":true}]}}