{"id":2990,"date":"2021-08-21T11:27:32","date_gmt":"2021-08-21T14:27:32","guid":{"rendered":"https:\/\/wp.ufpel.edu.br\/ib\/?p=2990"},"modified":"2021-08-21T11:37:57","modified_gmt":"2021-08-21T14:37:57","slug":"aberto-o-curso-de-gestao-em-educacao-especial-e-educacao-inclusiva","status":"publish","type":"post","link":"https:\/\/wp.ufpel.edu.br\/ib\/2021\/08\/21\/aberto-o-curso-de-gestao-em-educacao-especial-e-educacao-inclusiva\/","title":{"rendered":"Aberto o Curso de Gest\u00e3o em Educa\u00e7\u00e3o Especial e Educa\u00e7\u00e3o Inclusiva"},"content":{"rendered":"<p style=\"text-align: justify\">Na manh\u00e3 de hoje (21\/08\/2021) dando continuidade a oferta de Cursos de Extens\u00e3o em Atendimento Educacional Especializado (AEE), as 10 horas, foi aberto de forma remota o Curso de <strong>Gest\u00e3o em Educa\u00e7\u00e3o Especial e Educa\u00e7\u00e3o Inclusiva<\/strong>. Na oportunidade a sess\u00e3o foi aberta com um v\u00eddeo sobre a UFPEL ap\u00f3s a apresenta\u00e7\u00e3o da equipe pela professora <a href=\"http:\/\/lattes.cnpq.br\/9199716328773316\" target=\"_blank\" rel=\"noopener\">Rita C\u00f3ssio<\/a> &#8211; Coordenadora Geral dos Cursos. A professora agradeceu a presen\u00e7a da reitora, professora <a href=\"http:\/\/lattes.cnpq.br\/3077011108422970\" target=\"_blank\" rel=\"noopener\">Isabela Andrade<\/a>, do Diretor do Instituto de Biologia, professor <a href=\"http:\/\/lattes.cnpq.br\/7956000492760191\" target=\"_blank\" rel=\"noopener\">Luiz Fernando Minello<\/a> e de toda sua equipe que entre docentes, pesquisadores, Tradutores (TILs), formadores e demais membros de apoio atingem cerca de 150 pessoas. Prosseguindo a Reitora deu as boas vindas a todos e todas presentes no Curso, ressaltou a import\u00e2ncia do tema e de sua felicidade em estar presente por atuar como arquiteta na inclus\u00e3o atrav\u00e9s da adequa\u00e7\u00e3o dos acessos e instala\u00e7\u00f5es \u00e0 acessibilidade, dentre outros temas abordados\u00a0 na sua fala.<\/p>\n<p style=\"text-align: justify\">Na sequencia do Diretor do IB ressaltou a import\u00e2ncia do tema e na felicidade da Unidade poder estar ofertando essa oportunidade de compartilhar saberes a todos recantos do Brasil e salientou as dificuldades dos gestores para essas ofertas, mas que a supera\u00e7\u00e3o delas \u00e9 necess\u00e1ria, mesmo que com poucos recursos humanos, pois o saber tem que ser compartilhado. Apresentou o Instituto de Biologias, em especial o <a href=\"https:\/\/wp.ufpel.edu.br\/nepca\/\" target=\"_blank\" rel=\"noopener\">NEPCA\/IB<\/a> (N\u00facleo de Estudos e Pesquisa em Cogni\u00e7\u00e3o e Aprendizagem) e sua equipe agradecendo o trabalho do grupo e desejando um excelente Curso a todos. Posteriormente, foram apresentadas a psicopedagoga <a href=\"http:\/\/lattes.cnpq.br\/8337958710401280\" target=\"_blank\" rel=\"noopener\">D\u00e9bora Jacks<\/a>, a psic\u00f3loga <a href=\"http:\/\/lattes.cnpq.br\/9427058215163139\" target=\"_blank\" rel=\"noopener\">Clarissa Bilhalva<\/a> e a enfermeira Giovana Rodrigues que atuar\u00e3o nesse Curso de Gest\u00e3o juntamente com 11 tutores e outros membros da equipe de apoio. Prosseguindo as atividades foi apresentada a professora <a href=\"http:\/\/lattes.cnpq.br\/3016473193550386\" target=\"_blank\" rel=\"noopener\">Maria de F\u00e1tima C\u00f3ssio<\/a>, pr\u00f3-reitora de Ensino da UFPEL que palestrou sobre o tema <strong>Educa\u00e7\u00e3o Inclusiva e o Papel do Gestor<\/strong>. O curso prosseguiu durante a manh\u00e3 com debates ap\u00f3s a palestra. A Dire\u00e7\u00e3o do Instituto de Biologia deseja \u00eaxito a equipe da professora Rita e a todos cursantes sendo que esse curso se estender\u00e1 at\u00e9 o dia\u00a0 31 de outubro do corrente ano.<\/p>\n<p>Veja a segui imagens da abertura do evento e o calend\u00e1rio de oferta de Cursos em AEE.<\/p>\n<p><a href=\"https:\/\/wp.ufpel.edu.br\/ib\/files\/2021\/08\/WhatsApp-Image-2021-08-21-at-10.37.33.jpeg\"><img class=\"size-medium wp-image-2995 aligncenter\" src=\"https:\/\/wp.ufpel.edu.br\/ib\/files\/2021\/08\/WhatsApp-Image-2021-08-21-at-10.37.33-400x225.jpeg\" alt=\"\" width=\"400\" height=\"225\" \/><\/a> <a href=\"https:\/\/wp.ufpel.edu.br\/ib\/files\/2021\/08\/WhatsApp-Image-2021-08-21-at-10.37.34.jpeg\"><img class=\"size-medium wp-image-2997 aligncenter\" src=\"https:\/\/wp.ufpel.edu.br\/ib\/files\/2021\/08\/WhatsApp-Image-2021-08-21-at-10.37.34-400x225.jpeg\" alt=\"\" width=\"400\" height=\"225\" \/><\/a> <a href=\"https:\/\/wp.ufpel.edu.br\/ib\/files\/2021\/08\/WhatsApp-Image-2021-08-21-at-10.46.42.jpeg\"><img class=\"size-medium wp-image-2998 aligncenter\" src=\"https:\/\/wp.ufpel.edu.br\/ib\/files\/2021\/08\/WhatsApp-Image-2021-08-21-at-10.46.42-400x225.jpeg\" alt=\"\" width=\"400\" height=\"225\" \/><\/a> <a href=\"https:\/\/wp.ufpel.edu.br\/ib\/files\/2021\/08\/WhatsApp-Image-2021-08-21-at-10.47.48.jpeg\"><img class=\"size-medium wp-image-2999 aligncenter\" src=\"https:\/\/wp.ufpel.edu.br\/ib\/files\/2021\/08\/WhatsApp-Image-2021-08-21-at-10.47.48-400x225.jpeg\" alt=\"\" width=\"400\" height=\"225\" \/><\/a><\/p>\n<p><a href=\"https:\/\/wp.ufpel.edu.br\/ib\/files\/2021\/08\/ofertas-2021.pdf\">ofertas 2021<\/a><\/p>\n","protected":false},"excerpt":{"rendered":"<p>Na manh\u00e3 de hoje (21\/08\/2021) dando continuidade a oferta de Cursos de Extens\u00e3o em Atendimento Educacional Especializado (AEE), as 10 horas, foi aberto de forma remota o Curso de Gest\u00e3o em Educa\u00e7\u00e3o Especial e Educa\u00e7\u00e3o Inclusiva. Na oportunidade a sess\u00e3o foi aberta com um v\u00eddeo sobre a UFPEL ap\u00f3s a apresenta\u00e7\u00e3o da equipe pela professora [&hellip;]<\/p>\n","protected":false},"author":488,"featured_media":0,"comment_status":"closed","ping_status":"closed","sticky":false,"template":"","format":"standard","meta":{"jetpack_post_was_ever_published":false,"_jetpack_newsletter_access":"","_jetpack_dont_email_post_to_subs":false,"_jetpack_newsletter_tier_id":0,"_jetpack_memberships_contains_paywalled_content":false,"_jetpack_memberships_contains_paid_content":false,"footnotes":""},"categories":[18],"tags":[],"class_list":["post-2990","post","type-post","status-publish","format-standard","hentry","category-sem-categoria"],"jetpack_featured_media_url":"","jetpack_sharing_enabled":true,"jetpack_shortlink":"https:\/\/wp.me\/p6S2gY-Me","_links":{"self":[{"href":"https:\/\/wp.ufpel.edu.br\/ib\/wp-json\/wp\/v2\/posts\/2990","targetHints":{"allow":["GET"]}}],"collection":[{"href":"https:\/\/wp.ufpel.edu.br\/ib\/wp-json\/wp\/v2\/posts"}],"about":[{"href":"https:\/\/wp.ufpel.edu.br\/ib\/wp-json\/wp\/v2\/types\/post"}],"author":[{"embeddable":true,"href":"https:\/\/wp.ufpel.edu.br\/ib\/wp-json\/wp\/v2\/users\/488"}],"replies":[{"embeddable":true,"href":"https:\/\/wp.ufpel.edu.br\/ib\/wp-json\/wp\/v2\/comments?post=2990"}],"version-history":[{"count":9,"href":"https:\/\/wp.ufpel.edu.br\/ib\/wp-json\/wp\/v2\/posts\/2990\/revisions"}],"predecessor-version":[{"id":3006,"href":"https:\/\/wp.ufpel.edu.br\/ib\/wp-json\/wp\/v2\/posts\/2990\/revisions\/3006"}],"wp:attachment":[{"href":"https:\/\/wp.ufpel.edu.br\/ib\/wp-json\/wp\/v2\/media?parent=2990"}],"wp:term":[{"taxonomy":"category","embeddable":true,"href":"https:\/\/wp.ufpel.edu.br\/ib\/wp-json\/wp\/v2\/categories?post=2990"},{"taxonomy":"post_tag","embeddable":true,"href":"https:\/\/wp.ufpel.edu.br\/ib\/wp-json\/wp\/v2\/tags?post=2990"}],"curies":[{"name":"wp","href":"https:\/\/api.w.org\/{rel}","templated":true}]}}