{"id":2942,"date":"2021-08-02T14:28:44","date_gmt":"2021-08-02T17:28:44","guid":{"rendered":"https:\/\/wp.ufpel.edu.br\/ib\/?p=2942"},"modified":"2021-08-02T14:28:44","modified_gmt":"2021-08-02T17:28:44","slug":"gip-palestra-producao-audiovisual","status":"publish","type":"post","link":"https:\/\/wp.ufpel.edu.br\/ib\/2021\/08\/02\/gip-palestra-producao-audiovisual\/","title":{"rendered":"GIP &#8211; Palestra &#8220;Produ\u00e7\u00e3o Audiovisual\u201d"},"content":{"rendered":"<blockquote>\n<div dir=\"ltr\">\n<blockquote>\n<div dir=\"ltr\">\n<div class=\"x_ydp746a1403yahoo-style-wrap\">\n<div dir=\"ltr\">\n<div>\n<p style=\"text-align: center\"><a href=\"https:\/\/wp.ufpel.edu.br\/ib\/files\/2021\/08\/WhatsApp-Image-2021-08-02-at-09.22.08.jpeg\"><img class=\"alignnone size-medium wp-image-2944\" src=\"https:\/\/wp.ufpel.edu.br\/ib\/files\/2021\/08\/WhatsApp-Image-2021-08-02-at-09.22.08-283x400.jpeg\" alt=\"\" width=\"283\" height=\"400\" \/><\/a><\/p>\n<p class=\"x_ydp44ad79a3MsoNormal\" style=\"text-align: justify\">Os professores integrantes do Grupo de Interlocu\u00e7\u00e3o Pedag\u00f3gica do IB organizaram o II Encontro de Professores do IB, como parte da Semana de Planejamento da UFPel, quando ser\u00e1 ministrada palestra intitulada <b>\u201cProdu\u00e7\u00e3o Audiovisual\u201d<\/b>\u00a0no\u00a0<b>dia 03\/08 as 9h<\/b>\u00a0pelo link\u00a0<a title=\"Protegido pelo Outlook: https:\/\/meet.google.com\/mqz-hpwa-vge. Clique ou toque para seguir o link.\" href=\"https:\/\/na01.safelinks.protection.outlook.com\/?url=https%3A%2F%2Fmeet.google.com%2Fmqz-hpwa-vge&amp;data=04%7C01%7C%7C4c944d7606d242a8ae5d08d955b01215%7C84df9e7fe9f640afb435aaaaaaaaaaaa%7C1%7C0%7C637635036969113321%7CUnknown%7CTWFpbGZsb3d8eyJWIjoiMC4wLjAwMDAiLCJQIjoiV2luMzIiLCJBTiI6Ik1haWwiLCJXVCI6Mn0%3D%7C1000&amp;sdata=odyJytYzb8yO9o8xzv%2FHpZqpA%2FYWSCIfYoK%2Byo0Hpbg%3D&amp;reserved=0\" target=\"_blank\" rel=\"nofollow noopener noreferrer\" data-auth=\"Verified\" data-linkindex=\"1\">Meet: mqz-hpwa-vge (google.com)<\/a>, pelo Prof. Dr. Raymundo Filho, do IFSUL. O professor Raymundo \u00e9 Doutor em Inform\u00e1tica na Educa\u00e7\u00e3o pela Universidade Federal do Rio Grande do Sul (2008), ex-Coordenador Geral de Tecnologias da Educa\u00e7\u00e3o da Secretaria de Educa\u00e7\u00e3o B\u00e1sica do Minist\u00e9rio da Educa\u00e7\u00e3o e, atualmente, professor do Instituto Federal de Educa\u00e7\u00e3o, Ci\u00eancia e Tecnologia Sul-rio-grandense (IFSUL). Coordenador do N\u00facleo de Apoio a Pessoas com Necessidades Espec\u00edficas (NAPNE) do Campus Pelotas Visconde da Gra\u00e7a do IFSUL e coordenador do Programa de P\u00f3s-gradua\u00e7\u00e3o em Ci\u00eancias e Tecnologias na Educa\u00e7\u00e3o (PPGCITED) desta institui\u00e7\u00e3o, coordenador do Eixo Educa\u00e7\u00e3o do Conselho Superior Socioecon\u00f4mico de Desenvolvimento e Inova\u00e7\u00e3o (Conssedi) do munic\u00edpio de Pelotas. Tem experi\u00eancia nas \u00e1reas de Ensino e Inclus\u00e3o, com \u00eanfase em M\u00e9todos e T\u00e9cnicas de Ensino e Gest\u00e3o e Monitoramento de Pol\u00edticas P\u00fablicas para Educa\u00e7\u00e3o B\u00e1sica.<\/p>\n<p class=\"x_ydp44ad79a3MsoNormal\" style=\"text-align: justify\">Paralelo a este evento ocorre a I Semana de Di\u00e1logos Acad\u00eamicos da UFPel, cuja programa\u00e7\u00e3o est\u00e1 dispon\u00edvel no Memorando 1364607 no SEI.<\/p>\n<p class=\"x_ydp44ad79a3MsoNormal\">A ficha de inscri\u00e7\u00e3o est\u00e1 dispon\u00edvel em:<\/p>\n<div><a title=\"Protegido pelo Outlook: https:\/\/docs.google.com\/forms\/d\/e\/1FAIpQLScVmXm86D-FWzZlRcXiYFXKI56Wf2vlG2U3nzOmnDjJkLwWaw\/viewform?usp=sf_link. Clique ou toque para seguir o link.\" href=\"https:\/\/na01.safelinks.protection.outlook.com\/?url=https%3A%2F%2Fdocs.google.com%2Fforms%2Fd%2Fe%2F1FAIpQLScVmXm86D-FWzZlRcXiYFXKI56Wf2vlG2U3nzOmnDjJkLwWaw%2Fviewform%3Fusp%3Dsf_link&amp;data=04%7C01%7C%7C4c944d7606d242a8ae5d08d955b01215%7C84df9e7fe9f640afb435aaaaaaaaaaaa%7C1%7C0%7C637635036969123272%7CUnknown%7CTWFpbGZsb3d8eyJWIjoiMC4wLjAwMDAiLCJQIjoiV2luMzIiLCJBTiI6Ik1haWwiLCJXVCI6Mn0%3D%7C1000&amp;sdata=YQ5itssSmoqxYR7%2F5WXXSCpXaaQiEsrjBt2I0GIG2tY%3D&amp;reserved=0\" target=\"_blank\" rel=\"nofollow noopener noreferrer\" data-auth=\"Verified\" data-linkindex=\"2\">https:\/\/docs.google.com\/forms\/d\/e\/1FAIpQLScVmXm86D-FWzZlRcXiYFXKI56Wf2vlG2U3nzOmnDjJkLwWaw\/viewform?usp=sf_link<\/a><\/div>\n<div><\/div>\n<p class=\"x_ydp44ad79a3MsoNormal\">Eugenia\u00a0\u00a0Bolacel Braga<\/p>\n<p class=\"x_ydp44ad79a3MsoNormal\">Sandra Fiala Rechsteiner<\/p>\n<\/div>\n<\/div>\n<\/div>\n<\/div>\n<\/blockquote>\n<\/div>\n<\/blockquote>\n","protected":false},"excerpt":{"rendered":"<p>Os professores integrantes do Grupo de Interlocu\u00e7\u00e3o Pedag\u00f3gica do IB organizaram o II Encontro de Professores do IB, como parte da Semana de Planejamento da UFPel, quando ser\u00e1 ministrada palestra intitulada \u201cProdu\u00e7\u00e3o Audiovisual\u201d\u00a0no\u00a0dia 03\/08 as 9h\u00a0pelo link\u00a0Meet: mqz-hpwa-vge (google.com), pelo Prof. Dr. Raymundo Filho, do IFSUL. O professor Raymundo \u00e9 Doutor em Inform\u00e1tica na Educa\u00e7\u00e3o [&hellip;]<\/p>\n","protected":false},"author":488,"featured_media":0,"comment_status":"closed","ping_status":"closed","sticky":false,"template":"","format":"standard","meta":{"jetpack_post_was_ever_published":false,"_jetpack_newsletter_access":"","_jetpack_dont_email_post_to_subs":false,"_jetpack_newsletter_tier_id":0,"_jetpack_memberships_contains_paywalled_content":false,"_jetpack_memberships_contains_paid_content":false,"footnotes":""},"categories":[18],"tags":[],"class_list":["post-2942","post","type-post","status-publish","format-standard","hentry","category-sem-categoria"],"jetpack_featured_media_url":"","jetpack_sharing_enabled":true,"jetpack_shortlink":"https:\/\/wp.me\/p6S2gY-Ls","_links":{"self":[{"href":"https:\/\/wp.ufpel.edu.br\/ib\/wp-json\/wp\/v2\/posts\/2942","targetHints":{"allow":["GET"]}}],"collection":[{"href":"https:\/\/wp.ufpel.edu.br\/ib\/wp-json\/wp\/v2\/posts"}],"about":[{"href":"https:\/\/wp.ufpel.edu.br\/ib\/wp-json\/wp\/v2\/types\/post"}],"author":[{"embeddable":true,"href":"https:\/\/wp.ufpel.edu.br\/ib\/wp-json\/wp\/v2\/users\/488"}],"replies":[{"embeddable":true,"href":"https:\/\/wp.ufpel.edu.br\/ib\/wp-json\/wp\/v2\/comments?post=2942"}],"version-history":[{"count":2,"href":"https:\/\/wp.ufpel.edu.br\/ib\/wp-json\/wp\/v2\/posts\/2942\/revisions"}],"predecessor-version":[{"id":2946,"href":"https:\/\/wp.ufpel.edu.br\/ib\/wp-json\/wp\/v2\/posts\/2942\/revisions\/2946"}],"wp:attachment":[{"href":"https:\/\/wp.ufpel.edu.br\/ib\/wp-json\/wp\/v2\/media?parent=2942"}],"wp:term":[{"taxonomy":"category","embeddable":true,"href":"https:\/\/wp.ufpel.edu.br\/ib\/wp-json\/wp\/v2\/categories?post=2942"},{"taxonomy":"post_tag","embeddable":true,"href":"https:\/\/wp.ufpel.edu.br\/ib\/wp-json\/wp\/v2\/tags?post=2942"}],"curies":[{"name":"wp","href":"https:\/\/api.w.org\/{rel}","templated":true}]}}