{"id":2776,"date":"2021-04-30T15:34:47","date_gmt":"2021-04-30T18:34:47","guid":{"rendered":"https:\/\/wp.ufpel.edu.br\/ib\/?p=2776"},"modified":"2021-04-30T15:35:25","modified_gmt":"2021-04-30T18:35:25","slug":"reunioes-conselho-departamental-previstas-a-partir-de-maio-de-2021","status":"publish","type":"post","link":"https:\/\/wp.ufpel.edu.br\/ib\/2021\/04\/30\/reunioes-conselho-departamental-previstas-a-partir-de-maio-de-2021\/","title":{"rendered":"Reuni\u00f5es Conselho Departamental previstas a partir de maio de 2021"},"content":{"rendered":"<p style=\"text-align: justify\">O Presidente do Conselho Departamental, professor Luiz Fernando Minello, divulga o calend\u00e1rio de reuni\u00f5es ordin\u00e1rias do Conselho Departamental a partir do m\u00eas de maio do corrente ano (2021).<\/p>\n<p>13 Maio &#8211; manh\u00e3 (quinta-feira)<br \/>\n17 Junho &#8211; tarde (sexta-feira)<br \/>\n12 Julho &#8211; manh\u00e3 (segunda-feira)<br \/>\n17 Agosto &#8211; tarde (ter\u00e7a-feira)<br \/>\n15 Setembro &#8211; manh\u00e3 (quarta-feira)<br \/>\n14 Outubro &#8211; tarde (quinta-feira)<br \/>\n19 Novembro &#8211; manh\u00e3 (sexta-feira)<br \/>\n15 Dezembro &#8211; tarde (quarta-feira)<\/p>\n<p style=\"text-align: justify\">Informa ainda que para aprecia\u00e7\u00e3o pr\u00e9via dos processos pelas Comiss\u00f5es do Conselho os passos (rito) e prazos est\u00e3o dispon\u00edveis em\u00a0 <a href=\"https:\/\/wp.ufpel.edu.br\/ib\/normas-tramites-de-projetos\/\" target=\"_blank\" rel=\"noopener noreferrer\">https:\/\/wp.ufpel.edu.br\/ib\/normas-tramites-de-projetos\/<\/a><\/p>\n","protected":false},"excerpt":{"rendered":"<p>O Presidente do Conselho Departamental, professor Luiz Fernando Minello, divulga o calend\u00e1rio de reuni\u00f5es ordin\u00e1rias do Conselho Departamental a partir do m\u00eas de maio do corrente ano (2021). 13 Maio &#8211; manh\u00e3 (quinta-feira) 17 Junho &#8211; tarde (sexta-feira) 12 Julho &#8211; manh\u00e3 (segunda-feira) 17 Agosto &#8211; tarde (ter\u00e7a-feira) 15 Setembro &#8211; manh\u00e3 (quarta-feira) 14 Outubro [&hellip;]<\/p>\n","protected":false},"author":488,"featured_media":0,"comment_status":"closed","ping_status":"closed","sticky":false,"template":"","format":"standard","meta":{"jetpack_post_was_ever_published":false,"_jetpack_newsletter_access":"","_jetpack_dont_email_post_to_subs":false,"_jetpack_newsletter_tier_id":0,"_jetpack_memberships_contains_paywalled_content":false,"_jetpack_memberships_contains_paid_content":false,"footnotes":""},"categories":[18],"tags":[],"class_list":["post-2776","post","type-post","status-publish","format-standard","hentry","category-sem-categoria"],"jetpack_featured_media_url":"","jetpack_sharing_enabled":true,"jetpack_shortlink":"https:\/\/wp.me\/p6S2gY-IM","_links":{"self":[{"href":"https:\/\/wp.ufpel.edu.br\/ib\/wp-json\/wp\/v2\/posts\/2776","targetHints":{"allow":["GET"]}}],"collection":[{"href":"https:\/\/wp.ufpel.edu.br\/ib\/wp-json\/wp\/v2\/posts"}],"about":[{"href":"https:\/\/wp.ufpel.edu.br\/ib\/wp-json\/wp\/v2\/types\/post"}],"author":[{"embeddable":true,"href":"https:\/\/wp.ufpel.edu.br\/ib\/wp-json\/wp\/v2\/users\/488"}],"replies":[{"embeddable":true,"href":"https:\/\/wp.ufpel.edu.br\/ib\/wp-json\/wp\/v2\/comments?post=2776"}],"version-history":[{"count":1,"href":"https:\/\/wp.ufpel.edu.br\/ib\/wp-json\/wp\/v2\/posts\/2776\/revisions"}],"predecessor-version":[{"id":2778,"href":"https:\/\/wp.ufpel.edu.br\/ib\/wp-json\/wp\/v2\/posts\/2776\/revisions\/2778"}],"wp:attachment":[{"href":"https:\/\/wp.ufpel.edu.br\/ib\/wp-json\/wp\/v2\/media?parent=2776"}],"wp:term":[{"taxonomy":"category","embeddable":true,"href":"https:\/\/wp.ufpel.edu.br\/ib\/wp-json\/wp\/v2\/categories?post=2776"},{"taxonomy":"post_tag","embeddable":true,"href":"https:\/\/wp.ufpel.edu.br\/ib\/wp-json\/wp\/v2\/tags?post=2776"}],"curies":[{"name":"wp","href":"https:\/\/api.w.org\/{rel}","templated":true}]}}