{"id":2758,"date":"2021-04-16T09:45:14","date_gmt":"2021-04-16T12:45:14","guid":{"rendered":"https:\/\/wp.ufpel.edu.br\/ib\/?p=2758"},"modified":"2021-04-16T09:59:28","modified_gmt":"2021-04-16T12:59:28","slug":"eleicoes-representantes-associados-e-adjuntos-conselho-departamental-chapa-inscrita-adjuntos","status":"publish","type":"post","link":"https:\/\/wp.ufpel.edu.br\/ib\/2021\/04\/16\/eleicoes-representantes-associados-e-adjuntos-conselho-departamental-chapa-inscrita-adjuntos\/","title":{"rendered":"Elei\u00e7\u00f5es representantes Associados e Adjuntos conselho Departamental &#8211; Chapa inscrita Adjuntos"},"content":{"rendered":"<p style=\"text-align: justify\">O Diretor do Instituto de Biologia e Presidente do Conselho Departamental professor Luiz Fernando Minello juntamente com a junta eleitoral informa que somente uma Chapa foi inscrita para representa\u00e7\u00e3o na Classe dos <strong>Adjuntos<\/strong>\u00a0n\u00e3o existindo inscri\u00e7\u00f5es para <strong>Associados<\/strong>. Desse modo, a junta eleitoral mantem a data de\u00a0<strong>20 de abril de 2021, ter\u00e7a-feira, das 9 horas \u00e0s 15 horas,<\/strong> para as elei\u00e7\u00f5es dos <strong>adjuntos<\/strong>. A \u00fanica Chapa inscrita est\u00e1 formada pelas docentes <strong>Francele de Abreu Carlan<\/strong> (titular) e\u00a0<strong>Daiane Drawanz Hartwig<\/strong> (suplente) do Departamento de Microbiologia e Parasitologia.<\/p>\n<p style=\"text-align: justify\">Abre-se novo prazo para inscri\u00e7\u00f5es para representa\u00e7\u00e3o dos <strong>Associados,<\/strong>\u00a0sendo que, a inscri\u00e7\u00e3o de chapas ocorrer\u00e1 no dia<strong> 20 de abril de 2021, das 8 as 15 horas,\u00a0 <\/strong>atrav\u00e9s do\u00a0 <em>e-mail<\/em> do<strong> institutodebiologia@hotmail.com. <\/strong>As elei\u00e7\u00f5es ocorrer\u00e3o na data de\u00a0<strong>22 de abril de 2021, quinta-feira, das 9 horas \u00e0s 15 horas.<\/strong><\/p>\n<p style=\"text-align: justify\">As elei\u00e7\u00f5es ser\u00e3o eletr\u00f4nicas e o acesso ao sistema ser\u00e1 permitido por senha enviada aos docentes das categorias em considera\u00e7\u00e3o via<em> e-mail.<\/em><\/p>\n<p style=\"text-align: justify\">A junta<strong> e<\/strong>leitoral formada pelo professor Eduardo Bernardi e pela Chefe do N\u00facleo Administrativo do IB Rosane Schubert juntamente com a Presid\u00eancia do Conselho Departamental reitera o convite aos docentes das classes em considera\u00e7\u00e3o para participarem do processo<strong>. <\/strong>A chamada encontra-se no processo SEI <strong><a id=\"anchor1437124\" href=\"https:\/\/sei.ufpel.edu.br\/sei\/controlador.php?acao=arvore_visualizar&amp;acao_origem=procedimento_visualizar&amp;id_procedimento=1437124&amp;infra_sistema=100000100&amp;infra_unidade_atual=110000222&amp;infra_hash=7266a8646d4c9bac971e8d89b5336b2a93278aa589b3bfbf085184e97356c9c5\" target=\"ifrVisualizacao\" rel=\"noopener noreferrer\"><span id=\"span1437124\" class=\"\" title=\"Administra\u00e7\u00e3o Geral: Pedidos, Oferecimentos e Informa\u00e7\u00f5es Diversas\">23110.010665\/2021-12 <\/span><\/a>c<\/strong>onvoca\u00e7\u00f5es <a id=\"anchor1437127\" href=\"https:\/\/sei.ufpel.edu.br\/sei\/controlador.php?acao=arvore_visualizar&amp;acao_origem=procedimento_visualizar&amp;id_procedimento=1437124&amp;id_documento=1437127&amp;infra_sistema=100000100&amp;infra_unidade_atual=110000222&amp;infra_hash=bc0787440ce52c39c2d07c9036ab39d8b1104fecbe812ea957261cc71200816e\" target=\"ifrVisualizacao\" rel=\"noopener noreferrer\"><span id=\"span1437127\" class=\"infraArvoreNoVisitado\" title=\"Convoca\u00e7\u00e3o IB 1266777\">Convoca\u00e7\u00e3o B 1266777 <\/span><\/a><img src=\"https:\/\/sei.ufpel.edu.br\/infra_css\/imagens\/espaco.gif\" \/><span style=\"background-color: #d5d5d5\"> e <\/span><a id=\"anchor1437147\" href=\"https:\/\/sei.ufpel.edu.br\/sei\/controlador.php?acao=arvore_visualizar&amp;acao_origem=procedimento_visualizar&amp;id_procedimento=1437124&amp;id_documento=1437147&amp;infra_sistema=100000100&amp;infra_unidade_atual=110000222&amp;infra_hash=1472e250e3ba87d60100e433e27b46671b151074df457f382f89b45ac93a8133\" target=\"ifrVisualizacao\" rel=\"noopener noreferrer\">\u00a0<span id=\"span1437147\" class=\"\" title=\"Convoca\u00e7\u00e3o IB 1266796\">Convoca\u00e7\u00e3o IB 1266796\u00a0<\/span><\/a><img src=\"https:\/\/sei.ufpel.edu.br\/infra_css\/imagens\/espaco.gif\" \/><a id=\"anchor1437168\" href=\"https:\/\/sei.ufpel.edu.br\/sei\/controlador.php?acao=arvore_visualizar&amp;acao_origem=procedimento_visualizar&amp;id_procedimento=1437124&amp;id_documento=1437168&amp;infra_sistema=100000100&amp;infra_unidade_atual=110000222&amp;infra_hash=58a4e42b2def4c97cd45d49b5a5940e0de4de81ca0966a8d62e7b90d62ac0710\" target=\"ifrVisualizacao\" rel=\"noopener noreferrer\"><\/a>.<\/p>\n","protected":false},"excerpt":{"rendered":"<p>O Diretor do Instituto de Biologia e Presidente do Conselho Departamental professor Luiz Fernando Minello juntamente com a junta eleitoral informa que somente uma Chapa foi inscrita para representa\u00e7\u00e3o na Classe dos Adjuntos\u00a0n\u00e3o existindo inscri\u00e7\u00f5es para Associados. Desse modo, a junta eleitoral mantem a data de\u00a020 de abril de 2021, ter\u00e7a-feira, das 9 horas \u00e0s [&hellip;]<\/p>\n","protected":false},"author":488,"featured_media":0,"comment_status":"closed","ping_status":"closed","sticky":false,"template":"","format":"standard","meta":{"jetpack_post_was_ever_published":false,"_jetpack_newsletter_access":"","_jetpack_dont_email_post_to_subs":false,"_jetpack_newsletter_tier_id":0,"_jetpack_memberships_contains_paywalled_content":false,"_jetpack_memberships_contains_paid_content":false,"footnotes":""},"categories":[18],"tags":[],"class_list":["post-2758","post","type-post","status-publish","format-standard","hentry","category-sem-categoria"],"jetpack_featured_media_url":"","jetpack_sharing_enabled":true,"jetpack_shortlink":"https:\/\/wp.me\/p6S2gY-Iu","_links":{"self":[{"href":"https:\/\/wp.ufpel.edu.br\/ib\/wp-json\/wp\/v2\/posts\/2758","targetHints":{"allow":["GET"]}}],"collection":[{"href":"https:\/\/wp.ufpel.edu.br\/ib\/wp-json\/wp\/v2\/posts"}],"about":[{"href":"https:\/\/wp.ufpel.edu.br\/ib\/wp-json\/wp\/v2\/types\/post"}],"author":[{"embeddable":true,"href":"https:\/\/wp.ufpel.edu.br\/ib\/wp-json\/wp\/v2\/users\/488"}],"replies":[{"embeddable":true,"href":"https:\/\/wp.ufpel.edu.br\/ib\/wp-json\/wp\/v2\/comments?post=2758"}],"version-history":[{"count":1,"href":"https:\/\/wp.ufpel.edu.br\/ib\/wp-json\/wp\/v2\/posts\/2758\/revisions"}],"predecessor-version":[{"id":2760,"href":"https:\/\/wp.ufpel.edu.br\/ib\/wp-json\/wp\/v2\/posts\/2758\/revisions\/2760"}],"wp:attachment":[{"href":"https:\/\/wp.ufpel.edu.br\/ib\/wp-json\/wp\/v2\/media?parent=2758"}],"wp:term":[{"taxonomy":"category","embeddable":true,"href":"https:\/\/wp.ufpel.edu.br\/ib\/wp-json\/wp\/v2\/categories?post=2758"},{"taxonomy":"post_tag","embeddable":true,"href":"https:\/\/wp.ufpel.edu.br\/ib\/wp-json\/wp\/v2\/tags?post=2758"}],"curies":[{"name":"wp","href":"https:\/\/api.w.org\/{rel}","templated":true}]}}