{"id":2059,"date":"2019-11-21T11:23:00","date_gmt":"2019-11-21T14:23:00","guid":{"rendered":"https:\/\/wp.ufpel.edu.br\/ib\/?p=2059"},"modified":"2019-11-21T11:26:02","modified_gmt":"2019-11-21T14:26:02","slug":"eleicao-para-representacao-dos-docentes-titulares-e-dos-taes-no-cd-ib","status":"publish","type":"post","link":"https:\/\/wp.ufpel.edu.br\/ib\/2019\/11\/21\/eleicao-para-representacao-dos-docentes-titulares-e-dos-taes-no-cd-ib\/","title":{"rendered":"Elei\u00e7\u00e3o para representa\u00e7\u00e3o dos docentes Titulares e dos TAEs no CD\/IB"},"content":{"rendered":"<p style=\"text-align: justify\">Est\u00e3o abertas as inscri\u00e7\u00f5es para Chapas (Titular e Suplente) para a representa\u00e7\u00e3o da Classe dos <strong>docentes &#8211; Titulares &#8211;<\/strong> e dos <strong>T\u00e9cnicos Administrativos em Educa\u00e7\u00e3o (TAEs)<\/strong> junto ao Conselho Departamental do Instituto de Biologia.<\/p>\n<p style=\"text-align: justify\">As inscri\u00e7\u00f5es poder\u00e3o ser realizadas at\u00e9 dia <strong>25\/11\/2019<\/strong> as <strong><span style=\"font-size: 14pt\">12h00min<\/span><\/strong>. O processo eleitoral acontecer\u00e1 no dia <strong><span style=\"font-size: 14pt\">27\/11\/2019<\/span> <\/strong>no hor\u00e1rio das <strong><span style=\"font-size: 14pt\">9h00min as 15h00min<\/span><\/strong> na Secretaria do Instituto de Biologia, sendo que, para votar os membros das categorias dever\u00e3o apresentar documento de identifica\u00e7\u00e3o.<\/p>\n<p>Participe, fa\u00e7a valer sua representa\u00e7\u00e3o de categoria junto ao Conselho.<\/p>\n","protected":false},"excerpt":{"rendered":"<p>Est\u00e3o abertas as inscri\u00e7\u00f5es para Chapas (Titular e Suplente) para a representa\u00e7\u00e3o da Classe dos docentes &#8211; Titulares &#8211; e dos T\u00e9cnicos Administrativos em Educa\u00e7\u00e3o (TAEs) junto ao Conselho Departamental do Instituto de Biologia. As inscri\u00e7\u00f5es poder\u00e3o ser realizadas at\u00e9 dia 25\/11\/2019 as 12h00min. O processo eleitoral acontecer\u00e1 no dia 27\/11\/2019 no hor\u00e1rio das 9h00min [&hellip;]<\/p>\n","protected":false},"author":488,"featured_media":0,"comment_status":"closed","ping_status":"closed","sticky":false,"template":"","format":"standard","meta":{"jetpack_post_was_ever_published":false,"_jetpack_newsletter_access":"","_jetpack_dont_email_post_to_subs":false,"_jetpack_newsletter_tier_id":0,"_jetpack_memberships_contains_paywalled_content":false,"_jetpack_memberships_contains_paid_content":false,"footnotes":""},"categories":[18],"tags":[],"class_list":["post-2059","post","type-post","status-publish","format-standard","hentry","category-sem-categoria"],"jetpack_featured_media_url":"","jetpack_sharing_enabled":true,"jetpack_shortlink":"https:\/\/wp.me\/p6S2gY-xd","_links":{"self":[{"href":"https:\/\/wp.ufpel.edu.br\/ib\/wp-json\/wp\/v2\/posts\/2059","targetHints":{"allow":["GET"]}}],"collection":[{"href":"https:\/\/wp.ufpel.edu.br\/ib\/wp-json\/wp\/v2\/posts"}],"about":[{"href":"https:\/\/wp.ufpel.edu.br\/ib\/wp-json\/wp\/v2\/types\/post"}],"author":[{"embeddable":true,"href":"https:\/\/wp.ufpel.edu.br\/ib\/wp-json\/wp\/v2\/users\/488"}],"replies":[{"embeddable":true,"href":"https:\/\/wp.ufpel.edu.br\/ib\/wp-json\/wp\/v2\/comments?post=2059"}],"version-history":[{"count":2,"href":"https:\/\/wp.ufpel.edu.br\/ib\/wp-json\/wp\/v2\/posts\/2059\/revisions"}],"predecessor-version":[{"id":2062,"href":"https:\/\/wp.ufpel.edu.br\/ib\/wp-json\/wp\/v2\/posts\/2059\/revisions\/2062"}],"wp:attachment":[{"href":"https:\/\/wp.ufpel.edu.br\/ib\/wp-json\/wp\/v2\/media?parent=2059"}],"wp:term":[{"taxonomy":"category","embeddable":true,"href":"https:\/\/wp.ufpel.edu.br\/ib\/wp-json\/wp\/v2\/categories?post=2059"},{"taxonomy":"post_tag","embeddable":true,"href":"https:\/\/wp.ufpel.edu.br\/ib\/wp-json\/wp\/v2\/tags?post=2059"}],"curies":[{"name":"wp","href":"https:\/\/api.w.org\/{rel}","templated":true}]}}