{"id":2055,"date":"2019-11-21T10:49:44","date_gmt":"2019-11-21T13:49:44","guid":{"rendered":"https:\/\/wp.ufpel.edu.br\/ib\/?p=2055"},"modified":"2019-11-21T10:55:31","modified_gmt":"2019-11-21T13:55:31","slug":"reuniao-ordinaria-do-conselho-departamental-dezembro-2019","status":"publish","type":"post","link":"https:\/\/wp.ufpel.edu.br\/ib\/2019\/11\/21\/reuniao-ordinaria-do-conselho-departamental-dezembro-2019\/","title":{"rendered":"Reuni\u00e3o Ordin\u00e1ria do Conselho Departamental &#8211; Dezembro 2019"},"content":{"rendered":"<p style=\"text-align: justify\">O Conselho Departamental do Instituto de Biologia nesse ano de 2019 at\u00e9 o presente momento realizou 26 reuni\u00f5es (entre ordin\u00e1rias e extraordin\u00e1rias), sendo que, a \u00faltima ocorreu no dia 13\/11\/2019.<\/p>\n<p style=\"text-align: justify\">Foram debatidos diversos temas e tomadas delibera\u00e7\u00f5es sobre assuntos relacionados ao Ensino, a Pesquisa e a Extens\u00e3o dentre outros assuntos abordados.<\/p>\n<p style=\"text-align: justify\">Ocorreu a elabora\u00e7\u00e3o de duas matrizes para a aloca\u00e7\u00e3o de vagas docentes e a distribui\u00e7\u00e3o de tr\u00eas vagas decorrentes de aposentadorias, sendo que, a matriz vigente permitir\u00e1 aos departamento tra\u00e7arem estrat\u00e9gias para seu desenvolvimento e crescimento, pois, possibilita atrav\u00e9s dos dados disponibilizados avaliar suas fragilidades e potencialidades.<\/p>\n<p style=\"text-align: justify\">O calend\u00e1rio de reuni\u00f5es publicado em 07\/02\/2019 para o primeiro e segundo semestres foi cumprido de acordo com o previsto (07.03.2019 \u2013 8:30 horas 27.03.2019 \u2013 14:00 horas \u2013 RAAD 11.04.2019 \u2013 14:00 horas 10.05.2019 \u2013 8:30 horas 14.06.2019 \u2013 14:00 horas 08.07.2019 \u2013 8:30 horas 12.08.2019 \u2013 14:00 horas 10.09.2019 \u2013 8:30 horas 08.10.2019 \u2013 14:00 horas 13.11.2019 \u2013 8:30 horas) 18.12.2019 \u2013 14:00 horas), assim como, foram realizadas diversas reuni\u00f5es extraordin\u00e1rias atendendo as necessidades de aprecia\u00e7\u00e3o de distintos temas pelo Conselho a saber: RAAD, Matriz de Aloca\u00e7\u00e3o de Vagas Docentes, PDU, Minuta de Processos Seletivos Docentes do COCEPE, dentre outros.<\/p>\n<p style=\"text-align: justify\"><span style=\"font-size: 18pt;background-color: #ffff00\"><strong>Alertamos<\/strong> <\/span>que a reuni\u00e3o do dia<span style=\"font-size: 18pt;color: #ff0000;background-color: #00ffff\"><strong> 18.12.2019 \u2013 14:00 horas<\/strong> <\/span>ser\u00e1 a de encerramento das atividades do Conselho no ano de 2019 e que os processos a serem apreciados dever\u00e3o obedecer aos prazos regimentais, portanto, pedimos aten\u00e7\u00e3o aos membros da Comunidade para a <span style=\"background-color: #ffff00\"><strong>observa\u00e7\u00e3o dessa data e respectivos prazos<\/strong>.<\/span><\/p>\n","protected":false},"excerpt":{"rendered":"<p>O Conselho Departamental do Instituto de Biologia nesse ano de 2019 at\u00e9 o presente momento realizou 26 reuni\u00f5es (entre ordin\u00e1rias e extraordin\u00e1rias), sendo que, a \u00faltima ocorreu no dia 13\/11\/2019. Foram debatidos diversos temas e tomadas delibera\u00e7\u00f5es sobre assuntos relacionados ao Ensino, a Pesquisa e a Extens\u00e3o dentre outros assuntos abordados. Ocorreu a elabora\u00e7\u00e3o de [&hellip;]<\/p>\n","protected":false},"author":488,"featured_media":0,"comment_status":"closed","ping_status":"closed","sticky":false,"template":"","format":"standard","meta":{"jetpack_post_was_ever_published":false,"_jetpack_newsletter_access":"","_jetpack_dont_email_post_to_subs":false,"_jetpack_newsletter_tier_id":0,"_jetpack_memberships_contains_paywalled_content":false,"_jetpack_memberships_contains_paid_content":false,"footnotes":""},"categories":[18],"tags":[],"class_list":["post-2055","post","type-post","status-publish","format-standard","hentry","category-sem-categoria"],"jetpack_featured_media_url":"","jetpack_sharing_enabled":true,"jetpack_shortlink":"https:\/\/wp.me\/p6S2gY-x9","_links":{"self":[{"href":"https:\/\/wp.ufpel.edu.br\/ib\/wp-json\/wp\/v2\/posts\/2055","targetHints":{"allow":["GET"]}}],"collection":[{"href":"https:\/\/wp.ufpel.edu.br\/ib\/wp-json\/wp\/v2\/posts"}],"about":[{"href":"https:\/\/wp.ufpel.edu.br\/ib\/wp-json\/wp\/v2\/types\/post"}],"author":[{"embeddable":true,"href":"https:\/\/wp.ufpel.edu.br\/ib\/wp-json\/wp\/v2\/users\/488"}],"replies":[{"embeddable":true,"href":"https:\/\/wp.ufpel.edu.br\/ib\/wp-json\/wp\/v2\/comments?post=2055"}],"version-history":[{"count":2,"href":"https:\/\/wp.ufpel.edu.br\/ib\/wp-json\/wp\/v2\/posts\/2055\/revisions"}],"predecessor-version":[{"id":2058,"href":"https:\/\/wp.ufpel.edu.br\/ib\/wp-json\/wp\/v2\/posts\/2055\/revisions\/2058"}],"wp:attachment":[{"href":"https:\/\/wp.ufpel.edu.br\/ib\/wp-json\/wp\/v2\/media?parent=2055"}],"wp:term":[{"taxonomy":"category","embeddable":true,"href":"https:\/\/wp.ufpel.edu.br\/ib\/wp-json\/wp\/v2\/categories?post=2055"},{"taxonomy":"post_tag","embeddable":true,"href":"https:\/\/wp.ufpel.edu.br\/ib\/wp-json\/wp\/v2\/tags?post=2055"}],"curies":[{"name":"wp","href":"https:\/\/api.w.org\/{rel}","templated":true}]}}