{"id":2009,"date":"2019-11-05T16:46:46","date_gmt":"2019-11-05T19:46:46","guid":{"rendered":"https:\/\/wp.ufpel.edu.br\/ib\/?p=2009"},"modified":"2019-11-05T16:49:46","modified_gmt":"2019-11-05T19:49:46","slug":"aberto-xi-simposio-de-ecologia-genetica-e-evolucao-de-drosophila","status":"publish","type":"post","link":"https:\/\/wp.ufpel.edu.br\/ib\/2019\/11\/05\/aberto-xi-simposio-de-ecologia-genetica-e-evolucao-de-drosophila\/","title":{"rendered":"Aberto XI Simp\u00f3sio de Ecologia, Gen\u00e9tica e Evolu\u00e7\u00e3o de Drosophila"},"content":{"rendered":"<p style=\"text-align: justify\">No audit\u00f3rio CEHUS<em> (Centro de P\u00f3s-Gradua\u00e7\u00e3o e Pesquisas em Ci\u00eancias Humanas, Sociais, Sociais Aplicadas, Artes e Linguagem, <\/em><em>R. Cel. Alberto Rosa, 117 &#8211; Centro, Pelotas &#8211; RS, 96010-770) <\/em>na segunda feira passada (04\/11\/2019)\u00a0 foi aberto o Simp\u00f3sio de Ecologia, Gen\u00e9tica e Evolu\u00e7\u00e3o de <em>Drosophila<\/em> da UFPEL O evento contou com a participa\u00e7\u00e3o do Reitor Pedro Rodrigues Curi Hallal, do Diretor do Instituto de Biologia &#8211; Luiz Fernando Minello, dos Coordenadores dos P\u00f3s-Gradua\u00e7\u00e3o em Entomologia &#8211; Marco Antonio Tonus Marinho e Biologia Animal &#8211; Cristiano Agra Iserhard e do Presidente da Comiss\u00e3o Organizadora\u00a0 &#8211; Marco Silva Gottschalk al\u00e9m de convidados, conferencistas, docentes, discentes de gradua\u00e7\u00e3o e p\u00f3s-gradua\u00e7\u00e3o participantes do evento.\u00a0 O evento ser\u00e1 realizado de 4 a 7 do corrente m\u00eas nas depend\u00eancias da UFPEL contando dentre outras atividades com a realiza\u00e7\u00e3o de atividades junto ao Mercado P\u00fablico Municipal de Pelotas. Parabenizamos os professores Marco Gottschalk e M\u00f4nica Laner Blauth, assim como aos demais colaboradores da equipe organizadora do evento e desejamos sucesso nas atividades em desenvolvimento.\u00a0 (https:\/\/wp.ufpel.edu.br\/seged\/author\/seged\/)<\/p>\n<p><img class=\"size-medium wp-image-2014 aligncenter\" src=\"https:\/\/wp.ufpel.edu.br\/ib\/files\/2019\/11\/DSC08888-400x225.jpg\" alt=\"\" width=\"400\" height=\"225\" srcset=\"https:\/\/wp.ufpel.edu.br\/ib\/files\/2019\/11\/DSC08888-400x225.jpg 400w, https:\/\/wp.ufpel.edu.br\/ib\/files\/2019\/11\/DSC08888-768x432.jpg 768w, https:\/\/wp.ufpel.edu.br\/ib\/files\/2019\/11\/DSC08888-1024x575.jpg 1024w\" sizes=\"(max-width: 400px) 100vw, 400px\" \/><a href=\"https:\/\/wp.ufpel.edu.br\/ib\/files\/2019\/11\/DSC08916.jpg\"><img class=\"alignnone size-medium wp-image-2012 aligncenter\" src=\"https:\/\/wp.ufpel.edu.br\/ib\/files\/2019\/11\/DSC08916-400x225.jpg\" alt=\"\" width=\"400\" height=\"225\" srcset=\"https:\/\/wp.ufpel.edu.br\/ib\/files\/2019\/11\/DSC08916-400x225.jpg 400w, https:\/\/wp.ufpel.edu.br\/ib\/files\/2019\/11\/DSC08916-768x432.jpg 768w, https:\/\/wp.ufpel.edu.br\/ib\/files\/2019\/11\/DSC08916-1024x575.jpg 1024w\" sizes=\"(max-width: 400px) 100vw, 400px\" \/><\/a><a href=\"https:\/\/wp.ufpel.edu.br\/ib\/files\/2019\/11\/DSC08896.jpg\"><img class=\"size-medium wp-image-2013 aligncenter\" src=\"https:\/\/wp.ufpel.edu.br\/ib\/files\/2019\/11\/DSC08896-400x225.jpg\" alt=\"\" width=\"400\" height=\"225\" srcset=\"https:\/\/wp.ufpel.edu.br\/ib\/files\/2019\/11\/DSC08896-400x225.jpg 400w, https:\/\/wp.ufpel.edu.br\/ib\/files\/2019\/11\/DSC08896-768x432.jpg 768w, https:\/\/wp.ufpel.edu.br\/ib\/files\/2019\/11\/DSC08896-1024x575.jpg 1024w\" sizes=\"(max-width: 400px) 100vw, 400px\" \/><\/a><img class=\"alignnone size-medium wp-image-2011 aligncenter\" src=\"https:\/\/wp.ufpel.edu.br\/ib\/files\/2019\/11\/DSC08982-400x225.jpg\" alt=\"\" width=\"400\" height=\"225\" srcset=\"https:\/\/wp.ufpel.edu.br\/ib\/files\/2019\/11\/DSC08982-400x225.jpg 400w, https:\/\/wp.ufpel.edu.br\/ib\/files\/2019\/11\/DSC08982-768x432.jpg 768w, https:\/\/wp.ufpel.edu.br\/ib\/files\/2019\/11\/DSC08982-1024x575.jpg 1024w\" sizes=\"(max-width: 400px) 100vw, 400px\" \/><\/p>\n","protected":false},"excerpt":{"rendered":"<p>No audit\u00f3rio CEHUS (Centro de P\u00f3s-Gradua\u00e7\u00e3o e Pesquisas em Ci\u00eancias Humanas, Sociais, Sociais Aplicadas, Artes e Linguagem, R. Cel. Alberto Rosa, 117 &#8211; Centro, Pelotas &#8211; RS, 96010-770) na segunda feira passada (04\/11\/2019)\u00a0 foi aberto o Simp\u00f3sio de Ecologia, Gen\u00e9tica e Evolu\u00e7\u00e3o de Drosophila da UFPEL O evento contou com a participa\u00e7\u00e3o do Reitor Pedro [&hellip;]<\/p>\n","protected":false},"author":488,"featured_media":0,"comment_status":"closed","ping_status":"closed","sticky":false,"template":"","format":"standard","meta":{"jetpack_post_was_ever_published":false,"_jetpack_newsletter_access":"","_jetpack_dont_email_post_to_subs":false,"_jetpack_newsletter_tier_id":0,"_jetpack_memberships_contains_paywalled_content":false,"_jetpack_memberships_contains_paid_content":false,"footnotes":""},"categories":[18],"tags":[],"class_list":["post-2009","post","type-post","status-publish","format-standard","hentry","category-sem-categoria"],"jetpack_featured_media_url":"","jetpack_sharing_enabled":true,"jetpack_shortlink":"https:\/\/wp.me\/p6S2gY-wp","_links":{"self":[{"href":"https:\/\/wp.ufpel.edu.br\/ib\/wp-json\/wp\/v2\/posts\/2009","targetHints":{"allow":["GET"]}}],"collection":[{"href":"https:\/\/wp.ufpel.edu.br\/ib\/wp-json\/wp\/v2\/posts"}],"about":[{"href":"https:\/\/wp.ufpel.edu.br\/ib\/wp-json\/wp\/v2\/types\/post"}],"author":[{"embeddable":true,"href":"https:\/\/wp.ufpel.edu.br\/ib\/wp-json\/wp\/v2\/users\/488"}],"replies":[{"embeddable":true,"href":"https:\/\/wp.ufpel.edu.br\/ib\/wp-json\/wp\/v2\/comments?post=2009"}],"version-history":[{"count":4,"href":"https:\/\/wp.ufpel.edu.br\/ib\/wp-json\/wp\/v2\/posts\/2009\/revisions"}],"predecessor-version":[{"id":2018,"href":"https:\/\/wp.ufpel.edu.br\/ib\/wp-json\/wp\/v2\/posts\/2009\/revisions\/2018"}],"wp:attachment":[{"href":"https:\/\/wp.ufpel.edu.br\/ib\/wp-json\/wp\/v2\/media?parent=2009"}],"wp:term":[{"taxonomy":"category","embeddable":true,"href":"https:\/\/wp.ufpel.edu.br\/ib\/wp-json\/wp\/v2\/categories?post=2009"},{"taxonomy":"post_tag","embeddable":true,"href":"https:\/\/wp.ufpel.edu.br\/ib\/wp-json\/wp\/v2\/tags?post=2009"}],"curies":[{"name":"wp","href":"https:\/\/api.w.org\/{rel}","templated":true}]}}