{"id":1984,"date":"2019-10-16T10:54:35","date_gmt":"2019-10-16T13:54:35","guid":{"rendered":"https:\/\/wp.ufpel.edu.br\/ib\/?p=1984"},"modified":"2019-10-16T11:00:10","modified_gmt":"2019-10-16T14:00:10","slug":"inauguracao-do-lacev-parceria-ib-e-ifm","status":"publish","type":"post","link":"https:\/\/wp.ufpel.edu.br\/ib\/2019\/10\/16\/inauguracao-do-lacev-parceria-ib-e-ifm\/","title":{"rendered":"Inaugura\u00e7\u00e3o do LACEV &#8211; Parceria IB e IFM"},"content":{"rendered":"<p style=\"text-align: justify\">No dia 15\/10\/2019 foi oficialmente inaugurado o Laborat\u00f3rio de Cogni\u00e7\u00e3o e Eletrofisiologia Vegetal (LACEV, <a title=\"Protegido pelo Outlook: https:\/\/wp.ufpel.edu.br\/lacev\/. Clique ou toque para seguir o link.\" href=\"https:\/\/eur02.safelinks.protection.outlook.com\/?url=https%3A%2F%2Fwp.ufpel.edu.br%2Flacev%2F&amp;data=02%7C01%7C%7C6b90c42c7a1e4304d37408d752324d70%7C84df9e7fe9f640afb435aaaaaaaaaaaa%7C1%7C0%7C637068248352362477&amp;sdata=NoYdoJiK%2FiBNJhZhpP7OPNuxJJY%2BHy9SggZDitKTrP4%3D&amp;reserved=0\" target=\"_blank\" rel=\"noopener noreferrer\" data-auth=\"Verified\">https:\/\/wp.ufpel.edu.br\/lacev\/<\/a>), uma iniciativa conjunta dos docentes do PPG em Fisiologia Vegetal e do PPG em Modelagem Matem\u00e1tica, Gustavo Maia Souza (IB) e Willian Silva Barros (IFM). O LACEV \u00e9 essencialmente um espa\u00e7o de pesquisa interdisciplinar que tem por objetivo contribuir para a constru\u00e7\u00e3o de uma nova perspectiva das plantas como sistemas cognitivos inteligentes em sua interface com o ambiente externo. Al\u00e9m de projetos de pesquisa experimental e te\u00f3rica nos temas de mem\u00f3ria e aprendizagem, comunica\u00e7\u00e3o planta-planta, e sinaliza\u00e7\u00e3o de longa dist\u00e2ncia; tamb\u00e9m \u00e9 estudado o desenvolvimento de modelos matem\u00e1ticos e computacionais dos fen\u00f4menos relacionados. Parab\u00e9ns a equipe pela iniciativa e desejamos \u00eaxito nas atividades do laborat\u00f3rio.<\/p>\n<p><a href=\"https:\/\/wp.ufpel.edu.br\/ib\/files\/2019\/10\/IMG_20191015_120245974-1.jpg\"><img class=\"size-medium wp-image-1990 aligncenter\" src=\"https:\/\/wp.ufpel.edu.br\/ib\/files\/2019\/10\/IMG_20191015_120245974-1-400x225.jpg\" alt=\"\" width=\"400\" height=\"225\" srcset=\"https:\/\/wp.ufpel.edu.br\/ib\/files\/2019\/10\/IMG_20191015_120245974-1-400x225.jpg 400w, https:\/\/wp.ufpel.edu.br\/ib\/files\/2019\/10\/IMG_20191015_120245974-1-768x432.jpg 768w, https:\/\/wp.ufpel.edu.br\/ib\/files\/2019\/10\/IMG_20191015_120245974-1-1024x576.jpg 1024w, https:\/\/wp.ufpel.edu.br\/ib\/files\/2019\/10\/IMG_20191015_120245974-1.jpg 1096w\" sizes=\"(max-width: 400px) 100vw, 400px\" \/><\/a><a href=\"https:\/\/wp.ufpel.edu.br\/ib\/files\/2019\/10\/IMG_20191015_121300706.jpg\"> <img class=\"size-medium wp-image-1986 aligncenter\" src=\"https:\/\/wp.ufpel.edu.br\/ib\/files\/2019\/10\/IMG_20191015_121300706-400x225.jpg\" alt=\"\" width=\"400\" height=\"225\" srcset=\"https:\/\/wp.ufpel.edu.br\/ib\/files\/2019\/10\/IMG_20191015_121300706-400x225.jpg 400w, https:\/\/wp.ufpel.edu.br\/ib\/files\/2019\/10\/IMG_20191015_121300706-768x432.jpg 768w, https:\/\/wp.ufpel.edu.br\/ib\/files\/2019\/10\/IMG_20191015_121300706-1024x576.jpg 1024w, https:\/\/wp.ufpel.edu.br\/ib\/files\/2019\/10\/IMG_20191015_121300706.jpg 1096w\" sizes=\"(max-width: 400px) 100vw, 400px\" \/><\/a><a href=\"https:\/\/wp.ufpel.edu.br\/ib\/files\/2019\/10\/IMG_20191015_120428680.jpg\"><img class=\"size-medium wp-image-1989 aligncenter\" src=\"https:\/\/wp.ufpel.edu.br\/ib\/files\/2019\/10\/IMG_20191015_120428680-400x225.jpg\" alt=\"\" width=\"400\" height=\"225\" srcset=\"https:\/\/wp.ufpel.edu.br\/ib\/files\/2019\/10\/IMG_20191015_120428680-400x225.jpg 400w, https:\/\/wp.ufpel.edu.br\/ib\/files\/2019\/10\/IMG_20191015_120428680-768x432.jpg 768w, https:\/\/wp.ufpel.edu.br\/ib\/files\/2019\/10\/IMG_20191015_120428680-1024x576.jpg 1024w, https:\/\/wp.ufpel.edu.br\/ib\/files\/2019\/10\/IMG_20191015_120428680.jpg 1096w\" sizes=\"(max-width: 400px) 100vw, 400px\" \/><\/a><a href=\"https:\/\/wp.ufpel.edu.br\/ib\/files\/2019\/10\/IMG_20191015_122749941_HDR.jpg\"> <img class=\"size-medium wp-image-1987 aligncenter\" src=\"https:\/\/wp.ufpel.edu.br\/ib\/files\/2019\/10\/IMG_20191015_122749941_HDR-400x225.jpg\" alt=\"\" width=\"400\" height=\"225\" srcset=\"https:\/\/wp.ufpel.edu.br\/ib\/files\/2019\/10\/IMG_20191015_122749941_HDR-400x225.jpg 400w, https:\/\/wp.ufpel.edu.br\/ib\/files\/2019\/10\/IMG_20191015_122749941_HDR-768x432.jpg 768w, https:\/\/wp.ufpel.edu.br\/ib\/files\/2019\/10\/IMG_20191015_122749941_HDR-1024x576.jpg 1024w, https:\/\/wp.ufpel.edu.br\/ib\/files\/2019\/10\/IMG_20191015_122749941_HDR.jpg 1096w\" sizes=\"(max-width: 400px) 100vw, 400px\" \/><\/a><a href=\"https:\/\/wp.ufpel.edu.br\/ib\/files\/2019\/10\/IMG_20191015_122755469.jpg\"><img class=\"size-medium wp-image-1988 aligncenter\" src=\"https:\/\/wp.ufpel.edu.br\/ib\/files\/2019\/10\/IMG_20191015_122755469-400x225.jpg\" alt=\"\" width=\"400\" height=\"225\" srcset=\"https:\/\/wp.ufpel.edu.br\/ib\/files\/2019\/10\/IMG_20191015_122755469-400x225.jpg 400w, https:\/\/wp.ufpel.edu.br\/ib\/files\/2019\/10\/IMG_20191015_122755469-768x432.jpg 768w, https:\/\/wp.ufpel.edu.br\/ib\/files\/2019\/10\/IMG_20191015_122755469-1024x576.jpg 1024w, https:\/\/wp.ufpel.edu.br\/ib\/files\/2019\/10\/IMG_20191015_122755469.jpg 1096w\" sizes=\"(max-width: 400px) 100vw, 400px\" \/><\/a><\/p>\n","protected":false},"excerpt":{"rendered":"<p>No dia 15\/10\/2019 foi oficialmente inaugurado o Laborat\u00f3rio de Cogni\u00e7\u00e3o e Eletrofisiologia Vegetal (LACEV, https:\/\/wp.ufpel.edu.br\/lacev\/), uma iniciativa conjunta dos docentes do PPG em Fisiologia Vegetal e do PPG em Modelagem Matem\u00e1tica, Gustavo Maia Souza (IB) e Willian Silva Barros (IFM). O LACEV \u00e9 essencialmente um espa\u00e7o de pesquisa interdisciplinar que tem por objetivo contribuir para [&hellip;]<\/p>\n","protected":false},"author":488,"featured_media":0,"comment_status":"closed","ping_status":"closed","sticky":false,"template":"","format":"standard","meta":{"jetpack_post_was_ever_published":false,"_jetpack_newsletter_access":"","_jetpack_dont_email_post_to_subs":false,"_jetpack_newsletter_tier_id":0,"_jetpack_memberships_contains_paywalled_content":false,"_jetpack_memberships_contains_paid_content":false,"footnotes":""},"categories":[18],"tags":[],"class_list":["post-1984","post","type-post","status-publish","format-standard","hentry","category-sem-categoria"],"jetpack_featured_media_url":"","jetpack_sharing_enabled":true,"jetpack_shortlink":"https:\/\/wp.me\/p6S2gY-w0","_links":{"self":[{"href":"https:\/\/wp.ufpel.edu.br\/ib\/wp-json\/wp\/v2\/posts\/1984","targetHints":{"allow":["GET"]}}],"collection":[{"href":"https:\/\/wp.ufpel.edu.br\/ib\/wp-json\/wp\/v2\/posts"}],"about":[{"href":"https:\/\/wp.ufpel.edu.br\/ib\/wp-json\/wp\/v2\/types\/post"}],"author":[{"embeddable":true,"href":"https:\/\/wp.ufpel.edu.br\/ib\/wp-json\/wp\/v2\/users\/488"}],"replies":[{"embeddable":true,"href":"https:\/\/wp.ufpel.edu.br\/ib\/wp-json\/wp\/v2\/comments?post=1984"}],"version-history":[{"count":4,"href":"https:\/\/wp.ufpel.edu.br\/ib\/wp-json\/wp\/v2\/posts\/1984\/revisions"}],"predecessor-version":[{"id":1994,"href":"https:\/\/wp.ufpel.edu.br\/ib\/wp-json\/wp\/v2\/posts\/1984\/revisions\/1994"}],"wp:attachment":[{"href":"https:\/\/wp.ufpel.edu.br\/ib\/wp-json\/wp\/v2\/media?parent=1984"}],"wp:term":[{"taxonomy":"category","embeddable":true,"href":"https:\/\/wp.ufpel.edu.br\/ib\/wp-json\/wp\/v2\/categories?post=1984"},{"taxonomy":"post_tag","embeddable":true,"href":"https:\/\/wp.ufpel.edu.br\/ib\/wp-json\/wp\/v2\/tags?post=1984"}],"curies":[{"name":"wp","href":"https:\/\/api.w.org\/{rel}","templated":true}]}}