{"id":1962,"date":"2019-09-28T21:58:38","date_gmt":"2019-09-29T00:58:38","guid":{"rendered":"https:\/\/wp.ufpel.edu.br\/ib\/?p=1962"},"modified":"2019-09-28T22:04:32","modified_gmt":"2019-09-29T01:04:32","slug":"pibid-na-praca-cel-pedro-osorio","status":"publish","type":"post","link":"https:\/\/wp.ufpel.edu.br\/ib\/2019\/09\/28\/pibid-na-praca-cel-pedro-osorio\/","title":{"rendered":"PIBID na Pra\u00e7a Cel Pedro Os\u00f3rio"},"content":{"rendered":"<p style=\"text-align: justify\">Na tarde de hoje (28\/09\/2019) o PIBID &#8211; Biologia (Programa Institucional de Bolsas de Inicia\u00e7\u00e3o a Doc\u00eancia) esteve participando das atividades do <em><strong>PIBID na Rua<\/strong><\/em> realizadas das 14 as 17 horas na Pra\u00e7a Coronel Pedro Os\u00f3rio. Na oportunidade foram apresentadas as oficinas sobre reciclagem de res\u00edduos, plantas medicinais e cadeia alimentar. Os pibidianos discentes (Lu\u00edsa Vict\u00f3ria da Silva Vareira, D\u00e9bora da Silva Rodrigues, Marcos Pizzatto de Azeredo, Camila Salgado Lemke, Danielle Boeira, Amanda de Melo Jaques, Marcelli de Lima Ferreira, Bianca de Oliveira, Lucas Mattos Candiota,\u00a0 Adriele de Avila Soares, Giovana Pozza, Andriw Ruas Santos, Stefanie Bento, Januza Fontes Vasconcelos, Eduardo Linhares da Silva), supervisora (Eriane Castro Teixeira Ferreira)\u00a0 e coordenador (Luiz Fernando Minello) participaram do evento. As \u00e1reas das licenciaturas de qu\u00edmica (atualmente compondo um grupo com a biologia, sendo 25 discentes &#8211; 13 bio e 12 qu\u00edmica; 3 supervisores &#8211; 1 bio e 2 qu\u00edmica\u00a0 e 2 coordenadores &#8211; 1 bio e 1 qu\u00edmica), f\u00edsica, artes visuais,\u00a0 teatro, matem\u00e1tica, letras &#8211; l\u00edngua portuguesa, letras &#8211; ingl\u00eas, pedagogia, geografia, hist\u00f3ria, filosofia e educa\u00e7\u00e3o f\u00edsica tiveram seus pibidianos apresentando oficinas e mostrando a comunidade algumas das a\u00e7\u00f5es do Programa realizadas junto \u00e0s Escolas da rede p\u00fablica de ensino Municipal e Estadual na Educa\u00e7\u00e3o B\u00e1sica. Tamb\u00e9m aconteceu a apresenta\u00e7\u00e3o da banda marcial da EMEF Luiz Augusto de Assump\u00e7\u00e3o e de diversos grupos de dan\u00e7a assistidos pelo Programa. A pra\u00e7a ficou bastante movimentada e foi poss\u00edvel realizar uma intera\u00e7\u00e3o bastante produtiva e pedag\u00f3gica entre os pibidianos e a comunidade. Parab\u00e9ns a coordena\u00e7\u00e3o geral do PIBID pela promo\u00e7\u00e3o do evento.<\/p>\n<p><a href=\"https:\/\/wp.ufpel.edu.br\/ib\/files\/2019\/09\/f14b3690-dd81-48ab-876b-87fcaf2bc9e7.jpg\"><img class=\"alignnone wp-image-1968\" src=\"https:\/\/wp.ufpel.edu.br\/ib\/files\/2019\/09\/f14b3690-dd81-48ab-876b-87fcaf2bc9e7-400x300.jpg\" alt=\"\" width=\"324\" height=\"243\" srcset=\"https:\/\/wp.ufpel.edu.br\/ib\/files\/2019\/09\/f14b3690-dd81-48ab-876b-87fcaf2bc9e7-400x300.jpg 400w, https:\/\/wp.ufpel.edu.br\/ib\/files\/2019\/09\/f14b3690-dd81-48ab-876b-87fcaf2bc9e7-768x576.jpg 768w, https:\/\/wp.ufpel.edu.br\/ib\/files\/2019\/09\/f14b3690-dd81-48ab-876b-87fcaf2bc9e7-1024x768.jpg 1024w, https:\/\/wp.ufpel.edu.br\/ib\/files\/2019\/09\/f14b3690-dd81-48ab-876b-87fcaf2bc9e7.jpg 1280w\" sizes=\"(max-width: 324px) 100vw, 324px\" \/> <\/a><a href=\"https:\/\/wp.ufpel.edu.br\/ib\/files\/2019\/09\/0a4558c0-58a1-4739-bd2a-e3e7132cee3c.jpg\"><img class=\"alignnone wp-image-1967\" src=\"https:\/\/wp.ufpel.edu.br\/ib\/files\/2019\/09\/0a4558c0-58a1-4739-bd2a-e3e7132cee3c-400x300.jpg\" alt=\"\" width=\"322\" height=\"242\" srcset=\"https:\/\/wp.ufpel.edu.br\/ib\/files\/2019\/09\/0a4558c0-58a1-4739-bd2a-e3e7132cee3c-400x300.jpg 400w, https:\/\/wp.ufpel.edu.br\/ib\/files\/2019\/09\/0a4558c0-58a1-4739-bd2a-e3e7132cee3c-768x576.jpg 768w, https:\/\/wp.ufpel.edu.br\/ib\/files\/2019\/09\/0a4558c0-58a1-4739-bd2a-e3e7132cee3c-1024x768.jpg 1024w, https:\/\/wp.ufpel.edu.br\/ib\/files\/2019\/09\/0a4558c0-58a1-4739-bd2a-e3e7132cee3c.jpg 1040w\" sizes=\"(max-width: 322px) 100vw, 322px\" \/><\/a><\/p>\n<p><a href=\"https:\/\/wp.ufpel.edu.br\/ib\/files\/2019\/09\/ee7f8cad-734f-4a47-8b71-5adecf3fad65.jpg\"><img class=\"alignnone wp-image-1970\" src=\"https:\/\/wp.ufpel.edu.br\/ib\/files\/2019\/09\/ee7f8cad-734f-4a47-8b71-5adecf3fad65-400x300.jpg\" alt=\"\" width=\"329\" height=\"247\" srcset=\"https:\/\/wp.ufpel.edu.br\/ib\/files\/2019\/09\/ee7f8cad-734f-4a47-8b71-5adecf3fad65-400x300.jpg 400w, https:\/\/wp.ufpel.edu.br\/ib\/files\/2019\/09\/ee7f8cad-734f-4a47-8b71-5adecf3fad65-768x576.jpg 768w, https:\/\/wp.ufpel.edu.br\/ib\/files\/2019\/09\/ee7f8cad-734f-4a47-8b71-5adecf3fad65-1024x768.jpg 1024w, https:\/\/wp.ufpel.edu.br\/ib\/files\/2019\/09\/ee7f8cad-734f-4a47-8b71-5adecf3fad65.jpg 1040w\" sizes=\"(max-width: 329px) 100vw, 329px\" \/><\/a><a href=\"https:\/\/wp.ufpel.edu.br\/ib\/files\/2019\/09\/51cd73ae-faf0-4479-9edb-53609e72f560.jpg\"> <img class=\"alignnone wp-image-1972\" src=\"https:\/\/wp.ufpel.edu.br\/ib\/files\/2019\/09\/51cd73ae-faf0-4479-9edb-53609e72f560-300x400.jpg\" alt=\"\" width=\"188\" height=\"251\" srcset=\"https:\/\/wp.ufpel.edu.br\/ib\/files\/2019\/09\/51cd73ae-faf0-4479-9edb-53609e72f560-300x400.jpg 300w, https:\/\/wp.ufpel.edu.br\/ib\/files\/2019\/09\/51cd73ae-faf0-4479-9edb-53609e72f560-768x1024.jpg 768w, https:\/\/wp.ufpel.edu.br\/ib\/files\/2019\/09\/51cd73ae-faf0-4479-9edb-53609e72f560.jpg 780w\" sizes=\"(max-width: 188px) 100vw, 188px\" \/><\/a> <a href=\"https:\/\/wp.ufpel.edu.br\/ib\/files\/2019\/09\/df0b21be-fac9-4206-8adf-0bd026aefa5a.jpg\"><img class=\"alignnone wp-image-1974\" src=\"https:\/\/wp.ufpel.edu.br\/ib\/files\/2019\/09\/df0b21be-fac9-4206-8adf-0bd026aefa5a-400x300.jpg\" alt=\"\" width=\"303\" height=\"227\" srcset=\"https:\/\/wp.ufpel.edu.br\/ib\/files\/2019\/09\/df0b21be-fac9-4206-8adf-0bd026aefa5a-400x300.jpg 400w, https:\/\/wp.ufpel.edu.br\/ib\/files\/2019\/09\/df0b21be-fac9-4206-8adf-0bd026aefa5a-768x576.jpg 768w, https:\/\/wp.ufpel.edu.br\/ib\/files\/2019\/09\/df0b21be-fac9-4206-8adf-0bd026aefa5a-1024x768.jpg 1024w, https:\/\/wp.ufpel.edu.br\/ib\/files\/2019\/09\/df0b21be-fac9-4206-8adf-0bd026aefa5a.jpg 1280w\" sizes=\"(max-width: 303px) 100vw, 303px\" \/><\/a><a href=\"https:\/\/wp.ufpel.edu.br\/ib\/files\/2019\/09\/bb4de68b-7d3d-48d9-8907-85e094dbd389-1.jpg\"><img class=\"alignnone wp-image-1975\" src=\"https:\/\/wp.ufpel.edu.br\/ib\/files\/2019\/09\/bb4de68b-7d3d-48d9-8907-85e094dbd389-1-400x194.jpg\" alt=\"\" width=\"320\" height=\"155\" srcset=\"https:\/\/wp.ufpel.edu.br\/ib\/files\/2019\/09\/bb4de68b-7d3d-48d9-8907-85e094dbd389-1-400x194.jpg 400w, https:\/\/wp.ufpel.edu.br\/ib\/files\/2019\/09\/bb4de68b-7d3d-48d9-8907-85e094dbd389-1-768x373.jpg 768w, https:\/\/wp.ufpel.edu.br\/ib\/files\/2019\/09\/bb4de68b-7d3d-48d9-8907-85e094dbd389-1-1024x498.jpg 1024w, https:\/\/wp.ufpel.edu.br\/ib\/files\/2019\/09\/bb4de68b-7d3d-48d9-8907-85e094dbd389-1.jpg 1152w\" sizes=\"(max-width: 320px) 100vw, 320px\" \/><\/a><\/p>\n<p style=\"text-align: center\"><a href=\"https:\/\/wp.ufpel.edu.br\/ib\/files\/2019\/09\/dfa1c195-5809-4789-b730-7a9119f7468a-1.jpg\"><img class=\"alignnone size-medium wp-image-1976\" src=\"https:\/\/wp.ufpel.edu.br\/ib\/files\/2019\/09\/dfa1c195-5809-4789-b730-7a9119f7468a-1-400x82.jpg\" alt=\"\" width=\"400\" height=\"82\" srcset=\"https:\/\/wp.ufpel.edu.br\/ib\/files\/2019\/09\/dfa1c195-5809-4789-b730-7a9119f7468a-1-400x82.jpg 400w, https:\/\/wp.ufpel.edu.br\/ib\/files\/2019\/09\/dfa1c195-5809-4789-b730-7a9119f7468a-1-768x158.jpg 768w, https:\/\/wp.ufpel.edu.br\/ib\/files\/2019\/09\/dfa1c195-5809-4789-b730-7a9119f7468a-1-1024x210.jpg 1024w, https:\/\/wp.ufpel.edu.br\/ib\/files\/2019\/09\/dfa1c195-5809-4789-b730-7a9119f7468a-1.jpg 1280w\" sizes=\"(max-width: 400px) 100vw, 400px\" \/><\/a><\/p>\n","protected":false},"excerpt":{"rendered":"<p>Na tarde de hoje (28\/09\/2019) o PIBID &#8211; Biologia (Programa Institucional de Bolsas de Inicia\u00e7\u00e3o a Doc\u00eancia) esteve participando das atividades do PIBID na Rua realizadas das 14 as 17 horas na Pra\u00e7a Coronel Pedro Os\u00f3rio. Na oportunidade foram apresentadas as oficinas sobre reciclagem de res\u00edduos, plantas medicinais e cadeia alimentar. Os pibidianos discentes (Lu\u00edsa [&hellip;]<\/p>\n","protected":false},"author":488,"featured_media":0,"comment_status":"closed","ping_status":"closed","sticky":false,"template":"","format":"standard","meta":{"jetpack_post_was_ever_published":false,"_jetpack_newsletter_access":"","_jetpack_dont_email_post_to_subs":false,"_jetpack_newsletter_tier_id":0,"_jetpack_memberships_contains_paywalled_content":false,"_jetpack_memberships_contains_paid_content":false,"footnotes":""},"categories":[18],"tags":[],"class_list":["post-1962","post","type-post","status-publish","format-standard","hentry","category-sem-categoria"],"jetpack_featured_media_url":"","jetpack_sharing_enabled":true,"jetpack_shortlink":"https:\/\/wp.me\/p6S2gY-vE","_links":{"self":[{"href":"https:\/\/wp.ufpel.edu.br\/ib\/wp-json\/wp\/v2\/posts\/1962","targetHints":{"allow":["GET"]}}],"collection":[{"href":"https:\/\/wp.ufpel.edu.br\/ib\/wp-json\/wp\/v2\/posts"}],"about":[{"href":"https:\/\/wp.ufpel.edu.br\/ib\/wp-json\/wp\/v2\/types\/post"}],"author":[{"embeddable":true,"href":"https:\/\/wp.ufpel.edu.br\/ib\/wp-json\/wp\/v2\/users\/488"}],"replies":[{"embeddable":true,"href":"https:\/\/wp.ufpel.edu.br\/ib\/wp-json\/wp\/v2\/comments?post=1962"}],"version-history":[{"count":8,"href":"https:\/\/wp.ufpel.edu.br\/ib\/wp-json\/wp\/v2\/posts\/1962\/revisions"}],"predecessor-version":[{"id":1981,"href":"https:\/\/wp.ufpel.edu.br\/ib\/wp-json\/wp\/v2\/posts\/1962\/revisions\/1981"}],"wp:attachment":[{"href":"https:\/\/wp.ufpel.edu.br\/ib\/wp-json\/wp\/v2\/media?parent=1962"}],"wp:term":[{"taxonomy":"category","embeddable":true,"href":"https:\/\/wp.ufpel.edu.br\/ib\/wp-json\/wp\/v2\/categories?post=1962"},{"taxonomy":"post_tag","embeddable":true,"href":"https:\/\/wp.ufpel.edu.br\/ib\/wp-json\/wp\/v2\/tags?post=1962"}],"curies":[{"name":"wp","href":"https:\/\/api.w.org\/{rel}","templated":true}]}}