{"id":1857,"date":"2019-09-07T12:15:26","date_gmt":"2019-09-07T15:15:26","guid":{"rendered":"https:\/\/wp.ufpel.edu.br\/ib\/?p=1857"},"modified":"2019-09-07T12:15:26","modified_gmt":"2019-09-07T15:15:26","slug":"formatura-interna-curso-de-ciencias-biologicas-bacharelado","status":"publish","type":"post","link":"https:\/\/wp.ufpel.edu.br\/ib\/2019\/09\/07\/formatura-interna-curso-de-ciencias-biologicas-bacharelado\/","title":{"rendered":"Formatura Interna Curso de Ci\u00eancias Biol\u00f3gicas Bacharelado"},"content":{"rendered":"<p style=\"text-align: justify\">Nessa sexta-feira (06\/09\/2019) as 10 horas na sala do Conselho Departamental do Instituto de Biologia na presen\u00e7a do Diretor (Luiz Fernando Minello), Vice-Diretor (Gilson de Mendon\u00e7a), Chefe do N\u00facleo Administrativo (Rosane Schubert) e da Coordenadora em exerc\u00edcio do Colegiado de Curso de Ci\u00eancias Biol\u00f3gicas &#8211; Bacharelado e Licenciatura (Leila de F\u00e1tima Nogueira Macias) colou grau como Bacharel em Ci\u00eancias Biol\u00f3gicas \u00cdtalo Ferreira de Le\u00f3n. Parab\u00e9ns ao novo bi\u00f3logo e sucesso nessa nova jornada profissional.<\/p>\n<p><a href=\"https:\/\/wp.ufpel.edu.br\/ib\/files\/2019\/09\/IMG_4934.jpg\"><img class=\"size-medium wp-image-1859 aligncenter\" src=\"https:\/\/wp.ufpel.edu.br\/ib\/files\/2019\/09\/IMG_4934-400x300.jpg\" alt=\"\" width=\"400\" height=\"300\" srcset=\"https:\/\/wp.ufpel.edu.br\/ib\/files\/2019\/09\/IMG_4934-400x300.jpg 400w, https:\/\/wp.ufpel.edu.br\/ib\/files\/2019\/09\/IMG_4934-768x576.jpg 768w, https:\/\/wp.ufpel.edu.br\/ib\/files\/2019\/09\/IMG_4934-1024x768.jpg 1024w\" sizes=\"(max-width: 400px) 100vw, 400px\" \/><\/a><\/p>\n","protected":false},"excerpt":{"rendered":"<p>Nessa sexta-feira (06\/09\/2019) as 10 horas na sala do Conselho Departamental do Instituto de Biologia na presen\u00e7a do Diretor (Luiz Fernando Minello), Vice-Diretor (Gilson de Mendon\u00e7a), Chefe do N\u00facleo Administrativo (Rosane Schubert) e da Coordenadora em exerc\u00edcio do Colegiado de Curso de Ci\u00eancias Biol\u00f3gicas &#8211; Bacharelado e Licenciatura (Leila de F\u00e1tima Nogueira Macias) colou grau [&hellip;]<\/p>\n","protected":false},"author":488,"featured_media":0,"comment_status":"closed","ping_status":"closed","sticky":false,"template":"","format":"standard","meta":{"jetpack_post_was_ever_published":false,"_jetpack_newsletter_access":"","_jetpack_dont_email_post_to_subs":false,"_jetpack_newsletter_tier_id":0,"_jetpack_memberships_contains_paywalled_content":false,"_jetpack_memberships_contains_paid_content":false,"footnotes":""},"categories":[18],"tags":[],"class_list":["post-1857","post","type-post","status-publish","format-standard","hentry","category-sem-categoria"],"jetpack_featured_media_url":"","jetpack_sharing_enabled":true,"jetpack_shortlink":"https:\/\/wp.me\/p6S2gY-tX","_links":{"self":[{"href":"https:\/\/wp.ufpel.edu.br\/ib\/wp-json\/wp\/v2\/posts\/1857","targetHints":{"allow":["GET"]}}],"collection":[{"href":"https:\/\/wp.ufpel.edu.br\/ib\/wp-json\/wp\/v2\/posts"}],"about":[{"href":"https:\/\/wp.ufpel.edu.br\/ib\/wp-json\/wp\/v2\/types\/post"}],"author":[{"embeddable":true,"href":"https:\/\/wp.ufpel.edu.br\/ib\/wp-json\/wp\/v2\/users\/488"}],"replies":[{"embeddable":true,"href":"https:\/\/wp.ufpel.edu.br\/ib\/wp-json\/wp\/v2\/comments?post=1857"}],"version-history":[{"count":1,"href":"https:\/\/wp.ufpel.edu.br\/ib\/wp-json\/wp\/v2\/posts\/1857\/revisions"}],"predecessor-version":[{"id":1860,"href":"https:\/\/wp.ufpel.edu.br\/ib\/wp-json\/wp\/v2\/posts\/1857\/revisions\/1860"}],"wp:attachment":[{"href":"https:\/\/wp.ufpel.edu.br\/ib\/wp-json\/wp\/v2\/media?parent=1857"}],"wp:term":[{"taxonomy":"category","embeddable":true,"href":"https:\/\/wp.ufpel.edu.br\/ib\/wp-json\/wp\/v2\/categories?post=1857"},{"taxonomy":"post_tag","embeddable":true,"href":"https:\/\/wp.ufpel.edu.br\/ib\/wp-json\/wp\/v2\/tags?post=1857"}],"curies":[{"name":"wp","href":"https:\/\/api.w.org\/{rel}","templated":true}]}}