{"id":1836,"date":"2019-09-04T14:59:33","date_gmt":"2019-09-04T17:59:33","guid":{"rendered":"https:\/\/wp.ufpel.edu.br\/ib\/?p=1836"},"modified":"2019-09-04T15:06:16","modified_gmt":"2019-09-04T18:06:16","slug":"consulta-popular-para-a-coordenacao-do-colegiado-dos-cursos-de-ciencias-biologicas","status":"publish","type":"post","link":"https:\/\/wp.ufpel.edu.br\/ib\/2019\/09\/04\/consulta-popular-para-a-coordenacao-do-colegiado-dos-cursos-de-ciencias-biologicas\/","title":{"rendered":"Consulta popular para a Coordena\u00e7\u00e3o do Colegiado dos Cursos de Ci\u00eancias Biol\u00f3gicas"},"content":{"rendered":"<div>A Comiss\u00e3o de Consulta refor\u00e7a o convite para a Consulta popular para a Coordena\u00e7\u00e3o do Colegiado dos Cursos de Ci\u00eancias Biol\u00f3gicas que se dar\u00e1 nos dias <b>05\/09 e 06\/09\/2019.<\/b><br \/>\n<b>Hor\u00e1rios:<\/b>\u00a0no dia 05\/09 (9h00min \u00e0s 15h00min)<br \/>\nno dia 06\/09 (12h00min \u00e0s 15h00min)<\/div>\n<div><b>Local:<\/b>\u00a0Secretaria do Instituto de Biologia<\/div>\n<div style=\"text-align: justify\"><b>Votantes:<\/b>\u00a0acad\u00eamicos dos Cursos de Ci\u00eancias Biol\u00f3gicas, docentes do Instituto de Biologia e docentes de outras unidades que desempenham atividades junto a esse Colegiado,\u00a0<b>MEDIANTE APRESENTA\u00c7\u00c3O DE DOCUMENTO OFICIAL COM FOTO.<\/b><\/div>\n<div>A divulga\u00e7\u00e3o do resultado ser\u00e1 no dia\u00a0<b>09\/09\/2019<\/b>.<\/div>\n<div><\/div>\n<div>Raquel L\u00fcdtke<\/div>\n<div>Presidente da Comiss\u00e3o<\/div>\n","protected":false},"excerpt":{"rendered":"<p>A Comiss\u00e3o de Consulta refor\u00e7a o convite para a Consulta popular para a Coordena\u00e7\u00e3o do Colegiado dos Cursos de Ci\u00eancias Biol\u00f3gicas que se dar\u00e1 nos dias 05\/09 e 06\/09\/2019. Hor\u00e1rios:\u00a0no dia 05\/09 (9h00min \u00e0s 15h00min) no dia 06\/09 (12h00min \u00e0s 15h00min) Local:\u00a0Secretaria do Instituto de Biologia Votantes:\u00a0acad\u00eamicos dos Cursos de Ci\u00eancias Biol\u00f3gicas, docentes do Instituto [&hellip;]<\/p>\n","protected":false},"author":488,"featured_media":0,"comment_status":"closed","ping_status":"closed","sticky":false,"template":"","format":"standard","meta":{"jetpack_post_was_ever_published":false,"_jetpack_newsletter_access":"","_jetpack_dont_email_post_to_subs":false,"_jetpack_newsletter_tier_id":0,"_jetpack_memberships_contains_paywalled_content":false,"_jetpack_memberships_contains_paid_content":false,"footnotes":""},"categories":[18],"tags":[],"class_list":["post-1836","post","type-post","status-publish","format-standard","hentry","category-sem-categoria"],"jetpack_featured_media_url":"","jetpack_sharing_enabled":true,"jetpack_shortlink":"https:\/\/wp.me\/p6S2gY-tC","_links":{"self":[{"href":"https:\/\/wp.ufpel.edu.br\/ib\/wp-json\/wp\/v2\/posts\/1836","targetHints":{"allow":["GET"]}}],"collection":[{"href":"https:\/\/wp.ufpel.edu.br\/ib\/wp-json\/wp\/v2\/posts"}],"about":[{"href":"https:\/\/wp.ufpel.edu.br\/ib\/wp-json\/wp\/v2\/types\/post"}],"author":[{"embeddable":true,"href":"https:\/\/wp.ufpel.edu.br\/ib\/wp-json\/wp\/v2\/users\/488"}],"replies":[{"embeddable":true,"href":"https:\/\/wp.ufpel.edu.br\/ib\/wp-json\/wp\/v2\/comments?post=1836"}],"version-history":[{"count":2,"href":"https:\/\/wp.ufpel.edu.br\/ib\/wp-json\/wp\/v2\/posts\/1836\/revisions"}],"predecessor-version":[{"id":1839,"href":"https:\/\/wp.ufpel.edu.br\/ib\/wp-json\/wp\/v2\/posts\/1836\/revisions\/1839"}],"wp:attachment":[{"href":"https:\/\/wp.ufpel.edu.br\/ib\/wp-json\/wp\/v2\/media?parent=1836"}],"wp:term":[{"taxonomy":"category","embeddable":true,"href":"https:\/\/wp.ufpel.edu.br\/ib\/wp-json\/wp\/v2\/categories?post=1836"},{"taxonomy":"post_tag","embeddable":true,"href":"https:\/\/wp.ufpel.edu.br\/ib\/wp-json\/wp\/v2\/tags?post=1836"}],"curies":[{"name":"wp","href":"https:\/\/api.w.org\/{rel}","templated":true}]}}