{"id":1676,"date":"2019-06-25T11:42:31","date_gmt":"2019-06-25T14:42:31","guid":{"rendered":"https:\/\/wp.ufpel.edu.br\/ib\/?p=1676"},"modified":"2019-06-25T11:44:18","modified_gmt":"2019-06-25T14:44:18","slug":"festa-junina-do-ib","status":"publish","type":"post","link":"https:\/\/wp.ufpel.edu.br\/ib\/2019\/06\/25\/festa-junina-do-ib\/","title":{"rendered":"Festa Junina do IB"},"content":{"rendered":"<p>Convidamos todos os servidores Docentes, T\u00e9cnicos Administrativos e Terceirizados para a confraterniza\u00e7\u00e3o junina promovida pelos TAEs do IB e CSQV a ser realizada dia 27\/06\/2019 no galp\u00e3o &#8211; casa da Bruxa.<\/p>\n<p><a href=\"https:\/\/wp.ufpel.edu.br\/ib\/files\/2019\/06\/festa-junina-ib.png\"><img class=\"size-medium wp-image-1678 aligncenter\" src=\"https:\/\/wp.ufpel.edu.br\/ib\/files\/2019\/06\/festa-junina-ib-321x400.png\" alt=\"\" width=\"321\" height=\"400\" \/><\/a><\/p>\n","protected":false},"excerpt":{"rendered":"<p>Convidamos todos os servidores Docentes, T\u00e9cnicos Administrativos e Terceirizados para a confraterniza\u00e7\u00e3o junina promovida pelos TAEs do IB e CSQV a ser realizada dia 27\/06\/2019 no galp\u00e3o &#8211; casa da Bruxa.<\/p>\n","protected":false},"author":488,"featured_media":0,"comment_status":"closed","ping_status":"closed","sticky":false,"template":"","format":"standard","meta":{"jetpack_post_was_ever_published":false,"_jetpack_newsletter_access":"","_jetpack_dont_email_post_to_subs":false,"_jetpack_newsletter_tier_id":0,"_jetpack_memberships_contains_paywalled_content":false,"_jetpack_memberships_contains_paid_content":false,"footnotes":""},"categories":[18],"tags":[],"class_list":["post-1676","post","type-post","status-publish","format-standard","hentry","category-sem-categoria"],"jetpack_featured_media_url":"","jetpack_sharing_enabled":true,"jetpack_shortlink":"https:\/\/wp.me\/p6S2gY-r2","_links":{"self":[{"href":"https:\/\/wp.ufpel.edu.br\/ib\/wp-json\/wp\/v2\/posts\/1676","targetHints":{"allow":["GET"]}}],"collection":[{"href":"https:\/\/wp.ufpel.edu.br\/ib\/wp-json\/wp\/v2\/posts"}],"about":[{"href":"https:\/\/wp.ufpel.edu.br\/ib\/wp-json\/wp\/v2\/types\/post"}],"author":[{"embeddable":true,"href":"https:\/\/wp.ufpel.edu.br\/ib\/wp-json\/wp\/v2\/users\/488"}],"replies":[{"embeddable":true,"href":"https:\/\/wp.ufpel.edu.br\/ib\/wp-json\/wp\/v2\/comments?post=1676"}],"version-history":[{"count":4,"href":"https:\/\/wp.ufpel.edu.br\/ib\/wp-json\/wp\/v2\/posts\/1676\/revisions"}],"predecessor-version":[{"id":1682,"href":"https:\/\/wp.ufpel.edu.br\/ib\/wp-json\/wp\/v2\/posts\/1676\/revisions\/1682"}],"wp:attachment":[{"href":"https:\/\/wp.ufpel.edu.br\/ib\/wp-json\/wp\/v2\/media?parent=1676"}],"wp:term":[{"taxonomy":"category","embeddable":true,"href":"https:\/\/wp.ufpel.edu.br\/ib\/wp-json\/wp\/v2\/categories?post=1676"},{"taxonomy":"post_tag","embeddable":true,"href":"https:\/\/wp.ufpel.edu.br\/ib\/wp-json\/wp\/v2\/tags?post=1676"}],"curies":[{"name":"wp","href":"https:\/\/api.w.org\/{rel}","templated":true}]}}