{"id":1666,"date":"2019-06-10T20:38:24","date_gmt":"2019-06-10T23:38:24","guid":{"rendered":"https:\/\/wp.ufpel.edu.br\/ib\/?p=1666"},"modified":"2019-06-10T20:38:24","modified_gmt":"2019-06-10T23:38:24","slug":"lancamento-do-livro-contribuicoes-biologicas-ao-pensamento-humano","status":"publish","type":"post","link":"https:\/\/wp.ufpel.edu.br\/ib\/2019\/06\/10\/lancamento-do-livro-contribuicoes-biologicas-ao-pensamento-humano\/","title":{"rendered":"Lan\u00e7amento do livro &#8220;Contribui\u00e7\u00f5es biol\u00f3gicas ao pensamento humano&#8221;"},"content":{"rendered":"<p class=\"x_MsoNormal\" style=\"text-align: justify\"><span style=\"font-family: arial, sans-serif\">Na pr\u00f3xima quarta-feira (12\/06) ser\u00e1 lan\u00e7ado o livro &#8220;Contribui\u00e7\u00f5es biol\u00f3gicas ao pensamento humano&#8221; dos organizadores C\u00e9sar Jaeger Drehmer, Jos\u00e9 Eduardo Dornelles e Tony Leandro da Silveira.<\/span><\/p>\n<p class=\"x_MsoNormal\" style=\"text-align: justify\"><span style=\"font-family: arial, sans-serif\">O livro re\u00fane textos de v\u00e1rias gera\u00e7\u00f5es de profissionais da \u00e1rea biol\u00f3gica, tanto de acad\u00eamicos mais experientes quanto de rec\u00e9m-formados, e aborda a evolu\u00e7\u00e3o e os principais acontecimentos evolutivos em vista de apresentar ao p\u00fablico uma vis\u00e3o de mundo livre de mitos e lendas antigas. A publica\u00e7\u00e3o, atrav\u00e9s de uma linguagem acess\u00edvel ao p\u00fablico, convida o leitor a refletir de maneira objetiva sobre a exist\u00eancia de vida em todas as suas formas, neste ou em qualquer outro planeta, e como ela se modifica durante as eras. Embora a teoria da evolu\u00e7\u00e3o de Charles Darwin j\u00e1 seja bem difundida no meio acad\u00eamico no s\u00e9culo XXI, na percep\u00e7\u00e3o dos autores, a mesma ainda n\u00e3o \u00e9 t\u00e3o bem interpretada pelo p\u00fablico em geral. Eles esperam, por meio dessa produ\u00e7\u00e3o, alcan\u00e7ar tanto acad\u00eamicos quanto leigos, com a divulga\u00e7\u00e3o e populariza\u00e7\u00e3o da sua forma de enxergar o mundo que nos cerca.<\/span><\/p>\n<p class=\"x_MsoNormal\" style=\"text-align: justify\"><span style=\"font-family: arial, sans-serif\">A obra que j\u00e1 conta com uma vers\u00e3o e-book lan\u00e7ada na 46\u00aa Feira do Livro de Pelotas, agora ganha sua vers\u00e3o impressa, ambas publicadas pela Editora UFPel. O evento de lan\u00e7amento acontecer\u00e1 a partir das 15h no Museu Carlos Ritter.<\/span><\/p>\n<p class=\"x_MsoNormal\"><span style=\"font-family: arial, sans-serif\">\u00a0<\/span><\/p>\n<p class=\"x_MsoNormal\"><span style=\"font-family: arial, sans-serif\">Sobre os organizadores:<\/span><\/p>\n<p class=\"x_MsoNormal\"><span style=\"font-family: arial, sans-serif\">C\u00e9sar Jaeger Drehmer \u00e9 Mestre e Bioci\u00eancias pela PUC-RS e Doutor em Biologia Animal pela UFRGS. Atualmente \u00e9 Professor Titular do Instituto de Biologia da Universidade Federal de Pelotas.<\/span><\/p>\n<p class=\"x_MsoNormal\"><span style=\"font-family: arial, sans-serif\">Jos\u00e9 Eduardo Dornelles \u00e9 Mestre em Geoci\u00eancias e Doutor em Ci\u00eancias (Paleontologia de Vertebrados) pela UFRGS. Atualmente \u00e9 Professor Titular do Instituto de Biologia da Universidade Federal de Pelotas.<\/span><\/p>\n<p class=\"x_MsoNormal\"><span style=\"font-family: arial, sans-serif\">Tony Leandro da Silveira \u00e9 Mestre em Ci\u00eancias Biol\u00f3gicas (Parasitologia) e Doutor em Ci\u00eancias (Biotecnologia) pela UFPel. Atualmente possui v\u00ednculo com Instituto de Ci\u00eancias Biol\u00f3gicas da Universidade Federal do Rio Grande como t\u00e9cnico em bioterismo.<\/span><\/p>\n<p><a href=\"https:\/\/wp.ufpel.edu.br\/ib\/files\/2019\/06\/thumbnail_divulga\u00e7\u00e3o-lan\u00e7amento-com-valor.jpg\"><img class=\"size-medium wp-image-1668 aligncenter\" src=\"https:\/\/wp.ufpel.edu.br\/ib\/files\/2019\/06\/thumbnail_divulga\u00e7\u00e3o-lan\u00e7amento-com-valor-400x400.jpg\" alt=\"\" width=\"400\" height=\"400\" \/><\/a><\/p>\n","protected":false},"excerpt":{"rendered":"<p>Na pr\u00f3xima quarta-feira (12\/06) ser\u00e1 lan\u00e7ado o livro &#8220;Contribui\u00e7\u00f5es biol\u00f3gicas ao pensamento humano&#8221; dos organizadores C\u00e9sar Jaeger Drehmer, Jos\u00e9 Eduardo Dornelles e Tony Leandro da Silveira. O livro re\u00fane textos de v\u00e1rias gera\u00e7\u00f5es de profissionais da \u00e1rea biol\u00f3gica, tanto de acad\u00eamicos mais experientes quanto de rec\u00e9m-formados, e aborda a evolu\u00e7\u00e3o e os principais acontecimentos evolutivos [&hellip;]<\/p>\n","protected":false},"author":488,"featured_media":0,"comment_status":"closed","ping_status":"closed","sticky":false,"template":"","format":"standard","meta":{"jetpack_post_was_ever_published":false,"_jetpack_newsletter_access":"","_jetpack_dont_email_post_to_subs":false,"_jetpack_newsletter_tier_id":0,"_jetpack_memberships_contains_paywalled_content":false,"_jetpack_memberships_contains_paid_content":false,"footnotes":""},"categories":[18],"tags":[],"class_list":["post-1666","post","type-post","status-publish","format-standard","hentry","category-sem-categoria"],"jetpack_featured_media_url":"","jetpack_sharing_enabled":true,"jetpack_shortlink":"https:\/\/wp.me\/p6S2gY-qS","_links":{"self":[{"href":"https:\/\/wp.ufpel.edu.br\/ib\/wp-json\/wp\/v2\/posts\/1666","targetHints":{"allow":["GET"]}}],"collection":[{"href":"https:\/\/wp.ufpel.edu.br\/ib\/wp-json\/wp\/v2\/posts"}],"about":[{"href":"https:\/\/wp.ufpel.edu.br\/ib\/wp-json\/wp\/v2\/types\/post"}],"author":[{"embeddable":true,"href":"https:\/\/wp.ufpel.edu.br\/ib\/wp-json\/wp\/v2\/users\/488"}],"replies":[{"embeddable":true,"href":"https:\/\/wp.ufpel.edu.br\/ib\/wp-json\/wp\/v2\/comments?post=1666"}],"version-history":[{"count":1,"href":"https:\/\/wp.ufpel.edu.br\/ib\/wp-json\/wp\/v2\/posts\/1666\/revisions"}],"predecessor-version":[{"id":1669,"href":"https:\/\/wp.ufpel.edu.br\/ib\/wp-json\/wp\/v2\/posts\/1666\/revisions\/1669"}],"wp:attachment":[{"href":"https:\/\/wp.ufpel.edu.br\/ib\/wp-json\/wp\/v2\/media?parent=1666"}],"wp:term":[{"taxonomy":"category","embeddable":true,"href":"https:\/\/wp.ufpel.edu.br\/ib\/wp-json\/wp\/v2\/categories?post=1666"},{"taxonomy":"post_tag","embeddable":true,"href":"https:\/\/wp.ufpel.edu.br\/ib\/wp-json\/wp\/v2\/tags?post=1666"}],"curies":[{"name":"wp","href":"https:\/\/api.w.org\/{rel}","templated":true}]}}