{"id":1650,"date":"2019-05-31T20:45:16","date_gmt":"2019-05-31T23:45:16","guid":{"rendered":"https:\/\/wp.ufpel.edu.br\/ib\/?p=1650"},"modified":"2019-05-31T21:02:20","modified_gmt":"2019-06-01T00:02:20","slug":"resultados-eleicoes-tae-emerito-ib","status":"publish","type":"post","link":"https:\/\/wp.ufpel.edu.br\/ib\/2019\/05\/31\/resultados-eleicoes-tae-emerito-ib\/","title":{"rendered":"Resultados elei\u00e7\u00f5es TAE em\u00e9rito IB"},"content":{"rendered":"<p style=\"text-align: justify\">Nessa sexta-feira os TAEs do Instituto de Biologia elegeram seu representante em\u00e9rito a ser encaminhado ao CONSUN. Na primeira vota\u00e7\u00e3o (conclu\u00edda no dia 17\/05 as 18 horas) foram indicados os nomes de sete (7) T\u00e9cnicos Administrativos ativos ou aposentados do Instituto de Biologia (gr\u00e1fico 01). Nesse processo, onde participaram t\u00e9cnicos e docentes da Unidade, ocorreu o empate entre os candidatos Ari Dalvo Rossler Carr\u00e9 e \u00c1lvaro Miguel Moreira Martins levando ao segundo turno (conclu\u00eddo no dia 31\/05 as 12 horas) onde foi escolhido o nome do colega \u00c1lvaro (Gr\u00e1fico 2). Os TAEs dever\u00e3o preparar o dossi\u00ea do colega escolhido para ser encaminhado ao CONSUN de modo similar ao encaminhamento dado ao\u00a0 professor em\u00e9rito (Jos\u00e9 da Costa Sacco) indicado ao final do ano passado. Parab\u00e9ns aos colegas pela participa\u00e7\u00e3o no processo.<\/p>\n<p>&nbsp;<\/p>\n<p style=\"text-align: center\"><a href=\"https:\/\/wp.ufpel.edu.br\/ib\/files\/2019\/05\/Captura-de-Tela-2019-05-28-a\u0300s-14.19.32-1.png\">Gr\u00e1fico -01<\/a><\/p>\n<p style=\"text-align: center\">Gr\u00e1fic<a href=\"https:\/\/wp.ufpel.edu.br\/ib\/files\/2019\/05\/d01a112e-4c68-4c74-a0e9-4c219788305e.jpg\">o &#8211; 02<\/a><\/p>\n<p style=\"text-align: center\">\n","protected":false},"excerpt":{"rendered":"<p>Nessa sexta-feira os TAEs do Instituto de Biologia elegeram seu representante em\u00e9rito a ser encaminhado ao CONSUN. Na primeira vota\u00e7\u00e3o (conclu\u00edda no dia 17\/05 as 18 horas) foram indicados os nomes de sete (7) T\u00e9cnicos Administrativos ativos ou aposentados do Instituto de Biologia (gr\u00e1fico 01). Nesse processo, onde participaram t\u00e9cnicos e docentes da Unidade, ocorreu [&hellip;]<\/p>\n","protected":false},"author":488,"featured_media":0,"comment_status":"closed","ping_status":"closed","sticky":false,"template":"","format":"standard","meta":{"jetpack_post_was_ever_published":false,"_jetpack_newsletter_access":"","_jetpack_dont_email_post_to_subs":false,"_jetpack_newsletter_tier_id":0,"_jetpack_memberships_contains_paywalled_content":false,"_jetpack_memberships_contains_paid_content":false,"footnotes":""},"categories":[18],"tags":[],"class_list":["post-1650","post","type-post","status-publish","format-standard","hentry","category-sem-categoria"],"jetpack_featured_media_url":"","jetpack_sharing_enabled":true,"jetpack_shortlink":"https:\/\/wp.me\/p6S2gY-qC","_links":{"self":[{"href":"https:\/\/wp.ufpel.edu.br\/ib\/wp-json\/wp\/v2\/posts\/1650","targetHints":{"allow":["GET"]}}],"collection":[{"href":"https:\/\/wp.ufpel.edu.br\/ib\/wp-json\/wp\/v2\/posts"}],"about":[{"href":"https:\/\/wp.ufpel.edu.br\/ib\/wp-json\/wp\/v2\/types\/post"}],"author":[{"embeddable":true,"href":"https:\/\/wp.ufpel.edu.br\/ib\/wp-json\/wp\/v2\/users\/488"}],"replies":[{"embeddable":true,"href":"https:\/\/wp.ufpel.edu.br\/ib\/wp-json\/wp\/v2\/comments?post=1650"}],"version-history":[{"count":8,"href":"https:\/\/wp.ufpel.edu.br\/ib\/wp-json\/wp\/v2\/posts\/1650\/revisions"}],"predecessor-version":[{"id":1661,"href":"https:\/\/wp.ufpel.edu.br\/ib\/wp-json\/wp\/v2\/posts\/1650\/revisions\/1661"}],"wp:attachment":[{"href":"https:\/\/wp.ufpel.edu.br\/ib\/wp-json\/wp\/v2\/media?parent=1650"}],"wp:term":[{"taxonomy":"category","embeddable":true,"href":"https:\/\/wp.ufpel.edu.br\/ib\/wp-json\/wp\/v2\/categories?post=1650"},{"taxonomy":"post_tag","embeddable":true,"href":"https:\/\/wp.ufpel.edu.br\/ib\/wp-json\/wp\/v2\/tags?post=1650"}],"curies":[{"name":"wp","href":"https:\/\/api.w.org\/{rel}","templated":true}]}}