{"id":1608,"date":"2019-05-19T12:57:49","date_gmt":"2019-05-19T15:57:49","guid":{"rendered":"https:\/\/wp.ufpel.edu.br\/ib\/?p=1608"},"modified":"2019-05-19T12:58:49","modified_gmt":"2019-05-19T15:58:49","slug":"cibio-congresso-internacional-de-biomassa-2019","status":"publish","type":"post","link":"https:\/\/wp.ufpel.edu.br\/ib\/2019\/05\/19\/cibio-congresso-internacional-de-biomassa-2019\/","title":{"rendered":"CiBio &#8211; Congresso Internacional de Biomassa 2019"},"content":{"rendered":"<p>Em anexo, material explicativo e publicit\u00e1rio sobre o Cibio 2019 para divulga\u00e7\u00e3o a todos os alunos e professores da UFPEL. Para maiores informa\u00e7\u00f5es acesse o link <a id=\"LPlnk210065\" href=\"http:\/\/www.congressobiomassa.com\/\" target=\"_blank\" rel=\"noopener noreferrer\" data-auth=\"NotApplicable\">www.congressobiomassa.com<\/a><\/p>\n<p class=\"x_MsoNormal\" style=\"text-align: center\"><span style=\"font-size: small\">Marcelo Langer (<\/span><span style=\"font-size: small\">Coordenador)<\/span><\/p>\n<p class=\"x_MsoNormal\" style=\"text-align: center\">Frederico Ramon e Gustavo Mazurek (Estagi\u00e1rios)<\/p>\n<p class=\"x_MsoNormal\"><img class=\"aligncenter\" src=\"https:\/\/docs.google.com\/uc?export=download&amp;id=1wnuDjxhApZxBdu7bS1qpn9ulVhCB6sp_&amp;revid=0B64uLLNxbmZ0RjF4NFkrVW5KalkyRlV3TXhFTFlOakYrRXAwPQ\" data-imagetype=\"External\" \/><\/p>\n<p style=\"text-align: center\"><a href=\"https:\/\/wp.ufpel.edu.br\/ib\/files\/2019\/05\/ACV.jpeg\"><img class=\"alignnone size-medium wp-image-1610\" src=\"https:\/\/wp.ufpel.edu.br\/ib\/files\/2019\/05\/ACV-400x350.jpeg\" alt=\"\" width=\"400\" height=\"350\" srcset=\"https:\/\/wp.ufpel.edu.br\/ib\/files\/2019\/05\/ACV-400x350.jpeg 400w, https:\/\/wp.ufpel.edu.br\/ib\/files\/2019\/05\/ACV-768x672.jpeg 768w, https:\/\/wp.ufpel.edu.br\/ib\/files\/2019\/05\/ACV.jpeg 800w\" sizes=\"(max-width: 400px) 100vw, 400px\" \/><\/a><a href=\"https:\/\/wp.ufpel.edu.br\/ib\/files\/2019\/05\/HIDROG\u00caNIO.jpg\"><img class=\"alignnone size-medium wp-image-1611\" src=\"https:\/\/wp.ufpel.edu.br\/ib\/files\/2019\/05\/HIDROG\u00caNIO-400x350.jpg\" alt=\"\" width=\"400\" height=\"350\" srcset=\"https:\/\/wp.ufpel.edu.br\/ib\/files\/2019\/05\/HIDROG\u00caNIO-400x350.jpg 400w, https:\/\/wp.ufpel.edu.br\/ib\/files\/2019\/05\/HIDROG\u00caNIO-768x672.jpg 768w, https:\/\/wp.ufpel.edu.br\/ib\/files\/2019\/05\/HIDROG\u00caNIO.jpg 800w\" sizes=\"(max-width: 400px) 100vw, 400px\" \/><\/a><a href=\"https:\/\/wp.ufpel.edu.br\/ib\/files\/2019\/05\/NANOTECNOLOGIA.jpg\"><img class=\"alignnone size-medium wp-image-1612\" src=\"https:\/\/wp.ufpel.edu.br\/ib\/files\/2019\/05\/NANOTECNOLOGIA-400x350.jpg\" alt=\"\" width=\"400\" height=\"350\" srcset=\"https:\/\/wp.ufpel.edu.br\/ib\/files\/2019\/05\/NANOTECNOLOGIA-400x350.jpg 400w, https:\/\/wp.ufpel.edu.br\/ib\/files\/2019\/05\/NANOTECNOLOGIA-768x672.jpg 768w, https:\/\/wp.ufpel.edu.br\/ib\/files\/2019\/05\/NANOTECNOLOGIA.jpg 800w\" sizes=\"(max-width: 400px) 100vw, 400px\" \/><\/a><a href=\"https:\/\/wp.ufpel.edu.br\/ib\/files\/2019\/05\/BAMBU.png\"><img class=\"alignnone size-medium wp-image-1613\" src=\"https:\/\/wp.ufpel.edu.br\/ib\/files\/2019\/05\/BAMBU-283x400.png\" alt=\"\" width=\"283\" height=\"400\" srcset=\"https:\/\/wp.ufpel.edu.br\/ib\/files\/2019\/05\/BAMBU-283x400.png 283w, https:\/\/wp.ufpel.edu.br\/ib\/files\/2019\/05\/BAMBU.png 595w\" sizes=\"(max-width: 283px) 100vw, 283px\" \/><\/a><\/p>\n","protected":false},"excerpt":{"rendered":"<p>Em anexo, material explicativo e publicit\u00e1rio sobre o Cibio 2019 para divulga\u00e7\u00e3o a todos os alunos e professores da UFPEL. Para maiores informa\u00e7\u00f5es acesse o link www.congressobiomassa.com Marcelo Langer (Coordenador) Frederico Ramon e Gustavo Mazurek (Estagi\u00e1rios)<\/p>\n","protected":false},"author":488,"featured_media":0,"comment_status":"closed","ping_status":"closed","sticky":false,"template":"","format":"standard","meta":{"jetpack_post_was_ever_published":false,"_jetpack_newsletter_access":"","_jetpack_dont_email_post_to_subs":false,"_jetpack_newsletter_tier_id":0,"_jetpack_memberships_contains_paywalled_content":false,"_jetpack_memberships_contains_paid_content":false,"footnotes":""},"categories":[18],"tags":[],"class_list":["post-1608","post","type-post","status-publish","format-standard","hentry","category-sem-categoria"],"jetpack_featured_media_url":"","jetpack_sharing_enabled":true,"jetpack_shortlink":"https:\/\/wp.me\/p6S2gY-pW","_links":{"self":[{"href":"https:\/\/wp.ufpel.edu.br\/ib\/wp-json\/wp\/v2\/posts\/1608","targetHints":{"allow":["GET"]}}],"collection":[{"href":"https:\/\/wp.ufpel.edu.br\/ib\/wp-json\/wp\/v2\/posts"}],"about":[{"href":"https:\/\/wp.ufpel.edu.br\/ib\/wp-json\/wp\/v2\/types\/post"}],"author":[{"embeddable":true,"href":"https:\/\/wp.ufpel.edu.br\/ib\/wp-json\/wp\/v2\/users\/488"}],"replies":[{"embeddable":true,"href":"https:\/\/wp.ufpel.edu.br\/ib\/wp-json\/wp\/v2\/comments?post=1608"}],"version-history":[{"count":1,"href":"https:\/\/wp.ufpel.edu.br\/ib\/wp-json\/wp\/v2\/posts\/1608\/revisions"}],"predecessor-version":[{"id":1614,"href":"https:\/\/wp.ufpel.edu.br\/ib\/wp-json\/wp\/v2\/posts\/1608\/revisions\/1614"}],"wp:attachment":[{"href":"https:\/\/wp.ufpel.edu.br\/ib\/wp-json\/wp\/v2\/media?parent=1608"}],"wp:term":[{"taxonomy":"category","embeddable":true,"href":"https:\/\/wp.ufpel.edu.br\/ib\/wp-json\/wp\/v2\/categories?post=1608"},{"taxonomy":"post_tag","embeddable":true,"href":"https:\/\/wp.ufpel.edu.br\/ib\/wp-json\/wp\/v2\/tags?post=1608"}],"curies":[{"name":"wp","href":"https:\/\/api.w.org\/{rel}","templated":true}]}}