{"id":1590,"date":"2019-05-19T12:40:20","date_gmt":"2019-05-19T15:40:20","guid":{"rendered":"https:\/\/wp.ufpel.edu.br\/ib\/?p=1590"},"modified":"2019-05-19T12:40:21","modified_gmt":"2019-05-19T15:40:21","slug":"18-05-2019-acoes-do-instituto-de-biologia-na-rua","status":"publish","type":"post","link":"https:\/\/wp.ufpel.edu.br\/ib\/2019\/05\/19\/18-05-2019-acoes-do-instituto-de-biologia-na-rua\/","title":{"rendered":"18\/05\/2019 A\u00e7\u00f5es do Instituto de Biologia na Rua"},"content":{"rendered":"<p style=\"text-align: justify\">O Instituto de Biologia esteve na extens\u00e3o da cal\u00e7ada do Museu Carlos Ritter nesse dia 18\/05\/2019 das 11 as 17 horas aderindo as a\u00e7\u00f5es de apresenta\u00e7\u00e3o das atividades das Unidades da UFPEL \u00e0 comunidade. As a\u00e7\u00f5es desencadeadas por iniciativa dos discentes do CA do Direito contaram com v\u00e1rias Unidades da UFPEL apresentando suas atividades e, em especial, os servi\u00e7os prestados \u00e0 comunidade de Pelotas e regi\u00e3o. O Instituto de Biologia contou com a abertura do Museu Carlos Ritter com a iniciativa da Dire\u00e7\u00e3o (Luiz Fernando Minello, Gilson de Mendon\u00e7a e Rosane Schubert) apoiada pelos professores Jo\u00e3o Iganci e Raquel L\u00fcdtke e sua equipe de trabalho, em especial, os servidores <a href=\"https:\/\/institucional.ufpel.edu.br\/servidores\/siape\/1759474\">Mauro Mascarenhas<\/a> e <a href=\"https:\/\/institucional.ufpel.edu.br\/servidores\/siape\/2221536\" target=\"_blank\" rel=\"noopener noreferrer\">Carolina Silveira Regis<\/a>, al\u00e9m dos Monitores do Museu. A abertura tamb\u00e9m contou com o apoio do NUSEG (Antonio Augusto da Silva Azambuja e Heloisa Helena C. R. da Rocha) que forneceu o servi\u00e7o de vigil\u00e2ncia (Jorge Antonio Lopes Ferreira) ao evento e da SUINFRA (Ademir Dias Correia e, em especial, do eletricista Cristiano Beltr\u00e3o de Souza) que resolveu o problema da energia el\u00e9trica no pr\u00e9dio viabilizando as a\u00e7\u00f5es no espa\u00e7o interno do Museu. Em frente ao Museu foram apresentadas atividades das \u00e1reas de piscicultura (Ricardo Berteaux Robaldo); Parasitologia (Gertrud Muller Antunes e equipe); Microbiologia (Gladis Aver Ribeiro e equipe); Anatomia dos Animais Dom\u00e9sticos, de Produ\u00e7\u00e3o e Silvestres (Ana Luisa Schifino Valente e Lygia Maria de Almeida); N\u00facleo de Reabilita\u00e7\u00e3o da Fauna Silvestre (Paulo Mota Bandarra, Marco Antonio Afonso Coimbra, Greici Maia Behling e equipe de Residentes e estagi\u00e1rios); PIBID &#8211; Biologia (Eriane Castro Teixeira Ferreira e bolsistas), Herb\u00e1rio Pel (Raquel L\u00fcdtke); Colegiado de Cursos de Ci\u00eancias Biol\u00f3gicas &#8211; Bacharelado e Licenciatura (Leila de F\u00e1tima Nogueira Macias) e Dros\u00f3filas (Marco Silva Gottschalk, Monica Laner Blauth e colaboradores). As exposi\u00e7\u00f5es receberam pessoas da comunidade que foram informadas das a\u00e7\u00f5es dessas \u00e1reas e conduzidas a visita\u00e7\u00e3o ao Museu. Na oportunidade foram distribu\u00eddos <em>folders<\/em> e outros materiais pelos grupos de trabalho, sendo que. o livro de registros de visita\u00e7\u00f5es do Museu alcan\u00e7ou mais de 400 assinaturas durante o evento. A visibilidade das a\u00e7\u00f5es do Instituto apresentada a comunidade e o \u00eaxito da a\u00e7\u00e3o que foi organizada por TAEs, Docentes e Discentes volunt\u00e1rios a convite da Dire\u00e7\u00e3o foi crucial para a ideia de repeti\u00e7\u00e3o da mesma durante a semana do Bi\u00f3logo a ser comemorada no m\u00eas de setembro vindouro. Parab\u00e9ns a comunidade do IB e aos colaboradores que permitiram o sucesso da atividade. Esperamos em setembro contar com maior n\u00famero de volunt\u00e1rios, uma vez que, teremos um bom espa\u00e7o de tempo para organiza\u00e7\u00e3o do evento.<\/p>\n<p>&nbsp;<\/p>\n<p style=\"text-align: center\"><a href=\"https:\/\/wp.ufpel.edu.br\/ib\/files\/2019\/05\/HMZI5513.jpg\"><img class=\"alignnone size-medium wp-image-1594\" src=\"https:\/\/wp.ufpel.edu.br\/ib\/files\/2019\/05\/HMZI5513-400x300.jpg\" alt=\"\" width=\"400\" height=\"300\" srcset=\"https:\/\/wp.ufpel.edu.br\/ib\/files\/2019\/05\/HMZI5513-400x300.jpg 400w, https:\/\/wp.ufpel.edu.br\/ib\/files\/2019\/05\/HMZI5513-768x576.jpg 768w, https:\/\/wp.ufpel.edu.br\/ib\/files\/2019\/05\/HMZI5513-1024x768.jpg 1024w, https:\/\/wp.ufpel.edu.br\/ib\/files\/2019\/05\/HMZI5513.jpg 1280w\" sizes=\"(max-width: 400px) 100vw, 400px\" \/><\/a><a href=\"https:\/\/wp.ufpel.edu.br\/ib\/files\/2019\/05\/IMG_5749.jpg\"><img class=\"alignnone size-medium wp-image-1595\" src=\"https:\/\/wp.ufpel.edu.br\/ib\/files\/2019\/05\/IMG_5749-400x300.jpg\" alt=\"\" width=\"400\" height=\"300\" srcset=\"https:\/\/wp.ufpel.edu.br\/ib\/files\/2019\/05\/IMG_5749-400x300.jpg 400w, https:\/\/wp.ufpel.edu.br\/ib\/files\/2019\/05\/IMG_5749-768x576.jpg 768w, https:\/\/wp.ufpel.edu.br\/ib\/files\/2019\/05\/IMG_5749-1024x768.jpg 1024w\" sizes=\"(max-width: 400px) 100vw, 400px\" \/><\/a> <a href=\"https:\/\/wp.ufpel.edu.br\/ib\/files\/2019\/05\/IMG_5750.jpg\"><img class=\"alignnone size-medium wp-image-1596\" src=\"https:\/\/wp.ufpel.edu.br\/ib\/files\/2019\/05\/IMG_5750-400x300.jpg\" alt=\"\" width=\"400\" height=\"300\" srcset=\"https:\/\/wp.ufpel.edu.br\/ib\/files\/2019\/05\/IMG_5750-400x300.jpg 400w, https:\/\/wp.ufpel.edu.br\/ib\/files\/2019\/05\/IMG_5750-768x576.jpg 768w, https:\/\/wp.ufpel.edu.br\/ib\/files\/2019\/05\/IMG_5750-1024x768.jpg 1024w\" sizes=\"(max-width: 400px) 100vw, 400px\" \/><\/a> <a href=\"https:\/\/wp.ufpel.edu.br\/ib\/files\/2019\/05\/IMG_5751.jpg\"><img class=\"alignnone size-medium wp-image-1597\" src=\"https:\/\/wp.ufpel.edu.br\/ib\/files\/2019\/05\/IMG_5751-400x300.jpg\" alt=\"\" width=\"400\" height=\"300\" srcset=\"https:\/\/wp.ufpel.edu.br\/ib\/files\/2019\/05\/IMG_5751-400x300.jpg 400w, https:\/\/wp.ufpel.edu.br\/ib\/files\/2019\/05\/IMG_5751-768x576.jpg 768w, https:\/\/wp.ufpel.edu.br\/ib\/files\/2019\/05\/IMG_5751-1024x768.jpg 1024w\" sizes=\"(max-width: 400px) 100vw, 400px\" \/><\/a><a href=\"https:\/\/wp.ufpel.edu.br\/ib\/files\/2019\/05\/IMG_5754.jpg\"><img class=\"alignnone size-medium wp-image-1601\" src=\"https:\/\/wp.ufpel.edu.br\/ib\/files\/2019\/05\/IMG_5754-400x300.jpg\" alt=\"\" width=\"400\" height=\"300\" srcset=\"https:\/\/wp.ufpel.edu.br\/ib\/files\/2019\/05\/IMG_5754-400x300.jpg 400w, https:\/\/wp.ufpel.edu.br\/ib\/files\/2019\/05\/IMG_5754-768x576.jpg 768w, https:\/\/wp.ufpel.edu.br\/ib\/files\/2019\/05\/IMG_5754-1024x768.jpg 1024w\" sizes=\"(max-width: 400px) 100vw, 400px\" \/><\/a><a href=\"https:\/\/wp.ufpel.edu.br\/ib\/files\/2019\/05\/IMG_5755.jpg\"><img class=\"alignnone size-medium wp-image-1602\" src=\"https:\/\/wp.ufpel.edu.br\/ib\/files\/2019\/05\/IMG_5755-400x300.jpg\" alt=\"\" width=\"400\" height=\"300\" srcset=\"https:\/\/wp.ufpel.edu.br\/ib\/files\/2019\/05\/IMG_5755-400x300.jpg 400w, https:\/\/wp.ufpel.edu.br\/ib\/files\/2019\/05\/IMG_5755-768x576.jpg 768w, https:\/\/wp.ufpel.edu.br\/ib\/files\/2019\/05\/IMG_5755-1024x768.jpg 1024w\" sizes=\"(max-width: 400px) 100vw, 400px\" \/><\/a><a href=\"https:\/\/wp.ufpel.edu.br\/ib\/files\/2019\/05\/IMG_5756.jpg\"><img class=\"alignnone size-medium wp-image-1603\" src=\"https:\/\/wp.ufpel.edu.br\/ib\/files\/2019\/05\/IMG_5756-400x300.jpg\" alt=\"\" width=\"400\" height=\"300\" srcset=\"https:\/\/wp.ufpel.edu.br\/ib\/files\/2019\/05\/IMG_5756-400x300.jpg 400w, https:\/\/wp.ufpel.edu.br\/ib\/files\/2019\/05\/IMG_5756-768x576.jpg 768w, https:\/\/wp.ufpel.edu.br\/ib\/files\/2019\/05\/IMG_5756-1024x768.jpg 1024w\" sizes=\"(max-width: 400px) 100vw, 400px\" \/><\/a><a href=\"https:\/\/wp.ufpel.edu.br\/ib\/files\/2019\/05\/BQMZ2132.jpg\"><img class=\"alignnone size-medium wp-image-1592\" src=\"https:\/\/wp.ufpel.edu.br\/ib\/files\/2019\/05\/BQMZ2132-400x300.jpg\" alt=\"\" width=\"400\" height=\"300\" srcset=\"https:\/\/wp.ufpel.edu.br\/ib\/files\/2019\/05\/BQMZ2132-400x300.jpg 400w, https:\/\/wp.ufpel.edu.br\/ib\/files\/2019\/05\/BQMZ2132-768x576.jpg 768w, https:\/\/wp.ufpel.edu.br\/ib\/files\/2019\/05\/BQMZ2132-1024x768.jpg 1024w, https:\/\/wp.ufpel.edu.br\/ib\/files\/2019\/05\/BQMZ2132.jpg 1280w\" sizes=\"(max-width: 400px) 100vw, 400px\" \/><\/a><\/p>\n","protected":false},"excerpt":{"rendered":"<p>O Instituto de Biologia esteve na extens\u00e3o da cal\u00e7ada do Museu Carlos Ritter nesse dia 18\/05\/2019 das 11 as 17 horas aderindo as a\u00e7\u00f5es de apresenta\u00e7\u00e3o das atividades das Unidades da UFPEL \u00e0 comunidade. As a\u00e7\u00f5es desencadeadas por iniciativa dos discentes do CA do Direito contaram com v\u00e1rias Unidades da UFPEL apresentando suas atividades e, [&hellip;]<\/p>\n","protected":false},"author":488,"featured_media":0,"comment_status":"closed","ping_status":"closed","sticky":false,"template":"","format":"standard","meta":{"jetpack_post_was_ever_published":false,"_jetpack_newsletter_access":"","_jetpack_dont_email_post_to_subs":false,"_jetpack_newsletter_tier_id":0,"_jetpack_memberships_contains_paywalled_content":false,"_jetpack_memberships_contains_paid_content":false,"footnotes":""},"categories":[18],"tags":[],"class_list":["post-1590","post","type-post","status-publish","format-standard","hentry","category-sem-categoria"],"jetpack_featured_media_url":"","jetpack_sharing_enabled":true,"jetpack_shortlink":"https:\/\/wp.me\/p6S2gY-pE","_links":{"self":[{"href":"https:\/\/wp.ufpel.edu.br\/ib\/wp-json\/wp\/v2\/posts\/1590","targetHints":{"allow":["GET"]}}],"collection":[{"href":"https:\/\/wp.ufpel.edu.br\/ib\/wp-json\/wp\/v2\/posts"}],"about":[{"href":"https:\/\/wp.ufpel.edu.br\/ib\/wp-json\/wp\/v2\/types\/post"}],"author":[{"embeddable":true,"href":"https:\/\/wp.ufpel.edu.br\/ib\/wp-json\/wp\/v2\/users\/488"}],"replies":[{"embeddable":true,"href":"https:\/\/wp.ufpel.edu.br\/ib\/wp-json\/wp\/v2\/comments?post=1590"}],"version-history":[{"count":1,"href":"https:\/\/wp.ufpel.edu.br\/ib\/wp-json\/wp\/v2\/posts\/1590\/revisions"}],"predecessor-version":[{"id":1604,"href":"https:\/\/wp.ufpel.edu.br\/ib\/wp-json\/wp\/v2\/posts\/1590\/revisions\/1604"}],"wp:attachment":[{"href":"https:\/\/wp.ufpel.edu.br\/ib\/wp-json\/wp\/v2\/media?parent=1590"}],"wp:term":[{"taxonomy":"category","embeddable":true,"href":"https:\/\/wp.ufpel.edu.br\/ib\/wp-json\/wp\/v2\/categories?post=1590"},{"taxonomy":"post_tag","embeddable":true,"href":"https:\/\/wp.ufpel.edu.br\/ib\/wp-json\/wp\/v2\/tags?post=1590"}],"curies":[{"name":"wp","href":"https:\/\/api.w.org\/{rel}","templated":true}]}}