{"id":1504,"date":"2019-04-29T12:06:32","date_gmt":"2019-04-29T15:06:32","guid":{"rendered":"https:\/\/wp.ufpel.edu.br\/ib\/?p=1504"},"modified":"2019-04-29T13:56:41","modified_gmt":"2019-04-29T16:56:41","slug":"ufpel-50-anos-titulos-honorificos-representacao-ib","status":"publish","type":"post","link":"https:\/\/wp.ufpel.edu.br\/ib\/2019\/04\/29\/ufpel-50-anos-titulos-honorificos-representacao-ib\/","title":{"rendered":"UFPEL 50 anos T\u00edtulos Honor\u00edficos representa\u00e7\u00e3o IB"},"content":{"rendered":"<p style=\"text-align: justify\">Conforme divulgado pela Comiss\u00e3o Organizadora dos 50 anos haver\u00e1 a entrega de <strong>t\u00edtulo honor\u00edficos concedidos pelo CONSUN a docentes e TAEs das Unidades<\/strong>. Atendendo ao solicitado pela Comiss\u00e3o (<em>Solicitamos que sejam enviadas, at\u00e9 o dia 24\/05\/2019, os nomes de 2 (duas) pessoas para serem homenageadas, sendo elas 1 (um(a)) servidor(a) docente e 1 (um(a)) servidor(a) t\u00e9cnico-administrativo(a), podendo ser tanto da ativa, quanto do quadro de aposentados, juntamente com uma breve justificativa do porqu\u00ea da indica\u00e7\u00e3o<\/em>)\u00a0 encaminharemos o nome do <strong>professor Jos\u00e9 da Costa Sacco<\/strong> escolhido recentemente pela Comunidade docente e TAEs do IB\u00a0 e outro <strong>nome a ser escolhido representando os TAEs<\/strong>. Desse modo, <strong>solicito que as categorias encaminhem nomes de TAEs<\/strong> para aprecia\u00e7\u00e3o da comunidade e que a categoria se articule com a Dire\u00e7\u00e3o para essa delibera\u00e7\u00e3o e encaminhamentos devidos. Rogamos a todos que se mobilizem para que possamos encaminhar no prazo h\u00e1bil as indica\u00e7\u00f5es do Instituto para esses t\u00edtulos.<\/p>\n<p>&nbsp;<\/p>\n","protected":false},"excerpt":{"rendered":"<p>Conforme divulgado pela Comiss\u00e3o Organizadora dos 50 anos haver\u00e1 a entrega de t\u00edtulo honor\u00edficos concedidos pelo CONSUN a docentes e TAEs das Unidades. Atendendo ao solicitado pela Comiss\u00e3o (Solicitamos que sejam enviadas, at\u00e9 o dia 24\/05\/2019, os nomes de 2 (duas) pessoas para serem homenageadas, sendo elas 1 (um(a)) servidor(a) docente e 1 (um(a)) servidor(a) [&hellip;]<\/p>\n","protected":false},"author":488,"featured_media":0,"comment_status":"closed","ping_status":"closed","sticky":false,"template":"","format":"standard","meta":{"jetpack_post_was_ever_published":false,"_jetpack_newsletter_access":"","_jetpack_dont_email_post_to_subs":false,"_jetpack_newsletter_tier_id":0,"_jetpack_memberships_contains_paywalled_content":false,"_jetpack_memberships_contains_paid_content":false,"footnotes":""},"categories":[18],"tags":[],"class_list":["post-1504","post","type-post","status-publish","format-standard","hentry","category-sem-categoria"],"jetpack_featured_media_url":"","jetpack_sharing_enabled":true,"jetpack_shortlink":"https:\/\/wp.me\/p6S2gY-og","_links":{"self":[{"href":"https:\/\/wp.ufpel.edu.br\/ib\/wp-json\/wp\/v2\/posts\/1504","targetHints":{"allow":["GET"]}}],"collection":[{"href":"https:\/\/wp.ufpel.edu.br\/ib\/wp-json\/wp\/v2\/posts"}],"about":[{"href":"https:\/\/wp.ufpel.edu.br\/ib\/wp-json\/wp\/v2\/types\/post"}],"author":[{"embeddable":true,"href":"https:\/\/wp.ufpel.edu.br\/ib\/wp-json\/wp\/v2\/users\/488"}],"replies":[{"embeddable":true,"href":"https:\/\/wp.ufpel.edu.br\/ib\/wp-json\/wp\/v2\/comments?post=1504"}],"version-history":[{"count":1,"href":"https:\/\/wp.ufpel.edu.br\/ib\/wp-json\/wp\/v2\/posts\/1504\/revisions"}],"predecessor-version":[{"id":1506,"href":"https:\/\/wp.ufpel.edu.br\/ib\/wp-json\/wp\/v2\/posts\/1504\/revisions\/1506"}],"wp:attachment":[{"href":"https:\/\/wp.ufpel.edu.br\/ib\/wp-json\/wp\/v2\/media?parent=1504"}],"wp:term":[{"taxonomy":"category","embeddable":true,"href":"https:\/\/wp.ufpel.edu.br\/ib\/wp-json\/wp\/v2\/categories?post=1504"},{"taxonomy":"post_tag","embeddable":true,"href":"https:\/\/wp.ufpel.edu.br\/ib\/wp-json\/wp\/v2\/tags?post=1504"}],"curies":[{"name":"wp","href":"https:\/\/api.w.org\/{rel}","templated":true}]}}