{"id":1295,"date":"2019-02-14T20:38:12","date_gmt":"2019-02-14T22:38:12","guid":{"rendered":"https:\/\/wp.ufpel.edu.br\/ib\/?p=1295"},"modified":"2019-02-14T20:47:05","modified_gmt":"2019-02-14T22:47:05","slug":"professor-emerito-ib-2019-votacao","status":"publish","type":"post","link":"https:\/\/wp.ufpel.edu.br\/ib\/2019\/02\/14\/professor-emerito-ib-2019-votacao\/","title":{"rendered":"Professor Em\u00e9rito IB 2019 &#8211; Vota\u00e7\u00e3o"},"content":{"rendered":"<p style=\"text-align: justify\">Foi encaminhado novo <em>e-mail<\/em>\u00a0aos servidores TAEs e Docentes dando continuidade ao processo\u00a0 de escolha de nome de docente para apresenta\u00e7\u00e3o ao CONSUN como sugest\u00e3o ao t\u00edtulo de professor Em\u00e9rito da Unidade. Foi encaminhando\u00a0<em> link<\/em> para a vota\u00e7\u00e3o dos nomes\u00a0 apresentados pela comunidade. Dentre os nomes indicados no retorno atrav\u00e9s do\u00a0<b>e-mail\u00a0<\/b>do Instituto est\u00e1 o do professor Jos\u00e9 da Costa Sacco (referendado pela maioria dos retornos recebidos). Al\u00e9m do nome do professor Sacco os professores Titulares atrav\u00e9s de sua representa\u00e7\u00e3o no Conselho Departamento tamb\u00e9m indicaram os nomes dos docentes Nei Fernandes Lopes, Tasso Faraco de Azevedo e Jos\u00e9 Ant\u00f4nio Peters. O nome do professor <span style=\"background-color: #ffff00\"><strong>Tasso Faraco de Azevedo<\/strong><\/span> foi inclu\u00eddo na lista pela indica\u00e7\u00e3o, mas, o mesmo <span style=\"background-color: #ffff00\"><strong>j\u00e1 recebeu o t\u00edtulo de professor Em\u00e9rito<\/strong><\/span>. Esperamos a vota\u00e7\u00e3o dos docentes e TAEs para a escolha do nome que ser\u00e1 levado ao CONSUN para aprecia\u00e7\u00e3o.<\/p>\n<p><a href=\"https:\/\/docs.google.com\/forms\/d\/18kC0huoXme8wiItBqeZUEf3vZkcmMADgwOFbojxFxSE\/viewform?edit_requested=true\">https:\/\/docs.google.com\/forms\/d\/18kC0huoXme8wiItBqeZUEf3vZkcmMADgwOFbojxFxSE\/viewform?edit_requested=true\u00a0<\/a><\/p>\n","protected":false},"excerpt":{"rendered":"<p>Foi encaminhado novo e-mail\u00a0aos servidores TAEs e Docentes dando continuidade ao processo\u00a0 de escolha de nome de docente para apresenta\u00e7\u00e3o ao CONSUN como sugest\u00e3o ao t\u00edtulo de professor Em\u00e9rito da Unidade. Foi encaminhando\u00a0 link para a vota\u00e7\u00e3o dos nomes\u00a0 apresentados pela comunidade. Dentre os nomes indicados no retorno atrav\u00e9s do\u00a0e-mail\u00a0do Instituto est\u00e1 o do professor [&hellip;]<\/p>\n","protected":false},"author":488,"featured_media":0,"comment_status":"closed","ping_status":"closed","sticky":false,"template":"","format":"standard","meta":{"jetpack_post_was_ever_published":false,"_jetpack_newsletter_access":"","_jetpack_dont_email_post_to_subs":false,"_jetpack_newsletter_tier_id":0,"_jetpack_memberships_contains_paywalled_content":false,"_jetpack_memberships_contains_paid_content":false,"footnotes":""},"categories":[18],"tags":[],"class_list":["post-1295","post","type-post","status-publish","format-standard","hentry","category-sem-categoria"],"jetpack_featured_media_url":"","jetpack_sharing_enabled":true,"jetpack_shortlink":"https:\/\/wp.me\/p6S2gY-kT","_links":{"self":[{"href":"https:\/\/wp.ufpel.edu.br\/ib\/wp-json\/wp\/v2\/posts\/1295","targetHints":{"allow":["GET"]}}],"collection":[{"href":"https:\/\/wp.ufpel.edu.br\/ib\/wp-json\/wp\/v2\/posts"}],"about":[{"href":"https:\/\/wp.ufpel.edu.br\/ib\/wp-json\/wp\/v2\/types\/post"}],"author":[{"embeddable":true,"href":"https:\/\/wp.ufpel.edu.br\/ib\/wp-json\/wp\/v2\/users\/488"}],"replies":[{"embeddable":true,"href":"https:\/\/wp.ufpel.edu.br\/ib\/wp-json\/wp\/v2\/comments?post=1295"}],"version-history":[{"count":4,"href":"https:\/\/wp.ufpel.edu.br\/ib\/wp-json\/wp\/v2\/posts\/1295\/revisions"}],"predecessor-version":[{"id":1300,"href":"https:\/\/wp.ufpel.edu.br\/ib\/wp-json\/wp\/v2\/posts\/1295\/revisions\/1300"}],"wp:attachment":[{"href":"https:\/\/wp.ufpel.edu.br\/ib\/wp-json\/wp\/v2\/media?parent=1295"}],"wp:term":[{"taxonomy":"category","embeddable":true,"href":"https:\/\/wp.ufpel.edu.br\/ib\/wp-json\/wp\/v2\/categories?post=1295"},{"taxonomy":"post_tag","embeddable":true,"href":"https:\/\/wp.ufpel.edu.br\/ib\/wp-json\/wp\/v2\/tags?post=1295"}],"curies":[{"name":"wp","href":"https:\/\/api.w.org\/{rel}","templated":true}]}}