{"id":531,"date":"2012-11-29T17:33:25","date_gmt":"2012-11-29T17:33:25","guid":{"rendered":"https:\/\/wp.ufpel.edu.br\/historia\/?p=531"},"modified":"2012-11-29T17:34:05","modified_gmt":"2012-11-29T17:34:05","slug":"hist-das-ideias-politicas-e-sociais","status":"publish","type":"post","link":"https:\/\/wp.ufpel.edu.br\/historia\/2012\/11\/29\/hist-das-ideias-politicas-e-sociais\/","title":{"rendered":"Hist. das Id\u00e9ias Pol\u00edticas e Sociais"},"content":{"rendered":"<p>N\u00e3o haver\u00e1 aula da disciplina optativa Hist\u00f3ria das Id\u00e9ias Pol\u00edticas e Sociais, com o Prof. Fernando Camargo, na quinta-feira dia 29 de novembro de 2012.<\/p>\n<p>Pe\u00e7o aos alunos que divulguem a informa\u00e7\u00e3o aos colegas.<\/p>\n","protected":false},"excerpt":{"rendered":"<p>N\u00e3o haver\u00e1 aula da disciplina optativa Hist\u00f3ria das Id\u00e9ias Pol\u00edticas e Sociais, com o Prof. Fernando Camargo, na quinta-feira dia 29 de novembro de 2012. Pe\u00e7o aos alunos que divulguem a informa\u00e7\u00e3o aos colegas.<\/p>\n","protected":false},"author":144,"featured_media":0,"comment_status":"closed","ping_status":"open","sticky":false,"template":"","format":"standard","meta":{"footnotes":""},"categories":[18],"tags":[],"class_list":["post-531","post","type-post","status-publish","format-standard","hentry","category-sem-categoria"],"jetpack_featured_media_url":"","_links":{"self":[{"href":"https:\/\/wp.ufpel.edu.br\/historia\/wp-json\/wp\/v2\/posts\/531","targetHints":{"allow":["GET"]}}],"collection":[{"href":"https:\/\/wp.ufpel.edu.br\/historia\/wp-json\/wp\/v2\/posts"}],"about":[{"href":"https:\/\/wp.ufpel.edu.br\/historia\/wp-json\/wp\/v2\/types\/post"}],"author":[{"embeddable":true,"href":"https:\/\/wp.ufpel.edu.br\/historia\/wp-json\/wp\/v2\/users\/144"}],"replies":[{"embeddable":true,"href":"https:\/\/wp.ufpel.edu.br\/historia\/wp-json\/wp\/v2\/comments?post=531"}],"version-history":[{"count":3,"href":"https:\/\/wp.ufpel.edu.br\/historia\/wp-json\/wp\/v2\/posts\/531\/revisions"}],"predecessor-version":[{"id":534,"href":"https:\/\/wp.ufpel.edu.br\/historia\/wp-json\/wp\/v2\/posts\/531\/revisions\/534"}],"wp:attachment":[{"href":"https:\/\/wp.ufpel.edu.br\/historia\/wp-json\/wp\/v2\/media?parent=531"}],"wp:term":[{"taxonomy":"category","embeddable":true,"href":"https:\/\/wp.ufpel.edu.br\/historia\/wp-json\/wp\/v2\/categories?post=531"},{"taxonomy":"post_tag","embeddable":true,"href":"https:\/\/wp.ufpel.edu.br\/historia\/wp-json\/wp\/v2\/tags?post=531"}],"curies":[{"name":"wp","href":"https:\/\/api.w.org\/{rel}","templated":true}]}}