{"id":423,"date":"2012-07-30T13:06:18","date_gmt":"2012-07-30T13:06:18","guid":{"rendered":"https:\/\/wp.ufpel.edu.br\/historia\/?p=423"},"modified":"2012-07-30T13:06:18","modified_gmt":"2012-07-30T13:06:18","slug":"alunas-do-curso-sao-premiadas-no-xi-encontro-estadual-de-historia","status":"publish","type":"post","link":"https:\/\/wp.ufpel.edu.br\/historia\/2012\/07\/30\/alunas-do-curso-sao-premiadas-no-xi-encontro-estadual-de-historia\/","title":{"rendered":"Alunas do Curso s\u00e3o premiadas no XI Encontro Estadual de Hist\u00f3ria"},"content":{"rendered":"<p align=\"center\"><strong>PREMIA\u00c7\u00c3O DOS P\u00d4STERES<\/strong><\/p>\n<p>Dentre as cinco premia\u00e7\u00f5es dos p\u00f4steres do Encontro Estadual de Hist\u00f3ria, tr\u00eas delas s\u00e3o alunas dos Cursos de Hist\u00f3ria da UFPel, sendo as tr\u00eas orientadas pelo Prof. Aristeu Lopes.<\/p>\n<p><strong>Biane Peverada Jaques<\/strong>\u00a0com o trabalho Tra\u00e7ando o perfil do trabalhador ga\u00facho (1933-1943);<\/p>\n<p><strong>\u00a0<\/strong><strong>Mariana Couto Gon\u00e7alves<\/strong>\u00a0com o trabalho \u201cTroa em minha alma a voz da liberdade\u201d: a aboli\u00e7\u00e3o em Pelotas atrav\u00e9s das cr\u00f4nicas de Bernardo Taveira Junior.<\/p>\n<p>&nbsp;<\/p>\n<p><strong>\u00a0<\/strong><strong>Melissa Xavier Gouv\u00eaa<\/strong>\u00a0com o trabalho \u201cEchos de um crime:\u201d: not\u00edcias de homic\u00eddios, agress\u00f5es e desordens no Jornal pelotense \u201cO Rebate\u201d (1914-1923)<\/p>\n<p>&nbsp;<\/p>\n<p>A not\u00edcia completa, voc\u00ea pode ler no link\u00a0<a href=\"http:\/\/www.anpuh-rs.org.br\/informativo\/view?ID_INFORMATIVO=3259\">http:\/\/www.anpuh-rs.org.br\/informativo\/view?ID_INFORMATIVO=3259<\/a><\/p>\n","protected":false},"excerpt":{"rendered":"<p>PREMIA\u00c7\u00c3O DOS P\u00d4STERES Dentre as cinco premia\u00e7\u00f5es dos p\u00f4steres do Encontro Estadual de Hist\u00f3ria, tr\u00eas delas s\u00e3o alunas dos Cursos de Hist\u00f3ria da UFPel, sendo as tr\u00eas orientadas pelo Prof. Aristeu Lopes. Biane Peverada Jaques\u00a0com o trabalho Tra\u00e7ando o perfil do trabalhador ga\u00facho (1933-1943); \u00a0Mariana Couto Gon\u00e7alves\u00a0com o trabalho \u201cTroa em minha alma a voz [&hellip;]<\/p>\n","protected":false},"author":144,"featured_media":0,"comment_status":"closed","ping_status":"open","sticky":false,"template":"","format":"standard","meta":{"footnotes":""},"categories":[18],"tags":[],"class_list":["post-423","post","type-post","status-publish","format-standard","hentry","category-sem-categoria"],"jetpack_featured_media_url":"","_links":{"self":[{"href":"https:\/\/wp.ufpel.edu.br\/historia\/wp-json\/wp\/v2\/posts\/423","targetHints":{"allow":["GET"]}}],"collection":[{"href":"https:\/\/wp.ufpel.edu.br\/historia\/wp-json\/wp\/v2\/posts"}],"about":[{"href":"https:\/\/wp.ufpel.edu.br\/historia\/wp-json\/wp\/v2\/types\/post"}],"author":[{"embeddable":true,"href":"https:\/\/wp.ufpel.edu.br\/historia\/wp-json\/wp\/v2\/users\/144"}],"replies":[{"embeddable":true,"href":"https:\/\/wp.ufpel.edu.br\/historia\/wp-json\/wp\/v2\/comments?post=423"}],"version-history":[{"count":1,"href":"https:\/\/wp.ufpel.edu.br\/historia\/wp-json\/wp\/v2\/posts\/423\/revisions"}],"predecessor-version":[{"id":424,"href":"https:\/\/wp.ufpel.edu.br\/historia\/wp-json\/wp\/v2\/posts\/423\/revisions\/424"}],"wp:attachment":[{"href":"https:\/\/wp.ufpel.edu.br\/historia\/wp-json\/wp\/v2\/media?parent=423"}],"wp:term":[{"taxonomy":"category","embeddable":true,"href":"https:\/\/wp.ufpel.edu.br\/historia\/wp-json\/wp\/v2\/categories?post=423"},{"taxonomy":"post_tag","embeddable":true,"href":"https:\/\/wp.ufpel.edu.br\/historia\/wp-json\/wp\/v2\/tags?post=423"}],"curies":[{"name":"wp","href":"https:\/\/api.w.org\/{rel}","templated":true}]}}