{"id":336,"date":"2012-04-09T20:19:55","date_gmt":"2012-04-09T20:19:55","guid":{"rendered":"https:\/\/wp.ufpel.edu.br\/historia\/?p=336"},"modified":"2012-04-09T20:19:55","modified_gmt":"2012-04-09T20:19:55","slug":"aula-inaugural-ppgh","status":"publish","type":"post","link":"https:\/\/wp.ufpel.edu.br\/historia\/2012\/04\/09\/aula-inaugural-ppgh\/","title":{"rendered":"Aula Inaugural PPGH"},"content":{"rendered":"<p><strong><span style=\"text-decoration: underline\">PPG Hist\u00f3ria\/UFPel Convida:<\/span><\/strong><\/p>\n<p><strong>AULA INAUGURAL<\/strong><\/p>\n<p><strong>Prof<\/strong><strong>a<\/strong><strong>. Dr<\/strong><strong>a<\/strong><strong>. Hebe Mattos<\/strong><\/p>\n<p><strong>(Universidade Federal Fluminense)<\/strong><\/p>\n<p><strong> <\/strong><\/p>\n<p><strong>\u201c<\/strong><strong>Passados Presentes: o &#8220;p\u00f3s-aboli\u00e7\u00e3o&#8221; como problema de pesquisa<\/strong><strong>\u201d<\/strong><\/p>\n<p><strong>DATA: 13 de abril (sexta-feira)<\/strong><\/p>\n<p><strong>HOR\u00c1RIO: 14:00 horas<\/strong><\/p>\n<p><strong>LOCAL: Audit\u00f3rio da Faculdade de Arquitetura e Urbanismo da UFPel (Rua Benjamim Constant, 1359)<\/strong><\/p>\n","protected":false},"excerpt":{"rendered":"<p>PPG Hist\u00f3ria\/UFPel Convida: AULA INAUGURAL Profa. Dra. Hebe Mattos (Universidade Federal Fluminense) \u201cPassados Presentes: o &#8220;p\u00f3s-aboli\u00e7\u00e3o&#8221; como problema de pesquisa\u201d DATA: 13 de abril (sexta-feira) HOR\u00c1RIO: 14:00 horas LOCAL: Audit\u00f3rio da Faculdade de Arquitetura e Urbanismo da UFPel (Rua Benjamim Constant, 1359)<\/p>\n","protected":false},"author":144,"featured_media":0,"comment_status":"closed","ping_status":"open","sticky":false,"template":"","format":"standard","meta":{"footnotes":""},"categories":[18],"tags":[],"class_list":["post-336","post","type-post","status-publish","format-standard","hentry","category-sem-categoria"],"jetpack_featured_media_url":"","_links":{"self":[{"href":"https:\/\/wp.ufpel.edu.br\/historia\/wp-json\/wp\/v2\/posts\/336","targetHints":{"allow":["GET"]}}],"collection":[{"href":"https:\/\/wp.ufpel.edu.br\/historia\/wp-json\/wp\/v2\/posts"}],"about":[{"href":"https:\/\/wp.ufpel.edu.br\/historia\/wp-json\/wp\/v2\/types\/post"}],"author":[{"embeddable":true,"href":"https:\/\/wp.ufpel.edu.br\/historia\/wp-json\/wp\/v2\/users\/144"}],"replies":[{"embeddable":true,"href":"https:\/\/wp.ufpel.edu.br\/historia\/wp-json\/wp\/v2\/comments?post=336"}],"version-history":[{"count":2,"href":"https:\/\/wp.ufpel.edu.br\/historia\/wp-json\/wp\/v2\/posts\/336\/revisions"}],"predecessor-version":[{"id":337,"href":"https:\/\/wp.ufpel.edu.br\/historia\/wp-json\/wp\/v2\/posts\/336\/revisions\/337"}],"wp:attachment":[{"href":"https:\/\/wp.ufpel.edu.br\/historia\/wp-json\/wp\/v2\/media?parent=336"}],"wp:term":[{"taxonomy":"category","embeddable":true,"href":"https:\/\/wp.ufpel.edu.br\/historia\/wp-json\/wp\/v2\/categories?post=336"},{"taxonomy":"post_tag","embeddable":true,"href":"https:\/\/wp.ufpel.edu.br\/historia\/wp-json\/wp\/v2\/tags?post=336"}],"curies":[{"name":"wp","href":"https:\/\/api.w.org\/{rel}","templated":true}]}}