{"id":176,"date":"2011-12-05T14:47:18","date_gmt":"2011-12-05T17:47:18","guid":{"rendered":"https:\/\/wp.ufpel.edu.br\/historia\/?p=176"},"modified":"2011-12-05T14:47:33","modified_gmt":"2011-12-05T17:47:33","slug":"reuniao-com-alunos-da-licenciatura-em-historia","status":"publish","type":"post","link":"https:\/\/wp.ufpel.edu.br\/historia\/2011\/12\/05\/reuniao-com-alunos-da-licenciatura-em-historia\/","title":{"rendered":"Reuni\u00e3o com alunos da Licenciatura em Hist\u00f3ria"},"content":{"rendered":"<p>Aten\u00e7\u00e3o Alunos da Licenciatura em Hist\u00f3ria<\/p>\n<p>Teremos uma reuni\u00e3o no dia 07\/12\/2011, quarta-feira, \u00e0s 19h no audit\u00f3rio do ICH.<\/p>\n<p>Esta reuni\u00e3o ter\u00e1 como objetivo apresentar o novo curr\u00edculo do curso aos alunos e tamb\u00e9m orient\u00e1-los para a matr\u00edcula do pr\u00f3ximo semestre.<\/p>\n<p>Aguardamos a todos.<\/p>\n","protected":false},"excerpt":{"rendered":"<p>Aten\u00e7\u00e3o Alunos da Licenciatura em Hist\u00f3ria Teremos uma reuni\u00e3o no dia 07\/12\/2011, quarta-feira, \u00e0s 19h no audit\u00f3rio do ICH. Esta reuni\u00e3o ter\u00e1 como objetivo apresentar o novo curr\u00edculo do curso aos alunos e tamb\u00e9m orient\u00e1-los para a matr\u00edcula do pr\u00f3ximo semestre. Aguardamos a todos.<\/p>\n","protected":false},"author":144,"featured_media":0,"comment_status":"closed","ping_status":"open","sticky":false,"template":"","format":"standard","meta":{"footnotes":""},"categories":[18,21680],"tags":[],"class_list":["post-176","post","type-post","status-publish","format-standard","hentry","category-sem-categoria","category-noticias-colegiado"],"jetpack_featured_media_url":"","_links":{"self":[{"href":"https:\/\/wp.ufpel.edu.br\/historia\/wp-json\/wp\/v2\/posts\/176","targetHints":{"allow":["GET"]}}],"collection":[{"href":"https:\/\/wp.ufpel.edu.br\/historia\/wp-json\/wp\/v2\/posts"}],"about":[{"href":"https:\/\/wp.ufpel.edu.br\/historia\/wp-json\/wp\/v2\/types\/post"}],"author":[{"embeddable":true,"href":"https:\/\/wp.ufpel.edu.br\/historia\/wp-json\/wp\/v2\/users\/144"}],"replies":[{"embeddable":true,"href":"https:\/\/wp.ufpel.edu.br\/historia\/wp-json\/wp\/v2\/comments?post=176"}],"version-history":[{"count":2,"href":"https:\/\/wp.ufpel.edu.br\/historia\/wp-json\/wp\/v2\/posts\/176\/revisions"}],"predecessor-version":[{"id":178,"href":"https:\/\/wp.ufpel.edu.br\/historia\/wp-json\/wp\/v2\/posts\/176\/revisions\/178"}],"wp:attachment":[{"href":"https:\/\/wp.ufpel.edu.br\/historia\/wp-json\/wp\/v2\/media?parent=176"}],"wp:term":[{"taxonomy":"category","embeddable":true,"href":"https:\/\/wp.ufpel.edu.br\/historia\/wp-json\/wp\/v2\/categories?post=176"},{"taxonomy":"post_tag","embeddable":true,"href":"https:\/\/wp.ufpel.edu.br\/historia\/wp-json\/wp\/v2\/tags?post=176"}],"curies":[{"name":"wp","href":"https:\/\/api.w.org\/{rel}","templated":true}]}}