{"id":1742,"date":"2025-04-10T14:20:54","date_gmt":"2025-04-10T17:20:54","guid":{"rendered":"https:\/\/wp.ufpel.edu.br\/historia\/?p=1742"},"modified":"2025-04-10T14:20:54","modified_gmt":"2025-04-10T17:20:54","slug":"acolhida-ich","status":"publish","type":"post","link":"https:\/\/wp.ufpel.edu.br\/historia\/2025\/04\/10\/acolhida-ich\/","title":{"rendered":"Acolhida ICH"},"content":{"rendered":"<p align=\"center\"><strong>23 de abril &#8211; tarde<\/strong><\/p>\n<p align=\"center\"><strong>Acolhimento \u00e0s(aos) discentes dos cursos de Hist\u00f3ria \u2013 Bacharelado e Museologia<\/strong><\/p>\n<p align=\"center\">\n<p><strong>Hor\u00e1rio<\/strong>: 14hs.<\/p>\n<p><strong>Local<\/strong>: Audit\u00f3rio do Campus II (Rua Alm. Barroso, 1202 \u2013 Centro), sala 309.<\/p>\n<p><strong>Programa\u00e7\u00e3o<\/strong>:<\/p>\n<p><a target=\"_blank\" name=\"_Hlk195092197\"><\/a>14hs &#8211;\u00a0<u>Abertura<\/u>: Reitoria, Dire\u00e7\u00e3o, Coordenadoras(es) e Secret\u00e1rias(os);<\/p>\n<p><a target=\"_blank\" name=\"_Hlk195108808\"><\/a>14hs 30min &#8211; Pr\u00f3 Reitoria de Ensino;<\/p>\n<p>15hs \u2013 Pr\u00f3 Reitoria Assuntos Estudantis;<\/p>\n<p>15hs 30min \u2013 Pr\u00f3 Reitoria de A\u00e7\u00f5es Afirmativas e Equidade;<\/p>\n<p>16hs \u2013 Bibliotecas;<\/p>\n<p>16hs 30min &#8211;<u>\u00a0Encerramento<\/u>: Coordenadoras(es) dos cursos e Centros Acad\u00eamicos.<\/p>\n<p align=\"center\">\n<p align=\"center\"><strong>23 de abril &#8211; noite<\/strong><\/p>\n<p align=\"center\"><strong>Acolhimento \u00e0s(aos) discentes dos Cursos de Arqueologia, Conserva\u00e7\u00e3o e Restaura\u00e7\u00e3o de Bens Im\u00f3veis e Hist\u00f3ria \u2013 Licenciatura<\/strong><\/p>\n<p><strong>Hor\u00e1rio<\/strong>: 19hs.<\/p>\n<p><strong>Local<\/strong>: Audit\u00f3rio do Campus II (Rua Alm. Barroso, 1202 \u2013 Centro), sala 309.<\/p>\n<p><strong>Programa\u00e7\u00e3o<\/strong>:<\/p>\n<p>19hs &#8211;\u00a0<u>Abertura<\/u>: Reitoria, Dire\u00e7\u00e3o, Coordenadoras(es) e Secret\u00e1rias(os);<\/p>\n<p>19hs 30min &#8211; Pr\u00f3 Reitoria de Ensino;<\/p>\n<p>20hs \u2013 Pr\u00f3 Reitoria Assuntos Estudantis;<\/p>\n<p>20hs 30min \u2013 Pr\u00f3 Reitoria de A\u00e7\u00f5es Afirmativas e Equidade;<\/p>\n<p>21hs \u2013 Bibliotecas;<\/p>\n<p>21hs 30min &#8211;\u00a0<u>Encerramento<\/u>: Coordenadoras(es) dos cursos e Centros Acad\u00eamicos<\/p>\n<p>Atenciosamente,<\/p>\n<p>&nbsp;<\/p>\n<p>&nbsp;<\/p>\n<p>Professora Ana Inez Klein &#8211; Coordenadora Adjunta dos Cursos de Hist\u00f3ria<\/p>\n<p>Andrea Bachettini &#8211; Diretora em Exerc\u00edcio do Instituto de Ci\u00eancias Humanas<\/p>\n","protected":false},"excerpt":{"rendered":"<p>23 de abril &#8211; tarde Acolhimento \u00e0s(aos) discentes dos cursos de Hist\u00f3ria \u2013 Bacharelado e Museologia Hor\u00e1rio: 14hs. Local: Audit\u00f3rio do Campus II (Rua Alm. Barroso, 1202 \u2013 Centro), sala 309. Programa\u00e7\u00e3o: 14hs &#8211;\u00a0Abertura: Reitoria, Dire\u00e7\u00e3o, Coordenadoras(es) e Secret\u00e1rias(os); 14hs 30min &#8211; Pr\u00f3 Reitoria de Ensino; 15hs \u2013 Pr\u00f3 Reitoria Assuntos Estudantis; 15hs 30min \u2013 [&hellip;]<\/p>\n","protected":false},"author":144,"featured_media":0,"comment_status":"closed","ping_status":"closed","sticky":false,"template":"","format":"standard","meta":{"footnotes":""},"categories":[18],"tags":[],"class_list":["post-1742","post","type-post","status-publish","format-standard","hentry","category-sem-categoria"],"jetpack_featured_media_url":"","_links":{"self":[{"href":"https:\/\/wp.ufpel.edu.br\/historia\/wp-json\/wp\/v2\/posts\/1742","targetHints":{"allow":["GET"]}}],"collection":[{"href":"https:\/\/wp.ufpel.edu.br\/historia\/wp-json\/wp\/v2\/posts"}],"about":[{"href":"https:\/\/wp.ufpel.edu.br\/historia\/wp-json\/wp\/v2\/types\/post"}],"author":[{"embeddable":true,"href":"https:\/\/wp.ufpel.edu.br\/historia\/wp-json\/wp\/v2\/users\/144"}],"replies":[{"embeddable":true,"href":"https:\/\/wp.ufpel.edu.br\/historia\/wp-json\/wp\/v2\/comments?post=1742"}],"version-history":[{"count":1,"href":"https:\/\/wp.ufpel.edu.br\/historia\/wp-json\/wp\/v2\/posts\/1742\/revisions"}],"predecessor-version":[{"id":1744,"href":"https:\/\/wp.ufpel.edu.br\/historia\/wp-json\/wp\/v2\/posts\/1742\/revisions\/1744"}],"wp:attachment":[{"href":"https:\/\/wp.ufpel.edu.br\/historia\/wp-json\/wp\/v2\/media?parent=1742"}],"wp:term":[{"taxonomy":"category","embeddable":true,"href":"https:\/\/wp.ufpel.edu.br\/historia\/wp-json\/wp\/v2\/categories?post=1742"},{"taxonomy":"post_tag","embeddable":true,"href":"https:\/\/wp.ufpel.edu.br\/historia\/wp-json\/wp\/v2\/tags?post=1742"}],"curies":[{"name":"wp","href":"https:\/\/api.w.org\/{rel}","templated":true}]}}