{"id":1372,"date":"2019-04-15T10:31:45","date_gmt":"2019-04-15T13:31:45","guid":{"rendered":"https:\/\/wp.ufpel.edu.br\/historia\/?p=1372"},"modified":"2019-04-15T10:32:53","modified_gmt":"2019-04-15T13:32:53","slug":"aproveitamento-de-disciplinas-2","status":"publish","type":"post","link":"https:\/\/wp.ufpel.edu.br\/historia\/2019\/04\/15\/aproveitamento-de-disciplinas-2\/","title":{"rendered":"Aproveitamento de Disciplinas"},"content":{"rendered":"<p>O aproveitamento de disciplinas ser\u00e1 de<span style=\"background-color: #00ff00\"><strong><span style=\"font-size: 14pt;color: #000000;background-color: #00ff00\"> 22\/04 a 26\/04.<\/span><\/strong><\/span><\/p>\n<p>\u00c9 necess\u00e1rio o preenchimento do formul\u00e1rio em anexo <strong>para cada disciplina<\/strong> que se queira aproveitar.<\/p>\n<p>O formul\u00e1rio dever\u00e1 ser assinado, escaneado e enviado para o e-mail do Colegiado (hist.ufpel@gmail.com) junto com o Hist\u00f3rico.<\/p>\n<p><a href=\"https:\/\/wp.ufpel.edu.br\/historia\/files\/2019\/04\/Aproveitamento_de-disciplinas.pdf\">Aproveitamento_de disciplinas<\/a><\/p>\n","protected":false},"excerpt":{"rendered":"<p>O aproveitamento de disciplinas ser\u00e1 de 22\/04 a 26\/04. \u00c9 necess\u00e1rio o preenchimento do formul\u00e1rio em anexo para cada disciplina que se queira aproveitar. O formul\u00e1rio dever\u00e1 ser assinado, escaneado e enviado para o e-mail do Colegiado (hist.ufpel@gmail.com) junto com o Hist\u00f3rico. Aproveitamento_de disciplinas<\/p>\n","protected":false},"author":144,"featured_media":0,"comment_status":"closed","ping_status":"closed","sticky":false,"template":"","format":"standard","meta":{"footnotes":""},"categories":[18],"tags":[],"class_list":["post-1372","post","type-post","status-publish","format-standard","hentry","category-sem-categoria"],"jetpack_featured_media_url":"","_links":{"self":[{"href":"https:\/\/wp.ufpel.edu.br\/historia\/wp-json\/wp\/v2\/posts\/1372","targetHints":{"allow":["GET"]}}],"collection":[{"href":"https:\/\/wp.ufpel.edu.br\/historia\/wp-json\/wp\/v2\/posts"}],"about":[{"href":"https:\/\/wp.ufpel.edu.br\/historia\/wp-json\/wp\/v2\/types\/post"}],"author":[{"embeddable":true,"href":"https:\/\/wp.ufpel.edu.br\/historia\/wp-json\/wp\/v2\/users\/144"}],"replies":[{"embeddable":true,"href":"https:\/\/wp.ufpel.edu.br\/historia\/wp-json\/wp\/v2\/comments?post=1372"}],"version-history":[{"count":2,"href":"https:\/\/wp.ufpel.edu.br\/historia\/wp-json\/wp\/v2\/posts\/1372\/revisions"}],"predecessor-version":[{"id":1376,"href":"https:\/\/wp.ufpel.edu.br\/historia\/wp-json\/wp\/v2\/posts\/1372\/revisions\/1376"}],"wp:attachment":[{"href":"https:\/\/wp.ufpel.edu.br\/historia\/wp-json\/wp\/v2\/media?parent=1372"}],"wp:term":[{"taxonomy":"category","embeddable":true,"href":"https:\/\/wp.ufpel.edu.br\/historia\/wp-json\/wp\/v2\/categories?post=1372"},{"taxonomy":"post_tag","embeddable":true,"href":"https:\/\/wp.ufpel.edu.br\/historia\/wp-json\/wp\/v2\/tags?post=1372"}],"curies":[{"name":"wp","href":"https:\/\/api.w.org\/{rel}","templated":true}]}}