{"id":54,"date":"2010-04-04T17:30:46","date_gmt":"2010-04-04T19:30:46","guid":{"rendered":"https:\/\/wp.ufpel.edu.br\/hcv\/?p=54"},"modified":"2010-04-04T17:32:30","modified_gmt":"2010-04-04T19:32:30","slug":"casqueamento-e-ferrageamento-mirimjuvenil","status":"publish","type":"post","link":"https:\/\/wp.ufpel.edu.br\/hcv\/2010\/04\/04\/casqueamento-e-ferrageamento-mirimjuvenil\/","title":{"rendered":"Casqueamento e ferrageamento mirim\/juvenil"},"content":{"rendered":"<p><img src=\"https:\/\/wp.ufpel.edu.br\/hcv\/files\/2010\/04\/ceval-4-300x225.jpg\" alt=\"ceval\" title=\"Casqueamento e ferrageamento\" width=\"200\" height=\"150\" class=\"alignright size-medium wp-image-55\" srcset=\"https:\/\/wp.ufpel.edu.br\/hcv\/files\/2010\/04\/ceval-4-300x225.jpg 300w, https:\/\/wp.ufpel.edu.br\/hcv\/files\/2010\/04\/ceval-4.JPG 640w\" sizes=\"(max-width: 200px) 100vw, 200px\" \/><br \/>\nMarcando o recome\u00e7o das a\u00e7\u00f5es do <strong>ClinEq<\/strong> no projeto de extens\u00e3o vinculado ao ProExt 2009, \u201c<em>A\u00e7\u00e3o interdisciplinar a carroceiros e charreteiros na periferia de Pelotas-RS<\/em>\u201d, ocorreu neste s\u00e1bado, dia 27 de mar\u00e7o de 2010, no Ambulat\u00f3rio Veterin\u00e1ria pr\u00f3ximo a comunidade Ceval (antigo pr\u00e9dio do inserv\u00edveis da UFPel), um curso te\u00f3rico pr\u00e1tico de casqueamento e ferrageamento de equinos para iniciantes. Para este curso foram selecionadas dez crian\u00e7as entre 8 a 14 anos. O curso tem como objetivo mostrar a import\u00e2ncia do casqueamento e ferrageamento dos cavalos, informar sobre a import\u00e2ncia do bem estar e sanidade animal, motivar as crian\u00e7as a conhecer a &#8220;arte\u201d de casquear e ferrar cavalos, que pode ser para eles uma profiss\u00e3o e garantir um futuro melhor, principalmente para estas fam\u00edlias, que mant\u00eam seu sustento utilizando o trabalho do cavalo de tra\u00e7\u00e3o, como carroceiros e catadores de lixo.<br \/>\nA equipe do <strong>ClinEq<\/strong>, que participou da atividade foram o Prof Carlos Eduardo Wayne Nogueira (coordenador), Lenara Stelmach (Assistente Social), Rafael lara ( Ferreiro Profissional \u2013 volunt\u00e1rio), Cahu\u00ea Paz, Lorena Feij\u00f3 e Douglas Oliveira (acad\u00eamicos de medicina veterin\u00e1ria \u2013 instrutores).<br \/>\nEste encontro demonstrou o fortalecimento e aceita\u00e7\u00e3o da comunidade para com os projetos extensionistas do <strong>ClinEq<\/strong>. As atividades exercidas pelo grupo, como o atendimento ambulatorial gratuito oferecido duas vezes por semana, \u00e9 evidenciado pela sua inser\u00e7\u00e3o na comunidade h\u00e1 mais de dez anos, promovendo a intera\u00e7\u00e3o entre Comunidade\/Universidade com o intuito de orientar e treinar alunos extensionistas, oferecer uma oportunidade de educa\u00e7\u00e3o e inser\u00e7\u00e3o para minimizar a exclus\u00e3o social desta parcela da popula\u00e7\u00e3o.<\/p>\n","protected":false},"excerpt":{"rendered":"<p>Marcando o recome\u00e7o das a\u00e7\u00f5es do ClinEq no projeto de extens\u00e3o vinculado ao ProExt 2009, \u201cA\u00e7\u00e3o interdisciplinar a carroceiros e charreteiros na periferia de Pelotas-RS\u201d, ocorreu neste s\u00e1bado, dia 27 de mar\u00e7o de 2010, no Ambulat\u00f3rio Veterin\u00e1ria pr\u00f3ximo a comunidade Ceval (antigo pr\u00e9dio do inserv\u00edveis da UFPel), um curso te\u00f3rico pr\u00e1tico de casqueamento e ferrageamento [&hellip;]<\/p>\n","protected":false},"author":4,"featured_media":0,"comment_status":"closed","ping_status":"open","sticky":false,"template":"","format":"standard","meta":{"footnotes":""},"categories":[1],"tags":[],"class_list":["post-54","post","type-post","status-publish","format-standard","hentry","category-noticias"],"jetpack_featured_media_url":"","_links":{"self":[{"href":"https:\/\/wp.ufpel.edu.br\/hcv\/wp-json\/wp\/v2\/posts\/54","targetHints":{"allow":["GET"]}}],"collection":[{"href":"https:\/\/wp.ufpel.edu.br\/hcv\/wp-json\/wp\/v2\/posts"}],"about":[{"href":"https:\/\/wp.ufpel.edu.br\/hcv\/wp-json\/wp\/v2\/types\/post"}],"author":[{"embeddable":true,"href":"https:\/\/wp.ufpel.edu.br\/hcv\/wp-json\/wp\/v2\/users\/4"}],"replies":[{"embeddable":true,"href":"https:\/\/wp.ufpel.edu.br\/hcv\/wp-json\/wp\/v2\/comments?post=54"}],"version-history":[{"count":2,"href":"https:\/\/wp.ufpel.edu.br\/hcv\/wp-json\/wp\/v2\/posts\/54\/revisions"}],"predecessor-version":[{"id":57,"href":"https:\/\/wp.ufpel.edu.br\/hcv\/wp-json\/wp\/v2\/posts\/54\/revisions\/57"}],"wp:attachment":[{"href":"https:\/\/wp.ufpel.edu.br\/hcv\/wp-json\/wp\/v2\/media?parent=54"}],"wp:term":[{"taxonomy":"category","embeddable":true,"href":"https:\/\/wp.ufpel.edu.br\/hcv\/wp-json\/wp\/v2\/categories?post=54"},{"taxonomy":"post_tag","embeddable":true,"href":"https:\/\/wp.ufpel.edu.br\/hcv\/wp-json\/wp\/v2\/tags?post=54"}],"curies":[{"name":"wp","href":"https:\/\/api.w.org\/{rel}","templated":true}]}}