{"id":132,"date":"2022-10-25T08:18:43","date_gmt":"2022-10-25T11:18:43","guid":{"rendered":"https:\/\/wp.ufpel.edu.br\/gtcmc\/?p=132"},"modified":"2022-10-25T08:29:02","modified_gmt":"2022-10-25T11:29:02","slug":"nova-identidade-visual","status":"publish","type":"post","link":"https:\/\/wp.ufpel.edu.br\/gtcmc\/2022\/10\/25\/nova-identidade-visual\/","title":{"rendered":"Nova identidade visual"},"content":{"rendered":"<p>Grupo Te\u00f3rico-Computacional de Mat\u00e9ria Condensada inaugura sua nova identidade visual e sua p\u00e1gina no Instagram: <a href=\"https:\/\/www.instagram.com\/gtcmc_ufpel\/\">https:\/\/www.instagram.com\/gtcmc_ufpel\/<\/a><\/p>\n<p><img loading=\"lazy\" decoding=\"async\" class=\"alignnone wp-image-129\" src=\"https:\/\/wp.ufpel.edu.br\/gtcmc\/files\/2018\/05\/logo-400x99.png\" alt=\"\" width=\"924\" height=\"228\" \/><\/p>\n","protected":false},"excerpt":{"rendered":"<p>Grupo Te\u00f3rico-Computacional de Mat\u00e9ria Condensada inaugura sua nova identidade visual e sua p\u00e1gina no Instagram: https:\/\/www.instagram.com\/gtcmc_ufpel\/<\/p>\n","protected":false},"author":855,"featured_media":0,"comment_status":"closed","ping_status":"closed","sticky":false,"template":"","format":"gallery","meta":{"footnotes":""},"categories":[1],"tags":[4,3,6,7,5],"class_list":["post-132","post","type-post","status-publish","format-gallery","hentry","category-noticias","tag-grupo-teorico-de-materia-condensada","tag-gtcmc","tag-pos-graduacao","tag-ufpel","tag-vasp","post_format-post-format-gallery"],"jetpack_featured_media_url":"","_links":{"self":[{"href":"https:\/\/wp.ufpel.edu.br\/gtcmc\/wp-json\/wp\/v2\/posts\/132","targetHints":{"allow":["GET"]}}],"collection":[{"href":"https:\/\/wp.ufpel.edu.br\/gtcmc\/wp-json\/wp\/v2\/posts"}],"about":[{"href":"https:\/\/wp.ufpel.edu.br\/gtcmc\/wp-json\/wp\/v2\/types\/post"}],"author":[{"embeddable":true,"href":"https:\/\/wp.ufpel.edu.br\/gtcmc\/wp-json\/wp\/v2\/users\/855"}],"replies":[{"embeddable":true,"href":"https:\/\/wp.ufpel.edu.br\/gtcmc\/wp-json\/wp\/v2\/comments?post=132"}],"version-history":[{"count":1,"href":"https:\/\/wp.ufpel.edu.br\/gtcmc\/wp-json\/wp\/v2\/posts\/132\/revisions"}],"predecessor-version":[{"id":134,"href":"https:\/\/wp.ufpel.edu.br\/gtcmc\/wp-json\/wp\/v2\/posts\/132\/revisions\/134"}],"wp:attachment":[{"href":"https:\/\/wp.ufpel.edu.br\/gtcmc\/wp-json\/wp\/v2\/media?parent=132"}],"wp:term":[{"taxonomy":"category","embeddable":true,"href":"https:\/\/wp.ufpel.edu.br\/gtcmc\/wp-json\/wp\/v2\/categories?post=132"},{"taxonomy":"post_tag","embeddable":true,"href":"https:\/\/wp.ufpel.edu.br\/gtcmc\/wp-json\/wp\/v2\/tags?post=132"}],"curies":[{"name":"wp","href":"https:\/\/api.w.org\/{rel}","templated":true}]}}