{"id":1312,"date":"2025-12-24T18:38:16","date_gmt":"2025-12-24T21:38:16","guid":{"rendered":"https:\/\/wp.ufpel.edu.br\/gsic\/?p=1312"},"modified":"2025-12-30T20:12:18","modified_gmt":"2025-12-30T23:12:18","slug":"retrospectiva-2025-mais-um-ano-de-conquistas-no-gsic","status":"publish","type":"post","link":"https:\/\/wp.ufpel.edu.br\/gsic\/2025\/12\/24\/retrospectiva-2025-mais-um-ano-de-conquistas-no-gsic\/","title":{"rendered":"Retrospectiva 2025: Mais um ano de conquistas no GSIC"},"content":{"rendered":"<h3>Produ\u00e7\u00e3o cient\u00edfica<\/h3>\n<p style=\"text-align: justify;\">\u00a0 \u00a0 O ano de 2025 tem sido um ano de grandes desafios e conquistas para o Grupo de Sistemas Inteligentes e de Controle (GSIC). A partir do trabalho de alunos e docentes, cada vez mais o GSIC vem se posicionando como um grupo reconhecido na regi\u00e3o e no Brasil. O GSIC possui como vis\u00e3o abrir espa\u00e7o para pesquisas de alto n\u00edvel na \u00e1rea de Engenharias IV sobre eixos fundamentais como, controle autom\u00e1tico, automa\u00e7\u00e3o de processos, instrumenta\u00e7\u00e3o e implementa\u00e7\u00e3o de sistemas inteligentes, os quais s\u00e3o aplicados a processos multidisciplinares presentes na engenharia atual. Norteado por sua filosofia de trabalho, o GSIC, reconhecendo que n\u00e3o h\u00e1 p\u00f3s-gradua\u00e7\u00e3o na \u00e1rea de Engenharias IV na Universidade Federal de Pelotas, foca os seus esfor\u00e7os em desenvolver todo o potencial dos alunos de Gradua\u00e7\u00e3o dos cursos de Engenharia de Controle e Automa\u00e7\u00e3o e Engenharia Eletr\u00f4nica lotados no Centro de Engenharias (CENG) da Universidade Federal de Pelotas (UFPel). Assim, al\u00e9m de projetos de pesquisa criados pelos professores, os quais ainda possuem recursos muito limitados ou inexistentes, os processos de desenvolvimento de pesquisa frequentemente partem dos trabalhos executados por alunos e professores nas disciplinas e, atrav\u00e9s de encontros de orienta\u00e7\u00e3o e trabalhos de execu\u00e7\u00e3o nos laborat\u00f3rios, estes trabalhos s\u00e3o refinados e potencializados para atingir altos n\u00edveis cient\u00edficos para serem publicados e socializados em meios de divulga\u00e7\u00e3o especializados de alto impacto na \u00e1rea.<\/p>\n<p><img loading=\"lazy\" decoding=\"async\" class=\"alignnone wp-image-1363 size-full\" src=\"https:\/\/wp.ufpel.edu.br\/gsic\/files\/2025\/12\/DadosGSIC02-1-e1766613994526.png\" alt=\"\" width=\"1044\" height=\"624\" srcset=\"https:\/\/wp.ufpel.edu.br\/gsic\/files\/2025\/12\/DadosGSIC02-1-e1766613994526.png 1044w, https:\/\/wp.ufpel.edu.br\/gsic\/files\/2025\/12\/DadosGSIC02-1-e1766613994526-400x239.png 400w, https:\/\/wp.ufpel.edu.br\/gsic\/files\/2025\/12\/DadosGSIC02-1-e1766613994526-1024x612.png 1024w, https:\/\/wp.ufpel.edu.br\/gsic\/files\/2025\/12\/DadosGSIC02-1-e1766613994526-768x459.png 768w, https:\/\/wp.ufpel.edu.br\/gsic\/files\/2025\/12\/DadosGSIC02-1-e1766613994526-600x359.png 600w, https:\/\/wp.ufpel.edu.br\/gsic\/files\/2025\/12\/DadosGSIC02-1-e1766613994526-945x565.png 945w\" sizes=\"auto, (max-width: 1044px) 100vw, 1044px\" \/><\/p>\n<p style=\"text-align: justify;\">\u00a0 \u00a0 No 2025 o GSIC teve participa\u00e7\u00e3o ativa em congressos nacionais e internacionais relacionados com as linhas de pesquisa, nos quais alunos e professores se destacaram atrav\u00e9s de trabalhos publicados, gerando parcerias e posicionando o nome do Grupo e a Institui\u00e7\u00e3o. No m\u00eas de outubro de 2025 integrantes do GSIC participaram no Simp\u00f3sio Nacional de Instrumenta\u00e7\u00e3o Agropecu\u00e1ria SIAGRO 2025, proporcionado pela Empresa Brasileira de Pesquisa Agropecu\u00e1ria (EMBRAPA). A participa\u00e7\u00e3o no SIAGRO serviu para afian\u00e7ar e expandir as redes de colabora\u00e7\u00e3o e parceria do Grupo de Sistemas Inteligentes e de Controle (GSIC), do curso de Engenharia de Controle e Automa\u00e7\u00e3o e o Centro de Engenharias, assim como posicionar cada vez mais o Curso e o GSIC como refer\u00eancia em pesquisa de sistemas inteligentes para diversas \u00e1reas.\u00a0 No m\u00eas do novembro o GSIC teve representa\u00e7\u00e3o no 28\u00b0 Congresso Internacional de Engenharia Mec\u00e2nica (COBEM 2025), organizado pela Associa\u00e7\u00e3o Brasileira de Ci\u00eancia e Engenharias Mec\u00e2nicas (ABCM), cujo tema central desse ano foi <em>&#8220;Intelig\u00eancia artificial para um amanh\u00e3 sustent\u00e1vel&#8221;<\/em>, englobando as \u00e1reas da mec\u00e2nica, el\u00e9trica, termodin\u00e2mica, computa\u00e7\u00e3o, e controle e automa\u00e7\u00e3o, tornando-se um terreno f\u00e9rtil para as \u00e1reas de atua\u00e7\u00e3o do GSIC. De maneira concomitante, integrantes do grupo participaram do 17\u00ba Semin\u00e1rio de Eletr\u00f4nica de Pot\u00eancia e Controle (SEPOC 2025) o qual \u00e9 um evento internacional vinculado ao Instituto de Engenheiros El\u00e9tricos e Eletr\u00f4nicos (IEEE) que visa fomentar a integra\u00e7\u00e3o e a colabora\u00e7\u00e3o entre universidades, institui\u00e7\u00f5es de pesquisa, empresas e ind\u00fastrias envolvidas em Computa\u00e7\u00e3o Aplicada, Sistemas de Energia, Eletr\u00f4nica de Pot\u00eancia e Automa\u00e7\u00e3o e Controle.<\/p>\n<div id=\"attachment_1323\" style=\"width: 490px\" class=\"wp-caption aligncenter\"><a href=\"https:\/\/wp.ufpel.edu.br\/gsic\/files\/2025\/12\/Imagem1.jpg\"><img loading=\"lazy\" decoding=\"async\" aria-describedby=\"caption-attachment-1323\" class=\"wp-image-1323\" src=\"https:\/\/wp.ufpel.edu.br\/gsic\/files\/2025\/12\/Imagem1.jpg\" alt=\"\" width=\"480\" height=\"453\" srcset=\"https:\/\/wp.ufpel.edu.br\/gsic\/files\/2025\/12\/Imagem1.jpg 681w, https:\/\/wp.ufpel.edu.br\/gsic\/files\/2025\/12\/Imagem1-400x377.jpg 400w, https:\/\/wp.ufpel.edu.br\/gsic\/files\/2025\/12\/Imagem1-600x566.jpg 600w\" sizes=\"auto, (max-width: 480px) 100vw, 480px\" \/><\/a><p id=\"caption-attachment-1323\" class=\"wp-caption-text\">Alexandre Silva Lucena, Prof. Elmer A. G. Pe\u00f1aloza e Herick Dall Agnol Nunes.<\/p><\/div>\n<div id=\"attachment_1327\" style=\"width: 490px\" class=\"wp-caption aligncenter\"><img loading=\"lazy\" decoding=\"async\" aria-describedby=\"caption-attachment-1327\" class=\"wp-image-1327\" src=\"https:\/\/wp.ufpel.edu.br\/gsic\/files\/2025\/12\/WhatsApp-Image-2025-12-24-at-13.15.43-1024x626.jpeg\" alt=\"\" width=\"480\" height=\"294\" srcset=\"https:\/\/wp.ufpel.edu.br\/gsic\/files\/2025\/12\/WhatsApp-Image-2025-12-24-at-13.15.43-1024x626.jpeg 1024w, https:\/\/wp.ufpel.edu.br\/gsic\/files\/2025\/12\/WhatsApp-Image-2025-12-24-at-13.15.43-400x245.jpeg 400w, https:\/\/wp.ufpel.edu.br\/gsic\/files\/2025\/12\/WhatsApp-Image-2025-12-24-at-13.15.43-768x470.jpeg 768w, https:\/\/wp.ufpel.edu.br\/gsic\/files\/2025\/12\/WhatsApp-Image-2025-12-24-at-13.15.43-600x367.jpeg 600w, https:\/\/wp.ufpel.edu.br\/gsic\/files\/2025\/12\/WhatsApp-Image-2025-12-24-at-13.15.43-945x578.jpeg 945w, https:\/\/wp.ufpel.edu.br\/gsic\/files\/2025\/12\/WhatsApp-Image-2025-12-24-at-13.15.43.jpeg 1398w\" sizes=\"auto, (max-width: 480px) 100vw, 480px\" \/><p id=\"caption-attachment-1327\" class=\"wp-caption-text\">Nat\u00e1ssia Rafaelle Medeiros Siqueira, Jo\u00e3o In\u00e1cio Moreira Bezerra, Prof. Dr. Marlon Mauricio Hernandez Cely e Sofia Pagliarini.<\/p><\/div>\n<div id=\"attachment_1324\" style=\"width: 490px\" class=\"wp-caption aligncenter\"><a href=\"https:\/\/wp.ufpel.edu.br\/gsic\/files\/2025\/12\/WhatsApp-Image-2025-11-12-at-14.46.14.jpeg\"><img loading=\"lazy\" decoding=\"async\" aria-describedby=\"caption-attachment-1324\" class=\"wp-image-1324\" src=\"https:\/\/wp.ufpel.edu.br\/gsic\/files\/2025\/12\/WhatsApp-Image-2025-11-12-at-14.46.14-1024x768.jpeg\" alt=\"\" width=\"480\" height=\"360\" srcset=\"https:\/\/wp.ufpel.edu.br\/gsic\/files\/2025\/12\/WhatsApp-Image-2025-11-12-at-14.46.14-1024x768.jpeg 1024w, https:\/\/wp.ufpel.edu.br\/gsic\/files\/2025\/12\/WhatsApp-Image-2025-11-12-at-14.46.14-400x300.jpeg 400w, https:\/\/wp.ufpel.edu.br\/gsic\/files\/2025\/12\/WhatsApp-Image-2025-11-12-at-14.46.14-768x576.jpeg 768w, https:\/\/wp.ufpel.edu.br\/gsic\/files\/2025\/12\/WhatsApp-Image-2025-11-12-at-14.46.14-600x450.jpeg 600w, https:\/\/wp.ufpel.edu.br\/gsic\/files\/2025\/12\/WhatsApp-Image-2025-11-12-at-14.46.14-945x709.jpeg 945w, https:\/\/wp.ufpel.edu.br\/gsic\/files\/2025\/12\/WhatsApp-Image-2025-11-12-at-14.46.14.jpeg 1280w\" sizes=\"auto, (max-width: 480px) 100vw, 480px\" \/><\/a><p id=\"caption-attachment-1324\" class=\"wp-caption-text\">Luis Henriquez Valle Yanes, Mateus Santos da Silva, Gustavo Henrique Buuron, Alexandre Silva Lucena.<\/p><\/div>\n<p>&nbsp;<\/p>\n<p style=\"text-align: justify;\">\u00a0 \u00a0 Outra importante conquista obtida foi a participa\u00e7\u00e3o do integrante GSIC Prof. Dr. Elmer Alexis Gamboa Pe\u00f1aloza em um Cap\u00edtulo do livro \u00a0\u201cAgricultura de Precis\u00e3o: Um Novo Olhar na Era Digital\u201d o qual foi o vencedor da categoria <a href=\"https:\/\/wp.ufpel.edu.br\/gsic\/files\/2025\/12\/embrapa_premio_jabuti25.png\"><img loading=\"lazy\" decoding=\"async\" class=\"alignright wp-image-1345\" src=\"https:\/\/wp.ufpel.edu.br\/gsic\/files\/2025\/12\/embrapa_premio_jabuti25-597x1024.png\" alt=\"\" width=\"280\" height=\"480\" srcset=\"https:\/\/wp.ufpel.edu.br\/gsic\/files\/2025\/12\/embrapa_premio_jabuti25-597x1024.png 597w, https:\/\/wp.ufpel.edu.br\/gsic\/files\/2025\/12\/embrapa_premio_jabuti25-233x400.png 233w, https:\/\/wp.ufpel.edu.br\/gsic\/files\/2025\/12\/embrapa_premio_jabuti25-768x1317.png 768w, https:\/\/wp.ufpel.edu.br\/gsic\/files\/2025\/12\/embrapa_premio_jabuti25-600x1029.png 600w, https:\/\/wp.ufpel.edu.br\/gsic\/files\/2025\/12\/embrapa_premio_jabuti25.png 781w\" sizes=\"auto, (max-width: 280px) 100vw, 280px\" \/><\/a>Ci\u00eancias Agr\u00e1rias e Ci\u00eancias Ambientais do Pr\u00eamio Jabuti Acad\u00eamico 2025, promovido pela C\u00e2mara Brasileira do Livro. O cap\u00edtulo \u201cControladores e algoritmos computacionais embarcados para agrega\u00e7\u00e3o de qualidade no uso de pulverizadores terrestres em aplica\u00e7\u00e3o localizada\u201d realizado pelos autores: Prof. Dr. Heitor Vinicius Mercaldi, Msc. Deniver Reinke Schutz, Prof. Dr. Elmer Alexis Gamboa Pe\u00f1aloza, Profa. Dra. Vilma Alves de Oliveira, Prof. Dr. Paulo Estev\u00e3o Cruvinel. O cap\u00edtulo foi constru\u00eddo a partir das parcerias de pesquisa da Embrapa Instrumenta\u00e7\u00e3o, a Escola de Engenharia de S\u00e3o Carlos da Universidade de S\u00e3o Paulo (EESC-USP), a Universidade Federal de S\u00e3o Carlos (UFSCar) e a Universidade Federal de Pelotas (UFPel).<\/p>\n<p style=\"text-align: justify;\">\u00a0 \u00a0 Com estas grandes conquistas alcan\u00e7adas, o Grupo de Sistemas Inteligentes e Controle (GSIC) finaliza o ano de 2025 consolidando de um total de oitenta e dos (86) trabalhos publicados desde sua cria\u00e7\u00e3o em 2020. Agradecemos a todos os integrantes, alunos e professores, que dia a dia realizam seu trabalho de pesquisa com dedica\u00e7\u00e3o e paix\u00e3o para que nosso grupo se consolide cada vez mais no Brasil e no mundo. \u00a0Esperamos continuar realizando pesquisa com alto grau cient\u00edfico, aumentando a visibilidade e abrindo caminhos de internacionaliza\u00e7\u00e3o e parceria.<\/p>\n<div id=\"attachment_1352\" style=\"width: 1092px\" class=\"wp-caption alignnone\"><img loading=\"lazy\" decoding=\"async\" aria-describedby=\"caption-attachment-1352\" class=\"wp-image-1352 size-full\" src=\"https:\/\/wp.ufpel.edu.br\/gsic\/files\/2025\/12\/DadosGSIC03-1-e1766608175887.png\" alt=\"\" width=\"1082\" height=\"750\" srcset=\"https:\/\/wp.ufpel.edu.br\/gsic\/files\/2025\/12\/DadosGSIC03-1-e1766608175887.png 1082w, https:\/\/wp.ufpel.edu.br\/gsic\/files\/2025\/12\/DadosGSIC03-1-e1766608175887-400x277.png 400w, https:\/\/wp.ufpel.edu.br\/gsic\/files\/2025\/12\/DadosGSIC03-1-e1766608175887-1024x710.png 1024w, https:\/\/wp.ufpel.edu.br\/gsic\/files\/2025\/12\/DadosGSIC03-1-e1766608175887-768x532.png 768w, https:\/\/wp.ufpel.edu.br\/gsic\/files\/2025\/12\/DadosGSIC03-1-e1766608175887-600x416.png 600w, https:\/\/wp.ufpel.edu.br\/gsic\/files\/2025\/12\/DadosGSIC03-1-e1766608175887-945x655.png 945w\" sizes=\"auto, (max-width: 1082px) 100vw, 1082px\" \/><p id=\"caption-attachment-1352\" class=\"wp-caption-text\">Consolidado total de trabalhos publicados ao longo dos anos da exist\u00eancia do GSIC.<\/p><\/div>\n<h3>Encerramento do ano e perspectiva para 2025<\/h3>\n<p style=\"text-align: justify;\">Os resultados alcan\u00e7ados atestam a qualidade do trabalho desenvolvido por nossos integrantes. Assim, encerramos o ano com a sensa\u00e7\u00e3o de dever cumprido e motivados para um 2026 ainda mais promissor.<\/p>\n<p style=\"text-align: justify;\">Desde este espa\u00e7o desejamos a todos felizes festas, muita paz e amor para todos. Convocamos a todos os alunos e professores que tenham interesse de participar do GSIC a entrar em contato.<\/p>\n<p style=\"text-align: justify;\">Atenciosamente,<br \/>\nDepartamento de Comunica\u00e7\u00e3o GSIC<\/p>\n<p style=\"text-align: justify;\">\n","protected":false},"excerpt":{"rendered":"<p>Produ\u00e7\u00e3o cient\u00edfica \u00a0 \u00a0 O ano de 2025 tem sido um ano de grandes desafios e conquistas para o Grupo de Sistemas Inteligentes e de Controle (GSIC). A partir do trabalho de alunos e docentes, cada vez mais o GSIC&#8230; <a class=\"more-link\" href=\"https:\/\/wp.ufpel.edu.br\/gsic\/2025\/12\/24\/retrospectiva-2025-mais-um-ano-de-conquistas-no-gsic\/\">Continue lendo &rarr;<\/a><\/p>\n","protected":false},"author":917,"featured_media":1361,"comment_status":"closed","ping_status":"closed","sticky":false,"template":"","format":"standard","meta":{"_jetpack_memberships_contains_paid_content":false,"footnotes":""},"categories":[34],"tags":[],"class_list":["post-1312","post","type-post","status-publish","format-standard","has-post-thumbnail","hentry","category-sem-categoria-pt"],"jetpack_featured_media_url":"https:\/\/wp.ufpel.edu.br\/gsic\/files\/2025\/12\/Retrospectiva-2025-scaled.png","jetpack_sharing_enabled":true,"_links":{"self":[{"href":"https:\/\/wp.ufpel.edu.br\/gsic\/wp-json\/wp\/v2\/posts\/1312","targetHints":{"allow":["GET"]}}],"collection":[{"href":"https:\/\/wp.ufpel.edu.br\/gsic\/wp-json\/wp\/v2\/posts"}],"about":[{"href":"https:\/\/wp.ufpel.edu.br\/gsic\/wp-json\/wp\/v2\/types\/post"}],"author":[{"embeddable":true,"href":"https:\/\/wp.ufpel.edu.br\/gsic\/wp-json\/wp\/v2\/users\/917"}],"replies":[{"embeddable":true,"href":"https:\/\/wp.ufpel.edu.br\/gsic\/wp-json\/wp\/v2\/comments?post=1312"}],"version-history":[{"count":4,"href":"https:\/\/wp.ufpel.edu.br\/gsic\/wp-json\/wp\/v2\/posts\/1312\/revisions"}],"predecessor-version":[{"id":1367,"href":"https:\/\/wp.ufpel.edu.br\/gsic\/wp-json\/wp\/v2\/posts\/1312\/revisions\/1367"}],"wp:featuredmedia":[{"embeddable":true,"href":"https:\/\/wp.ufpel.edu.br\/gsic\/wp-json\/wp\/v2\/media\/1361"}],"wp:attachment":[{"href":"https:\/\/wp.ufpel.edu.br\/gsic\/wp-json\/wp\/v2\/media?parent=1312"}],"wp:term":[{"taxonomy":"category","embeddable":true,"href":"https:\/\/wp.ufpel.edu.br\/gsic\/wp-json\/wp\/v2\/categories?post=1312"},{"taxonomy":"post_tag","embeddable":true,"href":"https:\/\/wp.ufpel.edu.br\/gsic\/wp-json\/wp\/v2\/tags?post=1312"}],"curies":[{"name":"wp","href":"https:\/\/api.w.org\/{rel}","templated":true}]}}