{"id":1086,"date":"2024-12-31T14:55:38","date_gmt":"2024-12-31T17:55:38","guid":{"rendered":"https:\/\/wp.ufpel.edu.br\/gsic\/?p=1086"},"modified":"2025-02-27T21:35:47","modified_gmt":"2025-02-28T00:35:47","slug":"retrospectiva-2024-um-ano-de-conquistas-no-gsic","status":"publish","type":"post","link":"https:\/\/wp.ufpel.edu.br\/gsic\/2024\/12\/31\/retrospectiva-2024-um-ano-de-conquistas-no-gsic\/","title":{"rendered":"Retrospectiva 2024: Um ano de conquistas no GSIC"},"content":{"rendered":"<p style=\"text-align: justify;\">\u00a0 \u00a0 O Grupo de Sistemas Inteligentes e Controle (GSIC) encerra o ano de 2024 com grandes avan\u00e7os e conquistas, consolidando sua posi\u00e7\u00e3o como grupo de pesquisa. Vejamos em detalhes os principais marcos do ano de 2024, celebrando a dedica\u00e7\u00e3o e esfor\u00e7o de nossos integrantes:<\/p>\n<h3>Produ\u00e7\u00e3o cient\u00edfica<\/h3>\n<p style=\"text-align: justify;\">\u00a0 \u00a0 Em 2024, houve um salto not\u00e1vel nas publica\u00e7\u00f5es do grupo, sendo <span data-sheets-root=\"1\">133,33%<\/span><span data-sheets-root=\"1\">\u00a0<\/span>superior aos n\u00fameros de 2023 e <span data-sheets-root=\"1\">460,00%<\/span><span data-sheets-root=\"1\">\u00a0<\/span>superior \u00e0 m\u00e9dia do per\u00edodo de 2020 a 2023 em n\u00fameros totais. Destes, os avan\u00e7os mais not\u00e1veis comparados \u00e0 m\u00e9dia s\u00e3o relativos a publica\u00e7\u00f5es em peri\u00f3dicos e congressos internacionais, sendo <span data-sheets-root=\"1\">366,67% e 554,55%, respectivamente<\/span>. Os gr\u00e1ficos a seguir comparam os n\u00fameros dos \u00faltimos cinco anos:<\/p>\n<p><a href=\"https:\/\/wp.ufpel.edu.br\/gsic\/files\/2024\/12\/Grafico-A2-3.png\"><img loading=\"lazy\" decoding=\"async\" class=\"alignnone wp-image-1153 size-full\" src=\"https:\/\/wp.ufpel.edu.br\/gsic\/files\/2024\/12\/Grafico-A2-3.png\" alt=\"\" width=\"1471\" height=\"657\" srcset=\"https:\/\/wp.ufpel.edu.br\/gsic\/files\/2024\/12\/Grafico-A2-3.png 1471w, https:\/\/wp.ufpel.edu.br\/gsic\/files\/2024\/12\/Grafico-A2-3-400x179.png 400w, https:\/\/wp.ufpel.edu.br\/gsic\/files\/2024\/12\/Grafico-A2-3-1024x457.png 1024w, https:\/\/wp.ufpel.edu.br\/gsic\/files\/2024\/12\/Grafico-A2-3-768x343.png 768w, https:\/\/wp.ufpel.edu.br\/gsic\/files\/2024\/12\/Grafico-A2-3-600x268.png 600w, https:\/\/wp.ufpel.edu.br\/gsic\/files\/2024\/12\/Grafico-A2-3-945x422.png 945w\" sizes=\"auto, (max-width: 1471px) 100vw, 1471px\" \/><\/a><\/p>\n<p><a href=\"https:\/\/wp.ufpel.edu.br\/gsic\/files\/2024\/12\/Grafico-B2-2.png\"><img loading=\"lazy\" decoding=\"async\" class=\"alignnone wp-image-1147 \" src=\"https:\/\/wp.ufpel.edu.br\/gsic\/files\/2024\/12\/Grafico-B2-2.png\" alt=\"\" width=\"1473\" height=\"662\" srcset=\"https:\/\/wp.ufpel.edu.br\/gsic\/files\/2024\/12\/Grafico-B2-2.png 1473w, https:\/\/wp.ufpel.edu.br\/gsic\/files\/2024\/12\/Grafico-B2-2-400x180.png 400w, https:\/\/wp.ufpel.edu.br\/gsic\/files\/2024\/12\/Grafico-B2-2-1024x460.png 1024w, https:\/\/wp.ufpel.edu.br\/gsic\/files\/2024\/12\/Grafico-B2-2-768x345.png 768w, https:\/\/wp.ufpel.edu.br\/gsic\/files\/2024\/12\/Grafico-B2-2-600x270.png 600w, https:\/\/wp.ufpel.edu.br\/gsic\/files\/2024\/12\/Grafico-B2-2-945x425.png 945w\" sizes=\"auto, (max-width: 1473px) 100vw, 1473px\" \/><\/a><\/p>\n<h5>Para al\u00e9m da quantidade<\/h5>\n<p style=\"text-align: justify;\">\u00a0 \u00a0 Como par\u00e2metro avaliativo da qualidade das publica\u00e7\u00f5es pode-se considerar o <i>impact factor <\/i>dos ve\u00edculos de publica\u00e7\u00e3o. Das 14 publica\u00e7\u00f5es em peri\u00f3dicos de 2024, destacam-se:<\/p>\n<table style=\"border-collapse: collapse; width: 100%;\" border=\"1\">\n<tbody>\n<tr style=\"height: 18px;\">\n<td style=\"width: 15.8634%; height: 18px;\"><span style=\"font-size: 14pt;\"><strong><em>Impact factor<\/em><\/strong><\/span><\/td>\n<td style=\"width: 50.8032%; height: 18px;\"><span style=\"font-size: 14pt;\"><strong>Ve\u00edculo<\/strong><\/span><\/td>\n<td style=\"width: 33.3333%; height: 18px;\"><span style=\"font-size: 18.6667px;\"><b>Publica\u00e7\u00f5es<\/b><\/span><\/td>\n<\/tr>\n<tr style=\"height: 34px;\">\n<td style=\"width: 15.8634%; height: 34px;\"><span style=\"font-size: 14pt;\"><strong>7.5<\/strong><\/span><\/td>\n<td style=\"width: 50.8032%; height: 34px;\"><span style=\"font-size: 12pt;\"><strong>IEEE Transactions on Industrial Electronics<\/strong><\/span><\/td>\n<td style=\"width: 33.3333%; height: 34px;\">\n<ul>\n<li><strong><a href=\"https:\/\/doi.org\/10.1109\/TIE.2023.3270535\">A direct adaptive controller with harmonic compensation for grid-connected converters<\/a><\/strong><\/li>\n<\/ul>\n<\/td>\n<\/tr>\n<tr style=\"height: 18px;\">\n<td style=\"width: 15.8634%; height: 18px;\"><span style=\"font-size: 14pt;\"><strong>6.0<\/strong><\/span><\/td>\n<td style=\"width: 50.8032%; height: 18px;\"><span style=\"font-size: 12pt;\"><strong>Internet of Things<\/strong><\/span><\/td>\n<td style=\"width: 33.3333%; height: 18px;\">\n<ul>\n<li><strong><a href=\"https:\/\/doi.org\/10.1016\/j.iot.2024.101369\">iLocator \u2013 A low cost IoT-based hybrid architecture for tracking and locating objects in indoor environments<\/a><\/strong><\/li>\n<\/ul>\n<\/td>\n<\/tr>\n<tr style=\"height: 18px;\">\n<td style=\"width: 15.8634%; height: 18px;\"><span style=\"font-size: 14pt;\"><strong>4.0<\/strong><\/span><\/td>\n<td style=\"width: 50.8032%; height: 18px;\"><span style=\"font-size: 12pt;\"><strong>Computers and Electrical Engineering<\/strong><\/span><\/td>\n<td style=\"width: 33.3333%; height: 18px;\">\n<ul>\n<li><strong><a href=\"https:\/\/doi.org\/10.1016\/j.compeleceng.2024.109203\">A smart parametrisation for robust adaptive PI controller applied on renewable energy power generation systems under weak and uttermost weak grid conditions<\/a><\/strong><\/li>\n<\/ul>\n<\/td>\n<\/tr>\n<tr style=\"height: 18px;\">\n<td style=\"width: 15.8634%; height: 18px;\"><span style=\"font-size: 14pt;\"><strong>3.9<\/strong><\/span><\/td>\n<td style=\"width: 50.8032%; height: 18px;\"><span style=\"font-size: 12pt;\"><strong>International Journal of Adaptive Control and Signal Processing<\/strong><\/span><\/td>\n<td style=\"width: 33.3333%; height: 18px;\">\n<ul>\n<li><strong><a href=\"https:\/\/doi.org\/10.1002\/acs.3696\">Optimized parametrization of adaptive controllers for enhanced current regulation in grid\u2010tied converters<\/a><\/strong><\/li>\n<\/ul>\n<\/td>\n<\/tr>\n<tr style=\"height: 18px;\">\n<td style=\"width: 15.8634%; height: 18px;\"><span style=\"font-size: 14pt;\"><strong>3.8<\/strong><\/span><\/td>\n<td style=\"width: 50.8032%; height: 18px;\"><span style=\"font-size: 12pt;\"><strong>Sustainable Computing: Informatics and Systems<\/strong><\/span><\/td>\n<td style=\"width: 33.3333%; height: 18px;\">\n<ul>\n<li><strong><a href=\"https:\/\/doi.org\/10.1016\/j.suscom.2024.101034\">A new hybrid fixed and adaptive gains control algorithm to reduce power losses on LLCL filter-based renewable energy conversion systems with systematic parametrization using Grey Wolf optimizer<\/a><\/strong><\/li>\n<\/ul>\n<\/td>\n<\/tr>\n<tr style=\"height: 18px;\">\n<td style=\"width: 15.8634%; height: 18px;\"><span style=\"font-size: 14pt;\"><strong>3.3<\/strong><\/span><\/td>\n<td style=\"width: 50.8032%; height: 18px;\"><span style=\"font-size: 12pt;\"><strong>Electric Power Systems Research<\/strong><\/span><\/td>\n<td style=\"width: 33.3333%; height: 18px;\">\n<ul>\n<li><strong><a href=\"https:\/\/doi.org\/10.1016\/j.epsr.2024.111041\">Enhancing energy quality and grid stability with improved adaptive controller for renewable energy conversion systems under weak grid conditions<\/a><\/strong><\/li>\n<\/ul>\n<\/td>\n<\/tr>\n<tr style=\"height: 18px;\">\n<td style=\"width: 15.8634%; height: 18px;\"><span style=\"font-size: 14pt;\"><strong>3.2<\/strong><\/span><\/td>\n<td style=\"width: 50.8032%; height: 18px;\"><span style=\"font-size: 12pt;\"><strong>International Journal of Robust and Nonlinear Control<\/strong><\/span><\/td>\n<td style=\"width: 33.3333%; height: 18px;\">\n<ul>\n<li><strong><a href=\"https:\/\/doi.org\/10.1002\/rnc.7598\">Lyapunov stability analysis of an RMRAC\u2010based adaptive sigmoid super\u2010twisting sliding mode under matched and unmatched uncertainties<\/a><\/strong><\/li>\n<\/ul>\n<\/td>\n<\/tr>\n<tr style=\"height: 18px;\">\n<td style=\"width: 15.8634%; height: 18px;\"><span style=\"font-size: 14pt;\"><strong>2.2<\/strong><\/span><\/td>\n<td style=\"width: 50.8032%; height: 18px;\"><span style=\"font-size: 12pt;\"><strong>International Journal of Dynamics and Control<\/strong><\/span><\/td>\n<td style=\"width: 33.3333%; height: 18px;\">\n<ul>\n<li><strong><a href=\"https:\/\/doi.org\/10.1007\/s40435-023-01368-2\">A fuzzy-based Predictive PID for DC motor speed control <\/a><\/strong><\/li>\n<\/ul>\n<p>&nbsp;<\/p>\n<ul>\n<li><strong><a href=\"https:\/\/doi.org\/10.1007\/s40435-024-01437-0\">Continuous-time Lyapunov stability analysis and systematic parametrization of robust adaptive sliding mode controller for systems with matched and unmatched dynamics.<\/a><\/strong><\/li>\n<\/ul>\n<\/td>\n<\/tr>\n<tr style=\"height: 18px;\">\n<td style=\"width: 15.8634%; height: 18px;\"><span style=\"font-size: 14pt;\"><strong>2.1<\/strong><\/span><\/td>\n<td style=\"width: 50.8032%; height: 18px;\"><span style=\"font-size: 12pt;\"><strong>International Journal of Intelligent Robotics and Applications<\/strong><\/span><\/td>\n<td style=\"width: 33.3333%; height: 18px;\">\n<ul>\n<li><strong><a href=\"https:\/\/doi.org\/10.1007\/s41315-023-00308-9\">A review on quadrotor attitude control strategies<\/a><\/strong><\/li>\n<\/ul>\n<\/td>\n<\/tr>\n<\/tbody>\n<\/table>\n<p>&nbsp;<\/p>\n<h2>Novos projetos e parcerias<\/h2>\n<p>No decorrer do ano dois <a href=\"https:\/\/wp.ufpel.edu.br\/gsic\/projetos\/\">projetos<\/a> foram iniciados, sendo estes:<\/p>\n<table style=\"border-collapse: collapse; width: 100%;\" border=\"1\">\n<tbody>\n<tr>\n<td style=\"width: 100%;\"><a href=\"https:\/\/institucional.ufpel.edu.br\/projetos\/id\/u7891\">Projeto de controladores e desenvolvimento de procedimentos sistem\u00e1ticos de parametriza\u00e7\u00e3o de estrat\u00e9gias de controle para aplica\u00e7\u00f5es biom\u00e9dicas<\/a><\/td>\n<\/tr>\n<tr>\n<td style=\"width: 100%;\"><a href=\"https:\/\/institucional.ufpel.edu.br\/projetos\/id\/u7703\">Desenvolvimento de ambientes did\u00e1ticos para projeto de controladores de sistemas de energia renov\u00e1vel<\/a><\/td>\n<\/tr>\n<\/tbody>\n<\/table>\n<p>&nbsp;<\/p>\n<p style=\"text-align: justify;\"><img loading=\"lazy\" decoding=\"async\" class=\"alignleft wp-image-956 \" src=\"https:\/\/wp.ufpel.edu.br\/gsic\/files\/2024\/11\/vertical_sigla_fundo_claro-743x1024.png\" alt=\"\" width=\"68\" height=\"94\" srcset=\"https:\/\/wp.ufpel.edu.br\/gsic\/files\/2024\/11\/vertical_sigla_fundo_claro-743x1024.png 743w, https:\/\/wp.ufpel.edu.br\/gsic\/files\/2024\/11\/vertical_sigla_fundo_claro-290x400.png 290w, https:\/\/wp.ufpel.edu.br\/gsic\/files\/2024\/11\/vertical_sigla_fundo_claro-768x1059.png 768w, https:\/\/wp.ufpel.edu.br\/gsic\/files\/2024\/11\/vertical_sigla_fundo_claro-1114x1536.png 1114w, https:\/\/wp.ufpel.edu.br\/gsic\/files\/2024\/11\/vertical_sigla_fundo_claro-600x827.png 600w, https:\/\/wp.ufpel.edu.br\/gsic\/files\/2024\/11\/vertical_sigla_fundo_claro-945x1303.png 945w, https:\/\/wp.ufpel.edu.br\/gsic\/files\/2024\/11\/vertical_sigla_fundo_claro.png 1350w\" sizes=\"auto, (max-width: 68px) 100vw, 68px\" \/><img loading=\"lazy\" decoding=\"async\" class=\"wp-image-964 alignleft\" src=\"https:\/\/wp.ufpel.edu.br\/gsic\/files\/2024\/11\/inep-logog.png\" alt=\"\" width=\"149\" height=\"94\" srcset=\"https:\/\/wp.ufpel.edu.br\/gsic\/files\/2024\/11\/inep-logog.png 406w, https:\/\/wp.ufpel.edu.br\/gsic\/files\/2024\/11\/inep-logog-400x252.png 400w\" sizes=\"auto, (max-width: 149px) 100vw, 149px\" \/>\u00a0 \u00a0 Tivemos tamb\u00e9m o prazer de iniciar uma parceria de pesquisa com o <a href=\"https:\/\/inep.ufsc.br\/\">Instituto de Eletr\u00f4nica de Pot\u00eancia (INEP)<\/a>, vinculado \u00e0 <a href=\"https:\/\/ufsc.br\/\">Universidade Federal de Santa Catarina (UFSC)<\/a>.<\/p>\n<p>&nbsp;<\/p>\n<h3>16th Seminar on Power Electronics and Control (SEPOC 2024)<\/h3>\n<p style=\"text-align: justify;\">\u00a0 \u00a0 O evento vinculado ao <em>Institute of Electrical and Eletronics Engineers <\/em>(IEEE) e realizado na Universidade Federal de Santa Maria (UFSM) contou com a presen\u00e7a do GSIC em sua organiza\u00e7\u00e3o e na <a href=\"https:\/\/wp.ufpel.edu.br\/gsic\/2024\/10\/30\/gsic-participa-do-sepoc-2024-2\/\">apresenta\u00e7\u00e3o com trabalhos acad\u00eamicos<\/a>, tendo <a href=\"https:\/\/wp.ufpel.edu.br\/gsic\/2024\/11\/09\/quatro-trabalhos-desenvolvidos-por-discentes-e-docentes-do-gsic-destacam-se-entre-os-16-melhores-do-sepoc-2024\/\">quatro destes dentre os\u00a0<em>best papers\u00a0<\/em><\/a>(16 melhores trabalhos escritos em ingl\u00eas), os quais foram convidados a publica\u00e7\u00e3o no peri\u00f3dico <em>IEEE Transactions on Industry Applications.\u00a0<\/em>S\u00e3o estes:<\/p>\n<table width=\"600\">\n<tbody>\n<tr>\n<td style=\"width: 101px;\"><span style=\"font-size: 12pt;\"><strong>Posi\u00e7\u00e3o<\/strong><\/span><\/td>\n<td style=\"width: 387px;\"><strong>T\u00edtulo<\/strong><\/td>\n<td style=\"width: 507px;\"><strong>Autores<\/strong><\/td>\n<\/tr>\n<tr>\n<td style=\"width: 101px;\" width=\"49\">5<sup>a<\/sup><\/td>\n<td style=\"width: 387px;\" width=\"244\">Enhanced PI controllers for wind turbine with direct drive permanent magnet synchronous generators using bat optimizer.<\/td>\n<td style=\"width: 507px;\" width=\"307\"><a href=\"https:\/\/wp.ufpel.edu.br\/gsic\/pessoas\/paulo-jefferson-dias-de-oliveira-evald\/\">Paulo Jefferson Dias de Oliveira Evald<\/a>,\u00a0<a href=\"https:\/\/wp.ufpel.edu.br\/gsic\/pessoas\/jose-eduardo-das-neves-da-fonseca\/\">Jos\u00e9 Eduardo das Neves da Fonseca<\/a>, Matheus Schramm Dall\u2019asta, J\u00e9ssika Melo de Andrade, Lenon Schmitz, Telles Brunelli Lazzarin.<\/td>\n<\/tr>\n<tr>\n<td style=\"width: 101px;\" width=\"49\">6<sup>a<\/sup><\/td>\n<td style=\"width: 387px;\" width=\"244\">Robust adaptive control for BLDC motor control: synthesis and experimental validation.<\/td>\n<td style=\"width: 507px;\" width=\"307\"><a href=\"https:\/\/wp.ufpel.edu.br\/gsic\/pessoas\/gabriel-hackbardt-morales\/\">Gabriel Hackbardt Morales<\/a>,\u00a0<a href=\"https:\/\/wp.ufpel.edu.br\/gsic\/pessoas\/alexandre-lucena\/\">Alexandre Silva Lucena<\/a>,\u00a0<a href=\"https:\/\/wp.ufpel.edu.br\/gsic\/pessoas\/elmer-alexis-gamboa-penaloza\/\">Elmer Alexis Gamboa Pe\u00f1azola<\/a>,\u00a0<a href=\"https:\/\/wp.ufpel.edu.br\/gsic\/pessoas\/carlos-guilherme-da-costa-neves\/\">Carlos Guilherme da Costa Neves<\/a>,\u00a0<a href=\"https:\/\/wp.ufpel.edu.br\/gsic\/pessoas\/paulo-jefferson-dias-de-oliveira-evald\/\">Paulo Jefferson Dias de Oliveira Evald<\/a>.<\/td>\n<\/tr>\n<tr>\n<td style=\"width: 101px;\" width=\"49\">13<sup>a<\/sup><\/td>\n<td style=\"width: 387px;\" width=\"244\">A robust MPC for grid-following inverters improved with the krill herd optimization algorithm.<\/td>\n<td style=\"width: 507px;\" width=\"307\"><a href=\"https:\/\/wp.ufpel.edu.br\/gsic\/pessoas\/paulo-jefferson-dias-de-oliveira-evald\/\">Paulo Jefferson Dias de Oliveira Evald<\/a>,\u00a0<a href=\"https:\/\/wp.ufpel.edu.br\/gsic\/pessoas\/jose-eduardo-das-neves-da-fonseca\/\">Jos\u00e9 Eduardo das Neves da Fonseca<\/a>, Matheus Schramm Dall\u2019asta, J\u00e9ssika Melo de Andrade, Lenon Schmitz, Telles Brunelli Lazzarin.<\/td>\n<\/tr>\n<tr>\n<td style=\"width: 101px;\" width=\"49\">15<sup>a<\/sup><\/td>\n<td style=\"width: 387px;\" width=\"244\">A soft-computing parametrization procedure for DFIG-based wind turbines using Seagull optimization algorithm.<\/td>\n<td style=\"width: 507px;\" width=\"307\"><a href=\"https:\/\/wp.ufpel.edu.br\/gsic\/pessoas\/joab-tavares-fagundes\/\">Joab Tavares Fagundes<\/a>,\u00a0<a href=\"https:\/\/wp.ufpel.edu.br\/gsic\/pessoas\/marlon-soares-sigales\/\">Marlon Soares Sigales<\/a>, Thiago Carvalho Bittencourt,\u00a0<a href=\"https:\/\/wp.ufpel.edu.br\/gsic\/pessoas\/paulo-jefferson-dias-de-oliveira-evald\/\">Paulo Jefferson Dias de Oliveira Evald<\/a>.<\/td>\n<\/tr>\n<\/tbody>\n<\/table>\n<p>&nbsp;<\/p>\n<p>A seguir, algumas fotos do evento:<\/p>\n<p><img loading=\"lazy\" decoding=\"async\" class=\"alignnone wp-image-348\" src=\"https:\/\/wp.ufpel.edu.br\/gsic\/files\/2024\/10\/WhatsApp-Image-2024-10-23-at-15.12.25-e1740702475258-1024x736.jpeg\" alt=\"\" width=\"152\" height=\"109\" srcset=\"https:\/\/wp.ufpel.edu.br\/gsic\/files\/2024\/10\/WhatsApp-Image-2024-10-23-at-15.12.25-e1740702475258-1024x736.jpeg 1024w, https:\/\/wp.ufpel.edu.br\/gsic\/files\/2024\/10\/WhatsApp-Image-2024-10-23-at-15.12.25-e1740702475258-400x287.jpeg 400w, https:\/\/wp.ufpel.edu.br\/gsic\/files\/2024\/10\/WhatsApp-Image-2024-10-23-at-15.12.25-e1740702475258-768x552.jpeg 768w, https:\/\/wp.ufpel.edu.br\/gsic\/files\/2024\/10\/WhatsApp-Image-2024-10-23-at-15.12.25-e1740702475258-600x431.jpeg 600w, https:\/\/wp.ufpel.edu.br\/gsic\/files\/2024\/10\/WhatsApp-Image-2024-10-23-at-15.12.25-e1740702475258-945x679.jpeg 945w, https:\/\/wp.ufpel.edu.br\/gsic\/files\/2024\/10\/WhatsApp-Image-2024-10-23-at-15.12.25-e1740702475258.jpeg 1243w\" sizes=\"auto, (max-width: 152px) 100vw, 152px\" \/> <img loading=\"lazy\" decoding=\"async\" class=\"alignnone wp-image-388\" src=\"https:\/\/wp.ufpel.edu.br\/gsic\/files\/2024\/10\/WhatsApp-Image-2024-10-21-at-17.41.41-e1740702816567-1024x817.jpeg\" alt=\"\" width=\"137\" height=\"109\" srcset=\"https:\/\/wp.ufpel.edu.br\/gsic\/files\/2024\/10\/WhatsApp-Image-2024-10-21-at-17.41.41-e1740702816567-1024x817.jpeg 1024w, https:\/\/wp.ufpel.edu.br\/gsic\/files\/2024\/10\/WhatsApp-Image-2024-10-21-at-17.41.41-e1740702816567-400x319.jpeg 400w, https:\/\/wp.ufpel.edu.br\/gsic\/files\/2024\/10\/WhatsApp-Image-2024-10-21-at-17.41.41-e1740702816567-768x613.jpeg 768w, https:\/\/wp.ufpel.edu.br\/gsic\/files\/2024\/10\/WhatsApp-Image-2024-10-21-at-17.41.41-e1740702816567-600x479.jpeg 600w, https:\/\/wp.ufpel.edu.br\/gsic\/files\/2024\/10\/WhatsApp-Image-2024-10-21-at-17.41.41-e1740702816567-945x754.jpeg 945w, https:\/\/wp.ufpel.edu.br\/gsic\/files\/2024\/10\/WhatsApp-Image-2024-10-21-at-17.41.41-e1740702816567.jpeg 1128w\" sizes=\"auto, (max-width: 137px) 100vw, 137px\" \/> <a href=\"https:\/\/wp.ufpel.edu.br\/gsic\/files\/2024\/10\/WhatsApp-Image-2024-10-23-at-18.49.56.jpeg\"><img loading=\"lazy\" decoding=\"async\" class=\"alignnone wp-image-391\" src=\"https:\/\/wp.ufpel.edu.br\/gsic\/files\/2024\/10\/WhatsApp-Image-2024-10-23-at-18.49.56-1024x735.jpeg\" alt=\"\" width=\"152\" height=\"109\" srcset=\"https:\/\/wp.ufpel.edu.br\/gsic\/files\/2024\/10\/WhatsApp-Image-2024-10-23-at-18.49.56-1024x735.jpeg 1024w, https:\/\/wp.ufpel.edu.br\/gsic\/files\/2024\/10\/WhatsApp-Image-2024-10-23-at-18.49.56-400x287.jpeg 400w, https:\/\/wp.ufpel.edu.br\/gsic\/files\/2024\/10\/WhatsApp-Image-2024-10-23-at-18.49.56-768x551.jpeg 768w, https:\/\/wp.ufpel.edu.br\/gsic\/files\/2024\/10\/WhatsApp-Image-2024-10-23-at-18.49.56.jpeg 1378w\" sizes=\"auto, (max-width: 152px) 100vw, 152px\" \/><\/a> <a href=\"https:\/\/wp.ufpel.edu.br\/gsic\/files\/2024\/10\/unnamed-e1735513820106.jpg\"><img loading=\"lazy\" decoding=\"async\" class=\"alignnone wp-image-1167\" src=\"https:\/\/wp.ufpel.edu.br\/gsic\/files\/2024\/12\/unnamed-e1735513820106-1.jpg\" alt=\"\" width=\"156\" height=\"109\" srcset=\"https:\/\/wp.ufpel.edu.br\/gsic\/files\/2024\/12\/unnamed-e1735513820106-1.jpg 900w, https:\/\/wp.ufpel.edu.br\/gsic\/files\/2024\/12\/unnamed-e1735513820106-1-400x280.jpg 400w, https:\/\/wp.ufpel.edu.br\/gsic\/files\/2024\/12\/unnamed-e1735513820106-1-768x538.jpg 768w, https:\/\/wp.ufpel.edu.br\/gsic\/files\/2024\/12\/unnamed-e1735513820106-1-600x420.jpg 600w\" sizes=\"auto, (max-width: 156px) 100vw, 156px\" \/><\/a><\/p>\n<p>&nbsp;<\/p>\n<h3>10\u00aa Semana Integrada de Inova\u00e7\u00e3o, Ensino, Pesquisa e Extens\u00e3o (SIIEPE 2024)<\/h3>\n<p style=\"text-align: justify;\">\u00a0 \u00a0 O evento realizado pela Universidade Federal de Pelotas (UFPel), reuniu cinco congressos: <a href=\"https:\/\/wp.ufpel.edu.br\/congressoinovacao\/\">VIII Congresso de Inova\u00e7\u00e3o Tecnol\u00f3gica (VIII CIT)<\/a>,\u00a0 <a href=\"https:\/\/wp.ufpel.edu.br\/ceg\/\">X Congresso de Ensino de Gradua\u00e7\u00e3o (X CEG)<\/a>, <a href=\"https:\/\/wp.ufpel.edu.br\/congressoextensao\/\">XI Congresso de Extens\u00e3o e Cultura (XI CEC)<\/a>, <a href=\"https:\/\/wp.ufpel.edu.br\/enpos\/\">XXVI Encontro de P\u00f3s-Gradua\u00e7\u00e3o (XXVI ENP\u00d3S)<\/a> e <a href=\"https:\/\/wp.ufpel.edu.br\/cic\/\">XXXIII Congresso de Inicia\u00e7\u00e3o Cient\u00edfica (XXXIII CIC)<\/a>.<\/p>\n<p style=\"text-align: justify;\">\u00a0 \u00a0 Diversos integrantes do GSIC apresentaram trabalhos no CIT, CEC, ENP\u00d3S e CIC.<\/p>\n<p>&nbsp;<\/p>\n<h3>Ingressos no mestrado<\/h3>\n<p>Para encerrar o ano, prestigiamos a <a href=\"https:\/\/wp.ufpel.edu.br\/gsic\/2024\/12\/16\/membros-do-gsic-dao-continuidade-as-suas-pesquisas-em-universidades-parceiras\/\">aprova\u00e7\u00e3o de cinco membros do GSIC para cursos de mestrado<\/a> na Universidade Federal de Santa Maria (UFSM) e Universidade Federal de Santa Catarina (UFSC). S\u00e3o eles: <a href=\"https:\/\/wp.ufpel.edu.br\/gsic\/pessoas\/mateus-santos-da-silva\/\">Mateus Santos da Silva<\/a>\u00a0,\u00a0<a href=\"https:\/\/wp.ufpel.edu.br\/gsic\/pessoas\/gabriel-hackbardt-morales\/\">Gabriel Hackbardt Morales<\/a>,\u00a0<a href=\"https:\/\/wp.ufpel.edu.br\/gsic\/pessoas\/john-breno-santos-freitas\/\">John Breno Santos Freitas<\/a>,\u00a0<a href=\"https:\/\/wp.ufpel.edu.br\/gsic\/pessoas\/jose-pedro-de-almeida-schulte\/\">Jos\u00e9 Pedro de Almeida Schulte<\/a>\u00a0e\u00a0<a href=\"https:\/\/wp.ufpel.edu.br\/gsic\/pessoas\/thiago-carvalho-bittencourt\/\">Thiago Carvalho Bittencourt<\/a>.<\/p>\n<p>&nbsp;<\/p>\n<h3>Encerramento do ano e perspectiva para 2025<\/h3>\n<p style=\"text-align: justify;\">\u00a0 \u00a0 Cada publica\u00e7\u00e3o, apresenta\u00e7\u00e3o e projeto desenvolvido reflete o empenho e a dedica\u00e7\u00e3o de nossos integrantes, bem como o apoio valioso de nossas institui\u00e7\u00f5es parceiras. Dessa forma, encerramos o ano de 2024 com sentimento de orgulho e motiva\u00e7\u00e3o para um 2025 ainda mais proeminente.<\/p>\n<p style=\"text-align: justify;\">\u00a0 \u00a0 Dentre os principais objetivos est\u00e3o a consolida\u00e7\u00e3o dos projetos existentes, com desenvolvimento de prot\u00f3tipos e publica\u00e7\u00e3o dos resultados, expans\u00e3o das atividades de pesquisa e fortalecimento de colabora\u00e7\u00f5es com institui\u00e7\u00f5es nacionais e internacionais. Igualmente, planejamos aumentar nossa presen\u00e7a em eventos cient\u00edficos de relev\u00e2ncia e fomentar a forma\u00e7\u00e3o de pessoal qualificado, objetivando contribuir significativamente para o avan\u00e7o da ci\u00eancia.<\/p>\n<p style=\"text-align: justify;\">\u00a0 \u00a0 A continuidade dessas a\u00e7\u00f5es visa contribuir para o crescimento do grupo, contando com a inclus\u00e3o de novos integrantes e a expans\u00e3o da nossa rede de pesquisa atrav\u00e9s de parcerias com diferentes institui\u00e7\u00f5es, ampliando o impacto e a contribui\u00e7\u00e3o do GSIC nas suas \u00e1reas\u00a0de\u00a0atua\u00e7\u00e3o.<\/p>\n","protected":false},"excerpt":{"rendered":"<p>\u00a0 \u00a0 O Grupo de Sistemas Inteligentes e Controle (GSIC) encerra o ano de 2024 com grandes avan\u00e7os e conquistas, consolidando sua posi\u00e7\u00e3o como grupo de pesquisa. Vejamos em detalhes os principais marcos do ano de 2024, celebrando a dedica\u00e7\u00e3o&#8230; <a class=\"more-link\" href=\"https:\/\/wp.ufpel.edu.br\/gsic\/2024\/12\/31\/retrospectiva-2024-um-ano-de-conquistas-no-gsic\/\">Continue lendo &rarr;<\/a><\/p>\n","protected":false},"author":917,"featured_media":1206,"comment_status":"closed","ping_status":"closed","sticky":false,"template":"","format":"standard","meta":{"_jetpack_memberships_contains_paid_content":false,"footnotes":""},"categories":[34],"tags":[],"class_list":["post-1086","post","type-post","status-publish","format-standard","has-post-thumbnail","hentry","category-sem-categoria-pt"],"jetpack_featured_media_url":"https:\/\/wp.ufpel.edu.br\/gsic\/files\/2024\/12\/DR.png","jetpack_sharing_enabled":true,"_links":{"self":[{"href":"https:\/\/wp.ufpel.edu.br\/gsic\/wp-json\/wp\/v2\/posts\/1086","targetHints":{"allow":["GET"]}}],"collection":[{"href":"https:\/\/wp.ufpel.edu.br\/gsic\/wp-json\/wp\/v2\/posts"}],"about":[{"href":"https:\/\/wp.ufpel.edu.br\/gsic\/wp-json\/wp\/v2\/types\/post"}],"author":[{"embeddable":true,"href":"https:\/\/wp.ufpel.edu.br\/gsic\/wp-json\/wp\/v2\/users\/917"}],"replies":[{"embeddable":true,"href":"https:\/\/wp.ufpel.edu.br\/gsic\/wp-json\/wp\/v2\/comments?post=1086"}],"version-history":[{"count":37,"href":"https:\/\/wp.ufpel.edu.br\/gsic\/wp-json\/wp\/v2\/posts\/1086\/revisions"}],"predecessor-version":[{"id":1212,"href":"https:\/\/wp.ufpel.edu.br\/gsic\/wp-json\/wp\/v2\/posts\/1086\/revisions\/1212"}],"wp:featuredmedia":[{"embeddable":true,"href":"https:\/\/wp.ufpel.edu.br\/gsic\/wp-json\/wp\/v2\/media\/1206"}],"wp:attachment":[{"href":"https:\/\/wp.ufpel.edu.br\/gsic\/wp-json\/wp\/v2\/media?parent=1086"}],"wp:term":[{"taxonomy":"category","embeddable":true,"href":"https:\/\/wp.ufpel.edu.br\/gsic\/wp-json\/wp\/v2\/categories?post=1086"},{"taxonomy":"post_tag","embeddable":true,"href":"https:\/\/wp.ufpel.edu.br\/gsic\/wp-json\/wp\/v2\/tags?post=1086"}],"curies":[{"name":"wp","href":"https:\/\/api.w.org\/{rel}","templated":true}]}}