{"id":1065,"date":"2020-06-22T02:58:09","date_gmt":"2020-06-22T05:58:09","guid":{"rendered":"https:\/\/wp.ufpel.edu.br\/grupoicaro\/?p=1065"},"modified":"2020-08-19T01:21:13","modified_gmt":"2020-08-19T04:21:13","slug":"ii-jornada-literaria-amores-expressos-identidades-ocultas","status":"publish","type":"post","link":"https:\/\/wp.ufpel.edu.br\/grupoicaro\/2020\/06\/22\/ii-jornada-literaria-amores-expressos-identidades-ocultas\/","title":{"rendered":"II Jornada Liter\u00e1ria Amores Expressos &#8211; Identidades Ocultas"},"content":{"rendered":"<p><img data-recalc-dims=\"1\" loading=\"lazy\" decoding=\"async\" data-attachment-id=\"1067\" data-permalink=\"https:\/\/wp.ufpel.edu.br\/grupoicaro\/2020\/06\/22\/ii-jornada-literaria-amores-expressos-identidades-ocultas\/a-gatherig-of-local-artists\/\" data-orig-file=\"https:\/\/i0.wp.com\/wp.ufpel.edu.br\/grupoicaro\/files\/2020\/06\/A-gatherig-of-local-artists.png?fit=1350%2C650&amp;ssl=1\" data-orig-size=\"1350,650\" data-comments-opened=\"0\" data-image-meta=\"{&quot;aperture&quot;:&quot;0&quot;,&quot;credit&quot;:&quot;&quot;,&quot;camera&quot;:&quot;&quot;,&quot;caption&quot;:&quot;&quot;,&quot;created_timestamp&quot;:&quot;0&quot;,&quot;copyright&quot;:&quot;&quot;,&quot;focal_length&quot;:&quot;0&quot;,&quot;iso&quot;:&quot;0&quot;,&quot;shutter_speed&quot;:&quot;0&quot;,&quot;title&quot;:&quot;&quot;,&quot;orientation&quot;:&quot;0&quot;}\" data-image-title=\"Jornada Cabe\u00e7alho\" data-image-description=\"\" data-image-caption=\"\" data-medium-file=\"https:\/\/i0.wp.com\/wp.ufpel.edu.br\/grupoicaro\/files\/2020\/06\/A-gatherig-of-local-artists.png?fit=424%2C204&amp;ssl=1\" data-large-file=\"https:\/\/i0.wp.com\/wp.ufpel.edu.br\/grupoicaro\/files\/2020\/06\/A-gatherig-of-local-artists.png?fit=474%2C106&amp;ssl=1\" class=\"alignnone size-full wp-image-1067\" src=\"https:\/\/i0.wp.com\/wp.ufpel.edu.br\/grupoicaro\/files\/2020\/06\/A-gatherig-of-local-artists.png?resize=474%2C228&#038;ssl=1\" alt=\"\" width=\"474\" height=\"228\" srcset=\"https:\/\/i0.wp.com\/wp.ufpel.edu.br\/grupoicaro\/files\/2020\/06\/A-gatherig-of-local-artists.png?w=1350&amp;ssl=1 1350w, https:\/\/i0.wp.com\/wp.ufpel.edu.br\/grupoicaro\/files\/2020\/06\/A-gatherig-of-local-artists.png?resize=424%2C204&amp;ssl=1 424w, https:\/\/i0.wp.com\/wp.ufpel.edu.br\/grupoicaro\/files\/2020\/06\/A-gatherig-of-local-artists.png?resize=212%2C102&amp;ssl=1 212w, https:\/\/i0.wp.com\/wp.ufpel.edu.br\/grupoicaro\/files\/2020\/06\/A-gatherig-of-local-artists.png?resize=768%2C370&amp;ssl=1 768w, https:\/\/i0.wp.com\/wp.ufpel.edu.br\/grupoicaro\/files\/2020\/06\/A-gatherig-of-local-artists.png?w=948&amp;ssl=1 948w\" sizes=\"auto, (max-width: 474px) 100vw, 474px\" \/><\/p>\n<p>O Audit\u00f3rio T\u00e9rreo do Campus II da Universidade Federal de Pelotas (<a class=\" xil3i\" href=\"https:\/\/www.instagram.com\/explore\/tags\/ufpel\/\">#UFPel<\/a>), foi o palco da II Jornada Liter\u00e1ria &#8220;Amores Expressos &#8211; Identidades Ocultas&#8221;. O evento ocorreu no dia 15 de Outubro de 2019, e foi considerado um sucesso pelos organizadores.<\/p>\n<p><img data-recalc-dims=\"1\" loading=\"lazy\" decoding=\"async\" data-attachment-id=\"1068\" data-permalink=\"https:\/\/wp.ufpel.edu.br\/grupoicaro\/2020\/06\/22\/ii-jornada-literaria-amores-expressos-identidades-ocultas\/attachment\/3\/\" data-orig-file=\"https:\/\/i0.wp.com\/wp.ufpel.edu.br\/grupoicaro\/files\/2020\/06\/3.png?fit=2000%2C1600&amp;ssl=1\" data-orig-size=\"2000,1600\" data-comments-opened=\"0\" data-image-meta=\"{&quot;aperture&quot;:&quot;0&quot;,&quot;credit&quot;:&quot;&quot;,&quot;camera&quot;:&quot;&quot;,&quot;caption&quot;:&quot;&quot;,&quot;created_timestamp&quot;:&quot;0&quot;,&quot;copyright&quot;:&quot;&quot;,&quot;focal_length&quot;:&quot;0&quot;,&quot;iso&quot;:&quot;0&quot;,&quot;shutter_speed&quot;:&quot;0&quot;,&quot;title&quot;:&quot;&quot;,&quot;orientation&quot;:&quot;0&quot;}\" data-image-title=\"3\" data-image-description=\"\" data-image-caption=\"\" data-medium-file=\"https:\/\/i0.wp.com\/wp.ufpel.edu.br\/grupoicaro\/files\/2020\/06\/3.png?fit=398%2C318&amp;ssl=1\" data-large-file=\"https:\/\/i0.wp.com\/wp.ufpel.edu.br\/grupoicaro\/files\/2020\/06\/3.png?fit=474%2C106&amp;ssl=1\" class=\"alignnone wp-image-1068 size-medium\" src=\"https:\/\/i0.wp.com\/wp.ufpel.edu.br\/grupoicaro\/files\/2020\/06\/3.png?resize=398%2C318&#038;ssl=1\" alt=\"\" width=\"398\" height=\"318\" srcset=\"https:\/\/i0.wp.com\/wp.ufpel.edu.br\/grupoicaro\/files\/2020\/06\/3.png?resize=398%2C318&amp;ssl=1 398w, https:\/\/i0.wp.com\/wp.ufpel.edu.br\/grupoicaro\/files\/2020\/06\/3.png?resize=199%2C159&amp;ssl=1 199w, https:\/\/i0.wp.com\/wp.ufpel.edu.br\/grupoicaro\/files\/2020\/06\/3.png?resize=768%2C614&amp;ssl=1 768w, https:\/\/i0.wp.com\/wp.ufpel.edu.br\/grupoicaro\/files\/2020\/06\/3.png?resize=1536%2C1229&amp;ssl=1 1536w, https:\/\/i0.wp.com\/wp.ufpel.edu.br\/grupoicaro\/files\/2020\/06\/3.png?w=2000&amp;ssl=1 2000w, https:\/\/i0.wp.com\/wp.ufpel.edu.br\/grupoicaro\/files\/2020\/06\/3.png?w=948&amp;ssl=1 948w, https:\/\/i0.wp.com\/wp.ufpel.edu.br\/grupoicaro\/files\/2020\/06\/3.png?w=1422&amp;ssl=1 1422w\" sizes=\"auto, (max-width: 398px) 100vw, 398px\" \/><\/p>\n<p>A abertura do evento ficou por conta do artista e professor Andr\u00e9 Barbachan, que exp\u00f4s suas obras e falou sobre o seu trabalho.<\/p>\n<p><img data-recalc-dims=\"1\" loading=\"lazy\" decoding=\"async\" data-attachment-id=\"1069\" data-permalink=\"https:\/\/wp.ufpel.edu.br\/grupoicaro\/2020\/06\/22\/ii-jornada-literaria-amores-expressos-identidades-ocultas\/attachment\/4\/\" data-orig-file=\"https:\/\/i0.wp.com\/wp.ufpel.edu.br\/grupoicaro\/files\/2020\/06\/4.png?fit=2000%2C1600&amp;ssl=1\" data-orig-size=\"2000,1600\" data-comments-opened=\"0\" data-image-meta=\"{&quot;aperture&quot;:&quot;0&quot;,&quot;credit&quot;:&quot;&quot;,&quot;camera&quot;:&quot;&quot;,&quot;caption&quot;:&quot;&quot;,&quot;created_timestamp&quot;:&quot;0&quot;,&quot;copyright&quot;:&quot;&quot;,&quot;focal_length&quot;:&quot;0&quot;,&quot;iso&quot;:&quot;0&quot;,&quot;shutter_speed&quot;:&quot;0&quot;,&quot;title&quot;:&quot;&quot;,&quot;orientation&quot;:&quot;0&quot;}\" data-image-title=\"4\" data-image-description=\"\" data-image-caption=\"\" data-medium-file=\"https:\/\/i0.wp.com\/wp.ufpel.edu.br\/grupoicaro\/files\/2020\/06\/4.png?fit=398%2C318&amp;ssl=1\" data-large-file=\"https:\/\/i0.wp.com\/wp.ufpel.edu.br\/grupoicaro\/files\/2020\/06\/4.png?fit=474%2C106&amp;ssl=1\" class=\"alignnone wp-image-1069 size-medium\" src=\"https:\/\/i0.wp.com\/wp.ufpel.edu.br\/grupoicaro\/files\/2020\/06\/4.png?resize=398%2C318&#038;ssl=1\" alt=\"\" width=\"398\" height=\"318\" srcset=\"https:\/\/i0.wp.com\/wp.ufpel.edu.br\/grupoicaro\/files\/2020\/06\/4.png?resize=398%2C318&amp;ssl=1 398w, https:\/\/i0.wp.com\/wp.ufpel.edu.br\/grupoicaro\/files\/2020\/06\/4.png?resize=199%2C159&amp;ssl=1 199w, https:\/\/i0.wp.com\/wp.ufpel.edu.br\/grupoicaro\/files\/2020\/06\/4.png?resize=768%2C614&amp;ssl=1 768w, https:\/\/i0.wp.com\/wp.ufpel.edu.br\/grupoicaro\/files\/2020\/06\/4.png?resize=1536%2C1229&amp;ssl=1 1536w, https:\/\/i0.wp.com\/wp.ufpel.edu.br\/grupoicaro\/files\/2020\/06\/4.png?w=2000&amp;ssl=1 2000w, https:\/\/i0.wp.com\/wp.ufpel.edu.br\/grupoicaro\/files\/2020\/06\/4.png?w=948&amp;ssl=1 948w, https:\/\/i0.wp.com\/wp.ufpel.edu.br\/grupoicaro\/files\/2020\/06\/4.png?w=1422&amp;ssl=1 1422w\" sizes=\"auto, (max-width: 398px) 100vw, 398px\" \/><\/p>\n<p>Logo ap\u00f3s, foi realizada a exibi\u00e7\u00e3o do filme &#8220;Estive em Lisboa e Lembrei de Voc\u00ea&#8221;, baseado no livro hom\u00f4nimo.<\/p>\n<p><img data-recalc-dims=\"1\" loading=\"lazy\" decoding=\"async\" data-attachment-id=\"1070\" data-permalink=\"https:\/\/wp.ufpel.edu.br\/grupoicaro\/2020\/06\/22\/ii-jornada-literaria-amores-expressos-identidades-ocultas\/design-sem-nome-1\/\" data-orig-file=\"https:\/\/i0.wp.com\/wp.ufpel.edu.br\/grupoicaro\/files\/2020\/06\/Design-sem-nome-1.png?fit=2000%2C1600&amp;ssl=1\" data-orig-size=\"2000,1600\" data-comments-opened=\"0\" data-image-meta=\"{&quot;aperture&quot;:&quot;0&quot;,&quot;credit&quot;:&quot;&quot;,&quot;camera&quot;:&quot;&quot;,&quot;caption&quot;:&quot;&quot;,&quot;created_timestamp&quot;:&quot;0&quot;,&quot;copyright&quot;:&quot;&quot;,&quot;focal_length&quot;:&quot;0&quot;,&quot;iso&quot;:&quot;0&quot;,&quot;shutter_speed&quot;:&quot;0&quot;,&quot;title&quot;:&quot;&quot;,&quot;orientation&quot;:&quot;0&quot;}\" data-image-title=\"Design sem nome (1)\" data-image-description=\"\" data-image-caption=\"\" data-medium-file=\"https:\/\/i0.wp.com\/wp.ufpel.edu.br\/grupoicaro\/files\/2020\/06\/Design-sem-nome-1.png?fit=398%2C318&amp;ssl=1\" data-large-file=\"https:\/\/i0.wp.com\/wp.ufpel.edu.br\/grupoicaro\/files\/2020\/06\/Design-sem-nome-1.png?fit=474%2C106&amp;ssl=1\" class=\"alignnone wp-image-1070 size-thumbnail\" src=\"https:\/\/i0.wp.com\/wp.ufpel.edu.br\/grupoicaro\/files\/2020\/06\/Design-sem-nome-1.png?resize=199%2C159&#038;ssl=1\" alt=\"\" width=\"199\" height=\"159\" srcset=\"https:\/\/i0.wp.com\/wp.ufpel.edu.br\/grupoicaro\/files\/2020\/06\/Design-sem-nome-1.png?resize=199%2C159&amp;ssl=1 199w, https:\/\/i0.wp.com\/wp.ufpel.edu.br\/grupoicaro\/files\/2020\/06\/Design-sem-nome-1.png?resize=398%2C318&amp;ssl=1 398w, https:\/\/i0.wp.com\/wp.ufpel.edu.br\/grupoicaro\/files\/2020\/06\/Design-sem-nome-1.png?resize=768%2C614&amp;ssl=1 768w, https:\/\/i0.wp.com\/wp.ufpel.edu.br\/grupoicaro\/files\/2020\/06\/Design-sem-nome-1.png?resize=1536%2C1229&amp;ssl=1 1536w, https:\/\/i0.wp.com\/wp.ufpel.edu.br\/grupoicaro\/files\/2020\/06\/Design-sem-nome-1.png?w=2000&amp;ssl=1 2000w, https:\/\/i0.wp.com\/wp.ufpel.edu.br\/grupoicaro\/files\/2020\/06\/Design-sem-nome-1.png?w=948&amp;ssl=1 948w, https:\/\/i0.wp.com\/wp.ufpel.edu.br\/grupoicaro\/files\/2020\/06\/Design-sem-nome-1.png?w=1422&amp;ssl=1 1422w\" sizes=\"auto, (max-width: 199px) 100vw, 199px\" \/><img data-recalc-dims=\"1\" loading=\"lazy\" decoding=\"async\" data-attachment-id=\"1071\" data-permalink=\"https:\/\/wp.ufpel.edu.br\/grupoicaro\/2020\/06\/22\/ii-jornada-literaria-amores-expressos-identidades-ocultas\/design-sem-nome\/\" data-orig-file=\"https:\/\/i0.wp.com\/wp.ufpel.edu.br\/grupoicaro\/files\/2020\/06\/Design-sem-nome.png?fit=2000%2C1600&amp;ssl=1\" data-orig-size=\"2000,1600\" data-comments-opened=\"0\" data-image-meta=\"{&quot;aperture&quot;:&quot;0&quot;,&quot;credit&quot;:&quot;&quot;,&quot;camera&quot;:&quot;&quot;,&quot;caption&quot;:&quot;&quot;,&quot;created_timestamp&quot;:&quot;0&quot;,&quot;copyright&quot;:&quot;&quot;,&quot;focal_length&quot;:&quot;0&quot;,&quot;iso&quot;:&quot;0&quot;,&quot;shutter_speed&quot;:&quot;0&quot;,&quot;title&quot;:&quot;&quot;,&quot;orientation&quot;:&quot;0&quot;}\" data-image-title=\"Design sem nome\" data-image-description=\"\" data-image-caption=\"\" data-medium-file=\"https:\/\/i0.wp.com\/wp.ufpel.edu.br\/grupoicaro\/files\/2020\/06\/Design-sem-nome.png?fit=398%2C318&amp;ssl=1\" data-large-file=\"https:\/\/i0.wp.com\/wp.ufpel.edu.br\/grupoicaro\/files\/2020\/06\/Design-sem-nome.png?fit=474%2C106&amp;ssl=1\" class=\"wp-image-1071 size-thumbnail alignnone\" src=\"https:\/\/i0.wp.com\/wp.ufpel.edu.br\/grupoicaro\/files\/2020\/06\/Design-sem-nome.png?resize=199%2C159&#038;ssl=1\" alt=\"\" width=\"199\" height=\"159\" srcset=\"https:\/\/i0.wp.com\/wp.ufpel.edu.br\/grupoicaro\/files\/2020\/06\/Design-sem-nome.png?resize=199%2C159&amp;ssl=1 199w, https:\/\/i0.wp.com\/wp.ufpel.edu.br\/grupoicaro\/files\/2020\/06\/Design-sem-nome.png?resize=398%2C318&amp;ssl=1 398w, https:\/\/i0.wp.com\/wp.ufpel.edu.br\/grupoicaro\/files\/2020\/06\/Design-sem-nome.png?resize=768%2C614&amp;ssl=1 768w, https:\/\/i0.wp.com\/wp.ufpel.edu.br\/grupoicaro\/files\/2020\/06\/Design-sem-nome.png?resize=1536%2C1229&amp;ssl=1 1536w, https:\/\/i0.wp.com\/wp.ufpel.edu.br\/grupoicaro\/files\/2020\/06\/Design-sem-nome.png?w=2000&amp;ssl=1 2000w, https:\/\/i0.wp.com\/wp.ufpel.edu.br\/grupoicaro\/files\/2020\/06\/Design-sem-nome.png?w=948&amp;ssl=1 948w, https:\/\/i0.wp.com\/wp.ufpel.edu.br\/grupoicaro\/files\/2020\/06\/Design-sem-nome.png?w=1422&amp;ssl=1 1422w\" sizes=\"auto, (max-width: 199px) 100vw, 199px\" \/><\/p>\n<p>Em seguida, foi a vez dos Acad\u00eamicos do curso de Letras participantes no projeto terem suas &#8220;identidades reveladas&#8221;, ao apresentarem suas an\u00e1lises das obras da Editora Companhia das Letras.<\/p>\n<p><img data-recalc-dims=\"1\" loading=\"lazy\" decoding=\"async\" data-attachment-id=\"1072\" data-permalink=\"https:\/\/wp.ufpel.edu.br\/grupoicaro\/2020\/06\/22\/ii-jornada-literaria-amores-expressos-identidades-ocultas\/img-20191016-wa0007\/\" data-orig-file=\"https:\/\/i0.wp.com\/wp.ufpel.edu.br\/grupoicaro\/files\/2020\/06\/IMG-20191016-WA0007.jpg?fit=1280%2C960&amp;ssl=1\" data-orig-size=\"1280,960\" data-comments-opened=\"0\" data-image-meta=\"{&quot;aperture&quot;:&quot;0&quot;,&quot;credit&quot;:&quot;&quot;,&quot;camera&quot;:&quot;&quot;,&quot;caption&quot;:&quot;&quot;,&quot;created_timestamp&quot;:&quot;0&quot;,&quot;copyright&quot;:&quot;&quot;,&quot;focal_length&quot;:&quot;0&quot;,&quot;iso&quot;:&quot;0&quot;,&quot;shutter_speed&quot;:&quot;0&quot;,&quot;title&quot;:&quot;&quot;,&quot;orientation&quot;:&quot;0&quot;}\" data-image-title=\"IMG-20191016-WA0007\" data-image-description=\"\" data-image-caption=\"\" data-medium-file=\"https:\/\/i0.wp.com\/wp.ufpel.edu.br\/grupoicaro\/files\/2020\/06\/IMG-20191016-WA0007.jpg?fit=424%2C318&amp;ssl=1\" data-large-file=\"https:\/\/i0.wp.com\/wp.ufpel.edu.br\/grupoicaro\/files\/2020\/06\/IMG-20191016-WA0007.jpg?fit=474%2C106&amp;ssl=1\" class=\"alignnone wp-image-1072 size-thumbnail\" src=\"https:\/\/i0.wp.com\/wp.ufpel.edu.br\/grupoicaro\/files\/2020\/06\/IMG-20191016-WA0007.jpg?resize=212%2C159&#038;ssl=1\" alt=\"\" width=\"212\" height=\"159\" srcset=\"https:\/\/i0.wp.com\/wp.ufpel.edu.br\/grupoicaro\/files\/2020\/06\/IMG-20191016-WA0007.jpg?resize=212%2C159&amp;ssl=1 212w, https:\/\/i0.wp.com\/wp.ufpel.edu.br\/grupoicaro\/files\/2020\/06\/IMG-20191016-WA0007.jpg?resize=424%2C318&amp;ssl=1 424w, https:\/\/i0.wp.com\/wp.ufpel.edu.br\/grupoicaro\/files\/2020\/06\/IMG-20191016-WA0007.jpg?resize=768%2C576&amp;ssl=1 768w, https:\/\/i0.wp.com\/wp.ufpel.edu.br\/grupoicaro\/files\/2020\/06\/IMG-20191016-WA0007.jpg?w=1280&amp;ssl=1 1280w, https:\/\/i0.wp.com\/wp.ufpel.edu.br\/grupoicaro\/files\/2020\/06\/IMG-20191016-WA0007.jpg?w=948&amp;ssl=1 948w\" sizes=\"auto, (max-width: 212px) 100vw, 212px\" \/><\/p>\n<p>Para encerrar a jornada, o cantor Rafael Bennett apresentou um repert\u00f3rio baseado nas m\u00fasicas que acompanham as postagens do projeto aqui no Instagram. N\u00f3s do projeto &#8220;Amores Expressos &#8211; Identidades Ocultas&#8221;, agradecemos a todos voc\u00eas que prestigiaram, apoiaram e tornaram a jornada um sucesso. MUITO OBRIGADO.<\/p>\n","protected":false},"excerpt":{"rendered":"<p>O Audit\u00f3rio T\u00e9rreo do Campus II da Universidade Federal de Pelotas (#UFPel), foi o palco da II Jornada Liter\u00e1ria &#8220;Amores Expressos &#8211; Identidades Ocultas&#8221;. O evento ocorreu no dia 15 de Outubro de 2019, e foi considerado um sucesso pelos organizadores. A abertura do evento ficou por conta do artista e professor Andr\u00e9 Barbachan, que &hellip; <a href=\"https:\/\/wp.ufpel.edu.br\/grupoicaro\/2020\/06\/22\/ii-jornada-literaria-amores-expressos-identidades-ocultas\/\" class=\"more-link\">Continue lendo <span class=\"screen-reader-text\">II Jornada Liter\u00e1ria Amores Expressos &#8211; Identidades Ocultas<\/span> <span class=\"meta-nav\">&rarr;<\/span><\/a><\/p>\n","protected":false},"author":267,"featured_media":0,"comment_status":"closed","ping_status":"closed","sticky":false,"template":"","format":"standard","meta":{"jetpack_post_was_ever_published":false,"_jetpack_newsletter_access":"","_jetpack_dont_email_post_to_subs":false,"_jetpack_newsletter_tier_id":0,"_jetpack_memberships_contains_paywalled_content":false,"_jetpack_memberships_contains_paid_content":false,"footnotes":""},"categories":[53519],"tags":[],"class_list":["post-1065","post","type-post","status-publish","format-standard","hentry","category-eventos"],"jetpack_featured_media_url":"","jetpack_sharing_enabled":true,"_links":{"self":[{"href":"https:\/\/wp.ufpel.edu.br\/grupoicaro\/wp-json\/wp\/v2\/posts\/1065","targetHints":{"allow":["GET"]}}],"collection":[{"href":"https:\/\/wp.ufpel.edu.br\/grupoicaro\/wp-json\/wp\/v2\/posts"}],"about":[{"href":"https:\/\/wp.ufpel.edu.br\/grupoicaro\/wp-json\/wp\/v2\/types\/post"}],"author":[{"embeddable":true,"href":"https:\/\/wp.ufpel.edu.br\/grupoicaro\/wp-json\/wp\/v2\/users\/267"}],"replies":[{"embeddable":true,"href":"https:\/\/wp.ufpel.edu.br\/grupoicaro\/wp-json\/wp\/v2\/comments?post=1065"}],"version-history":[{"count":1,"href":"https:\/\/wp.ufpel.edu.br\/grupoicaro\/wp-json\/wp\/v2\/posts\/1065\/revisions"}],"predecessor-version":[{"id":1073,"href":"https:\/\/wp.ufpel.edu.br\/grupoicaro\/wp-json\/wp\/v2\/posts\/1065\/revisions\/1073"}],"wp:attachment":[{"href":"https:\/\/wp.ufpel.edu.br\/grupoicaro\/wp-json\/wp\/v2\/media?parent=1065"}],"wp:term":[{"taxonomy":"category","embeddable":true,"href":"https:\/\/wp.ufpel.edu.br\/grupoicaro\/wp-json\/wp\/v2\/categories?post=1065"},{"taxonomy":"post_tag","embeddable":true,"href":"https:\/\/wp.ufpel.edu.br\/grupoicaro\/wp-json\/wp\/v2\/tags?post=1065"}],"curies":[{"name":"wp","href":"https:\/\/api.w.org\/{rel}","templated":true}]}}