{"id":509,"date":"2022-03-21T17:50:34","date_gmt":"2022-03-21T20:50:34","guid":{"rendered":"https:\/\/wp.ufpel.edu.br\/gpcie\/?p=509"},"modified":"2023-06-28T18:16:13","modified_gmt":"2023-06-28T21:16:13","slug":"manifesto-contra-a-medalha-do-merito-indigenista-ofertada-para-bolsonaro","status":"publish","type":"post","link":"https:\/\/wp.ufpel.edu.br\/gpcie\/2022\/03\/21\/manifesto-contra-a-medalha-do-merito-indigenista-ofertada-para-bolsonaro\/","title":{"rendered":"Manifesto contra a Medalha do M\u00e9rito Indigenista ofertada para Bolsonaro"},"content":{"rendered":"<p class=\"western\" align=\"left\"><span style=\"font-family: Arial, serif;\"><b>Manifesto contra a Medalha do M\u00e9rito Indigenista ofertada para Bolsonaro<\/b><\/span><\/p>\n<p class=\"western\" align=\"left\"><span style=\"font-family: Arial, serif;\">Os pesquisadores e docentes da \u00e1rea de antropologia e arqueologia, que atuam na regi\u00e3o sul do pa\u00eds, vem apresentar veemente protesto ao ato de concess\u00e3o de Medalha do M\u00e9rito Indigenista ao sr. Jair Bolsonaro, pela portaria do Minist\u00e9rio da Justi\u00e7a e Seguran\u00e7a P\u00fablica, publicada dia 15 de mar\u00e7o de 2022 <\/span><\/p>\n<p class=\"western\" align=\"left\"><span style=\"font-family: Arial, serif;\">Consideramos uma \u201cafronta\u201d aos povos ind\u00edgenas. Como interlocutores com as comunidades ind\u00edgenas contestamos o ato e a forma descabida do Ministro da Justi\u00e7a Anderson Torres, em efetivar essa injusta honraria. Nesse sentido solicitamos a imediata susta\u00e7\u00e3o da dita Medalha.<\/span><\/p>\n<p class=\"western\" align=\"left\"><span style=\"font-family: Arial, serif;\">A medalha, institu\u00edda em 1972, deve ser concedida \u00e0s pessoas que se destacam pelos trabalhos de prote\u00e7\u00e3o e promo\u00e7\u00e3o dos povos ind\u00edgenas brasileiros. <\/span><\/p>\n<p class=\"western\" align=\"left\"><span style=\"font-family: Arial, serif;\">O senhor Jair tem atuado inversamente a essa promo\u00e7\u00e3o. Essa pessoa como deputado e agora com presidente defende medidas de exterm\u00ednio das popula\u00e7\u00f5es ind\u00edgenas brasileiras. Denunciamos tamb\u00e9m as pol\u00edticas genocidas empreendidas pelo Governo Bolsonaro, o presidente e diversas pessoas que atuam no primeiro escal\u00e3o do Governo operam pol\u00edticas de destrui\u00e7\u00e3o das sociedades autoctones, explora\u00e7\u00e3o mineral em terras demarcadas, realiza constantes viola\u00e7\u00f5es contra os povos ind\u00edgenas no Brasil, perseguindo interlocutores que apoiam os povos, criminalizando as organiza\u00e7\u00f5es pol\u00edticas, prendem e perseguem as lideran\u00e7as, promovendo invas\u00f5es das terras e roubo das riquezas dos povos ind\u00edgenas brasileiros.<\/span><\/p>\n<p class=\"western\" align=\"left\"><span style=\"font-family: Arial, serif;\"><b>Demarca\u00e7\u00e3o j\u00e1.<\/b><\/span><\/p>\n<p class=\"western\" align=\"left\"><span style=\"font-family: Arial, serif;\"><b>Professores e pesquisadores em arqueologia e antropologia do sul do pa\u00eds.<\/b><\/span><\/p>\n<p><a href=\"https:\/\/wp.ufpel.edu.br\/gpcie\/files\/2022\/03\/mocao-de-protesto.pdf\">mo\u00e7\u00e3o de protesto<\/a><\/p>\n","protected":false},"excerpt":{"rendered":"<p>Manifesto contra a Medalha do M\u00e9rito Indigenista ofertada para Bolsonaro Os pesquisadores e docentes da \u00e1rea de antropologia e arqueologia, que atuam na regi\u00e3o sul do pa\u00eds, vem apresentar veemente protesto ao ato de concess\u00e3o de Medalha do M\u00e9rito Indigenista&#8230; <a class=\"more-link\" href=\"https:\/\/wp.ufpel.edu.br\/gpcie\/2022\/03\/21\/manifesto-contra-a-medalha-do-merito-indigenista-ofertada-para-bolsonaro\/\">Continue lendo &rarr;<\/a><\/p>\n","protected":false},"author":841,"featured_media":0,"comment_status":"closed","ping_status":"closed","sticky":false,"template":"","format":"standard","meta":{"_jetpack_memberships_contains_paid_content":false,"footnotes":""},"categories":[1],"tags":[],"class_list":["post-509","post","type-post","status-publish","format-standard","hentry","category-noticias"],"jetpack_featured_media_url":"","jetpack_sharing_enabled":true,"_links":{"self":[{"href":"https:\/\/wp.ufpel.edu.br\/gpcie\/wp-json\/wp\/v2\/posts\/509","targetHints":{"allow":["GET"]}}],"collection":[{"href":"https:\/\/wp.ufpel.edu.br\/gpcie\/wp-json\/wp\/v2\/posts"}],"about":[{"href":"https:\/\/wp.ufpel.edu.br\/gpcie\/wp-json\/wp\/v2\/types\/post"}],"author":[{"embeddable":true,"href":"https:\/\/wp.ufpel.edu.br\/gpcie\/wp-json\/wp\/v2\/users\/841"}],"replies":[{"embeddable":true,"href":"https:\/\/wp.ufpel.edu.br\/gpcie\/wp-json\/wp\/v2\/comments?post=509"}],"version-history":[{"count":3,"href":"https:\/\/wp.ufpel.edu.br\/gpcie\/wp-json\/wp\/v2\/posts\/509\/revisions"}],"predecessor-version":[{"id":553,"href":"https:\/\/wp.ufpel.edu.br\/gpcie\/wp-json\/wp\/v2\/posts\/509\/revisions\/553"}],"wp:attachment":[{"href":"https:\/\/wp.ufpel.edu.br\/gpcie\/wp-json\/wp\/v2\/media?parent=509"}],"wp:term":[{"taxonomy":"category","embeddable":true,"href":"https:\/\/wp.ufpel.edu.br\/gpcie\/wp-json\/wp\/v2\/categories?post=509"},{"taxonomy":"post_tag","embeddable":true,"href":"https:\/\/wp.ufpel.edu.br\/gpcie\/wp-json\/wp\/v2\/tags?post=509"}],"curies":[{"name":"wp","href":"https:\/\/api.w.org\/{rel}","templated":true}]}}