{"id":3058,"date":"2017-11-27T20:24:51","date_gmt":"2017-11-27T22:24:51","guid":{"rendered":"https:\/\/wp.ufpel.edu.br\/govi\/?p=3058"},"modified":"2017-11-27T20:26:59","modified_gmt":"2017-11-27T22:26:59","slug":"govi-presente-na-43a-expofeira-de-rio-grande","status":"publish","type":"post","link":"https:\/\/wp.ufpel.edu.br\/govi\/2017\/11\/27\/govi-presente-na-43a-expofeira-de-rio-grande\/","title":{"rendered":"GOVI presente na 43\u00aa Expofeira de Rio Grande"},"content":{"rendered":"<p><span id=\"fbPhotoSnowliftCaption\" class=\"fbPhotosPhotoCaption\"><span class=\"hasCaption\">Como parte integrante da <strong>43\u00aa Expofeira de Rio Grande<\/strong> o <strong>Encontro dos T\u00e9cnicos Agr\u00edcolas<\/strong> proporcionou, entre outras, uma palestra sobre bovinocultura de corte e uma sobre I<strong>ntensifica\u00e7\u00e3o da Produ\u00e7\u00e3o Forrageira<\/strong>. Esta \u00faltima, ministrada pelo Prof. Otoniel Ferreira &#8211; GOVI\/DZ\/FAEM\/UFPEL.<\/span><\/span><\/p>\n<p>Parab\u00e9ns aos organizadores do evento!!!<\/p>\n","protected":false},"excerpt":{"rendered":"<p>Como parte integrante da 43\u00aa Expofeira de Rio Grande o Encontro dos T\u00e9cnicos Agr\u00edcolas proporcionou, entre outras, uma palestra sobre bovinocultura de corte e uma sobre Intensifica\u00e7\u00e3o da Produ\u00e7\u00e3o Forrageira. Esta \u00faltima, ministrada pelo Prof. Otoniel Ferreira &#8211; GOVI\/DZ\/FAEM\/UFPEL. Parab\u00e9ns&#8230; <a class=\"more-link\" href=\"https:\/\/wp.ufpel.edu.br\/govi\/2017\/11\/27\/govi-presente-na-43a-expofeira-de-rio-grande\/\">Continue lendo &rarr;<\/a><\/p>\n","protected":false},"author":54,"featured_media":3060,"comment_status":"closed","ping_status":"closed","sticky":false,"template":"","format":"standard","meta":{"footnotes":""},"categories":[1],"tags":[],"class_list":["post-3058","post","type-post","status-publish","format-standard","has-post-thumbnail","hentry","category-notcias"],"jetpack_featured_media_url":"https:\/\/wp.ufpel.edu.br\/govi\/files\/2017\/11\/23658810_1933898723317657_3903830894859309113_n.jpg","_links":{"self":[{"href":"https:\/\/wp.ufpel.edu.br\/govi\/wp-json\/wp\/v2\/posts\/3058","targetHints":{"allow":["GET"]}}],"collection":[{"href":"https:\/\/wp.ufpel.edu.br\/govi\/wp-json\/wp\/v2\/posts"}],"about":[{"href":"https:\/\/wp.ufpel.edu.br\/govi\/wp-json\/wp\/v2\/types\/post"}],"author":[{"embeddable":true,"href":"https:\/\/wp.ufpel.edu.br\/govi\/wp-json\/wp\/v2\/users\/54"}],"replies":[{"embeddable":true,"href":"https:\/\/wp.ufpel.edu.br\/govi\/wp-json\/wp\/v2\/comments?post=3058"}],"version-history":[{"count":2,"href":"https:\/\/wp.ufpel.edu.br\/govi\/wp-json\/wp\/v2\/posts\/3058\/revisions"}],"predecessor-version":[{"id":3062,"href":"https:\/\/wp.ufpel.edu.br\/govi\/wp-json\/wp\/v2\/posts\/3058\/revisions\/3062"}],"wp:featuredmedia":[{"embeddable":true,"href":"https:\/\/wp.ufpel.edu.br\/govi\/wp-json\/wp\/v2\/media\/3060"}],"wp:attachment":[{"href":"https:\/\/wp.ufpel.edu.br\/govi\/wp-json\/wp\/v2\/media?parent=3058"}],"wp:term":[{"taxonomy":"category","embeddable":true,"href":"https:\/\/wp.ufpel.edu.br\/govi\/wp-json\/wp\/v2\/categories?post=3058"},{"taxonomy":"post_tag","embeddable":true,"href":"https:\/\/wp.ufpel.edu.br\/govi\/wp-json\/wp\/v2\/tags?post=3058"}],"curies":[{"name":"wp","href":"https:\/\/api.w.org\/{rel}","templated":true}]}}