{"id":3288,"date":"2026-08-31T21:55:03","date_gmt":"2026-09-01T00:55:03","guid":{"rendered":"https:\/\/wp.ufpel.edu.br\/gestaopublica\/?p=3288"},"modified":"2026-08-31T22:02:33","modified_gmt":"2026-09-01T01:02:33","slug":"oportunidades-da-semana-de-31-de-agosto","status":"publish","type":"post","link":"https:\/\/wp.ufpel.edu.br\/gestaopublica\/2026\/08\/31\/oportunidades-da-semana-de-31-de-agosto\/","title":{"rendered":"Oportunidades da semana de 31 de agosto"},"content":{"rendered":"<p style=\"text-align: justify;\"><strong>MINICURSO SOBRE NEGOCIA\u00c7\u00c3O ESTRAT\u00c9GICA:<\/strong> Est\u00e3o abertas as inscri\u00e7\u00f5es para o minicurso &#8220;Negocia\u00e7\u00e3o Estrat\u00e9gica &#8211; Edi\u00e7\u00e3o 2026&#8221;, promovido pelo Ciclo de Cursos em Gest\u00e3o de Neg\u00f3cios (CCSO\/UFPel). A atividade ter\u00e1 10 horas de dura\u00e7\u00e3o e ser\u00e1 ministrada pela Prof.\u00aa Dr.\u00aa Isabel Teresinha D. Soares. Inscri\u00e7\u00f5es at\u00e9 11 de setembro. Vagas limitadas. Acesse e confira mais informa\u00e7\u00f5es: <a href=\"https:\/\/www.instagram.com\/p\/DceLLmcRrGu\/\">https:\/\/www.instagram.com\/p\/DceLLmcRrGu\/<\/a><\/p>\n<p style=\"text-align: justify;\"><strong>CAF\u00c9 COM A DIRE\u00c7\u00c3O:\u00a0 O BEIJO MALDITO COMO AGENTE DE TRANSFORMA\u00c7\u00c3O:<\/strong> O CCSO\/UFPel e a PROAFE convidam a comunidade acad\u00eamica para o Caf\u00e9 com a Dire\u00e7\u00e3o, que ser\u00e1 realizado no dia 09 de setembro, a partir das 17h, no Audit\u00f3rio da Reitoria &#8211; Campus Anglo. O encontro trar\u00e1 a equipe do Beijo Maldito para um bate-papo sobre empreendedorismo, comunica\u00e7\u00e3o, marketing e responsabilidade social, abordando temas como protagonismo, prop\u00f3sito e inova\u00e7\u00e3o. O evento concede certificado com horas de extens\u00e3o para os estudantes participantes. Acesse e confira mais informa\u00e7\u00f5es:\u00a0<a href=\"https:\/\/www.instagram.com\/p\/Dcg6hWxJKyI\/\">https:\/\/www.instagram.com\/p\/Dcg6hWxJKyI\/<\/a><\/p>\n<p style=\"text-align: justify;\"><strong>TECHSTARS STARTUP WEEKEND PELOTAS &#8211; 4\u00aa EDI\u00c7\u00c3O:<\/strong> Est\u00e3o abertas as vendas para a 4\u00aa edi\u00e7\u00e3o do Techstars Startup Weekend Pelotas, que acontecer\u00e1 nos dias 16, 17 e 18 de outubro, \u00e0s 19h, no Pelotas Parque Tecnol\u00f3gico. O evento oferece uma imers\u00e3o pr\u00e1tica para aprender a validar ideias, transformar problemas em solu\u00e7\u00f5es reais, trabalhar em equipe e contar com a mentoria de especialistas. Acesse e confira mais informa\u00e7\u00f5es: <a href=\"https:\/\/www.instagram.com\/p\/DcOnuU0Oiai\/\">https:\/\/www.instagram.com\/p\/DcOnuU0Oiai\/<\/a><\/p>\n<p><a href=\"https:\/\/wp.ufpel.edu.br\/gestaopublica\/files\/2026\/08\/Meme-figurinha-de-whatsapp-dia-dos-pais-retro-1.png\"><img loading=\"lazy\" decoding=\"async\" class=\"aligncenter size-full wp-image-3280\" src=\"https:\/\/wp.ufpel.edu.br\/gestaopublica\/files\/2026\/08\/Meme-figurinha-de-whatsapp-dia-dos-pais-retro-1.png\" alt=\"\" width=\"2160\" height=\"2160\" srcset=\"https:\/\/wp.ufpel.edu.br\/gestaopublica\/files\/2026\/08\/Meme-figurinha-de-whatsapp-dia-dos-pais-retro-1.png 2160w, https:\/\/wp.ufpel.edu.br\/gestaopublica\/files\/2026\/08\/Meme-figurinha-de-whatsapp-dia-dos-pais-retro-1-300x300.png 300w, https:\/\/wp.ufpel.edu.br\/gestaopublica\/files\/2026\/08\/Meme-figurinha-de-whatsapp-dia-dos-pais-retro-1-1024x1024.png 1024w, https:\/\/wp.ufpel.edu.br\/gestaopublica\/files\/2026\/08\/Meme-figurinha-de-whatsapp-dia-dos-pais-retro-1-150x150.png 150w, https:\/\/wp.ufpel.edu.br\/gestaopublica\/files\/2026\/08\/Meme-figurinha-de-whatsapp-dia-dos-pais-retro-1-768x768.png 768w, https:\/\/wp.ufpel.edu.br\/gestaopublica\/files\/2026\/08\/Meme-figurinha-de-whatsapp-dia-dos-pais-retro-1-1536x1536.png 1536w, https:\/\/wp.ufpel.edu.br\/gestaopublica\/files\/2026\/08\/Meme-figurinha-de-whatsapp-dia-dos-pais-retro-1-2048x2048.png 2048w, https:\/\/wp.ufpel.edu.br\/gestaopublica\/files\/2026\/08\/Meme-figurinha-de-whatsapp-dia-dos-pais-retro-1-750x750.png 750w\" sizes=\"auto, (max-width: 2160px) 100vw, 2160px\" \/><\/a><\/p>\n","protected":false},"excerpt":{"rendered":"<p>MINICURSO SOBRE NEGOCIA\u00c7\u00c3O ESTRAT\u00c9GICA: Est\u00e3o abertas as inscri\u00e7\u00f5es para o minicurso &#8220;Negocia\u00e7\u00e3o Estrat\u00e9gica &#8211; Edi\u00e7\u00e3o 2026&#8221;, promovido pelo Ciclo de Cursos em Gest\u00e3o de Neg\u00f3cios (CCSO\/UFPel). A atividade ter\u00e1 10 horas de dura\u00e7\u00e3o e ser\u00e1 ministrada pela Prof.\u00aa Dr.\u00aa Isabel Teresinha D. Soares. Inscri\u00e7\u00f5es at\u00e9 11 de setembro. Vagas limitadas. Acesse e confira mais informa\u00e7\u00f5es: &hellip; <\/p>\n<p><a class=\"more-link btn\" href=\"https:\/\/wp.ufpel.edu.br\/gestaopublica\/2026\/08\/31\/oportunidades-da-semana-de-31-de-agosto\/\">Continue lendo<\/a><\/p>\n","protected":false},"author":250,"featured_media":0,"comment_status":"closed","ping_status":"closed","sticky":false,"template":"","format":"standard","meta":{"_jetpack_newsletter_access":"","_jetpack_dont_email_post_to_subs":false,"_jetpack_newsletter_tier_id":0,"_jetpack_memberships_contains_paywalled_content":false,"_jetpack_feature_clip_id":0,"_jetpack_memberships_contains_paid_content":false,"footnotes":"","jetpack_publicize_message":"","jetpack_publicize_feature_enabled":true,"jetpack_social_post_already_shared":true,"jetpack_social_options":{"image_generator_settings":{"template":"highway","default_image_id":0,"font":"","enabled":false},"version":2},"jetpack_post_was_ever_published":false},"categories":[18],"tags":[],"class_list":["post-3288","post","type-post","status-publish","format-standard","hentry","category-noticias","item-wrap"],"jetpack_publicize_connections":[],"jetpack_featured_media_url":"","jetpack_sharing_enabled":true,"jetpack_shortlink":"https:\/\/wp.me\/p6QO4J-R2","_links":{"self":[{"href":"https:\/\/wp.ufpel.edu.br\/gestaopublica\/wp-json\/wp\/v2\/posts\/3288","targetHints":{"allow":["GET"]}}],"collection":[{"href":"https:\/\/wp.ufpel.edu.br\/gestaopublica\/wp-json\/wp\/v2\/posts"}],"about":[{"href":"https:\/\/wp.ufpel.edu.br\/gestaopublica\/wp-json\/wp\/v2\/types\/post"}],"author":[{"embeddable":true,"href":"https:\/\/wp.ufpel.edu.br\/gestaopublica\/wp-json\/wp\/v2\/users\/250"}],"replies":[{"embeddable":true,"href":"https:\/\/wp.ufpel.edu.br\/gestaopublica\/wp-json\/wp\/v2\/comments?post=3288"}],"version-history":[{"count":2,"href":"https:\/\/wp.ufpel.edu.br\/gestaopublica\/wp-json\/wp\/v2\/posts\/3288\/revisions"}],"predecessor-version":[{"id":3290,"href":"https:\/\/wp.ufpel.edu.br\/gestaopublica\/wp-json\/wp\/v2\/posts\/3288\/revisions\/3290"}],"wp:attachment":[{"href":"https:\/\/wp.ufpel.edu.br\/gestaopublica\/wp-json\/wp\/v2\/media?parent=3288"}],"wp:term":[{"taxonomy":"category","embeddable":true,"href":"https:\/\/wp.ufpel.edu.br\/gestaopublica\/wp-json\/wp\/v2\/categories?post=3288"},{"taxonomy":"post_tag","embeddable":true,"href":"https:\/\/wp.ufpel.edu.br\/gestaopublica\/wp-json\/wp\/v2\/tags?post=3288"}],"curies":[{"name":"wp","href":"https:\/\/api.w.org\/{rel}","templated":true}]}}