{"id":3283,"date":"2026-08-24T21:01:14","date_gmt":"2026-08-25T00:01:14","guid":{"rendered":"https:\/\/wp.ufpel.edu.br\/gestaopublica\/?p=3283"},"modified":"2026-08-24T21:18:30","modified_gmt":"2026-08-25T00:18:30","slug":"oportunidades-da-semana-de-24-de-agosto","status":"publish","type":"post","link":"https:\/\/wp.ufpel.edu.br\/gestaopublica\/2026\/08\/24\/oportunidades-da-semana-de-24-de-agosto\/","title":{"rendered":"Oportunidades da semana de 24 de agosto"},"content":{"rendered":"<p><a href=\"https:\/\/wp.ufpel.edu.br\/gestaopublica\/files\/2026\/08\/Meme-figurinha-de-whatsapp-dia-dos-pais-retro-1.png\"><img loading=\"lazy\" decoding=\"async\" class=\"aligncenter wp-image-3280 size-full\" src=\"https:\/\/wp.ufpel.edu.br\/gestaopublica\/files\/2026\/08\/Meme-figurinha-de-whatsapp-dia-dos-pais-retro-1.png\" alt=\"\" width=\"2160\" height=\"2160\" srcset=\"https:\/\/wp.ufpel.edu.br\/gestaopublica\/files\/2026\/08\/Meme-figurinha-de-whatsapp-dia-dos-pais-retro-1.png 2160w, https:\/\/wp.ufpel.edu.br\/gestaopublica\/files\/2026\/08\/Meme-figurinha-de-whatsapp-dia-dos-pais-retro-1-300x300.png 300w, https:\/\/wp.ufpel.edu.br\/gestaopublica\/files\/2026\/08\/Meme-figurinha-de-whatsapp-dia-dos-pais-retro-1-1024x1024.png 1024w, https:\/\/wp.ufpel.edu.br\/gestaopublica\/files\/2026\/08\/Meme-figurinha-de-whatsapp-dia-dos-pais-retro-1-150x150.png 150w, https:\/\/wp.ufpel.edu.br\/gestaopublica\/files\/2026\/08\/Meme-figurinha-de-whatsapp-dia-dos-pais-retro-1-768x768.png 768w, https:\/\/wp.ufpel.edu.br\/gestaopublica\/files\/2026\/08\/Meme-figurinha-de-whatsapp-dia-dos-pais-retro-1-1536x1536.png 1536w, https:\/\/wp.ufpel.edu.br\/gestaopublica\/files\/2026\/08\/Meme-figurinha-de-whatsapp-dia-dos-pais-retro-1-2048x2048.png 2048w, https:\/\/wp.ufpel.edu.br\/gestaopublica\/files\/2026\/08\/Meme-figurinha-de-whatsapp-dia-dos-pais-retro-1-750x750.png 750w\" sizes=\"auto, (max-width: 2160px) 100vw, 2160px\" \/><\/a><\/p>\n<p style=\"text-align: justify;\"><strong>PROCESSO SELETIVO DA EMAD JR.: <\/strong>Ainda d\u00e1 tempo de participar! As inscri\u00e7\u00f5es para o Processo Seletivo da Emad Jr. est\u00e3o abertas at\u00e9 o dia 25\/08. Todos os alunos dos cursos do CCSO podem participar! N\u00e3o perca essa oportunidade de fazer parte da Emad Jr. e desenvolver novas experi\u00eancias e conhecimentos. Acesse e confira mais informa\u00e7\u00f5es: <a href=\"https:\/\/www.instagram.com\/p\/Db8b4prEdoU\/\">https:\/\/www.instagram.com\/p\/Db8b4prEdoU\/<\/a><\/p>\n<p style=\"text-align: justify;\"><strong>PROCESSO SELETIVO SIMPLIFICADO PARA BOLSISTAS DE EXTENS\u00c3O: <\/strong>A Funda\u00e7\u00e3o Delfim Mendes Silveira (FDMS) est\u00e1 com inscri\u00e7\u00f5es abertas, at\u00e9 o dia 28\/08, para o Processo Seletivo Simplificado para contrata\u00e7\u00e3o de Bolsistas de Extens\u00e3o, vinculado ao projeto &#8220;Desenvolvimento de Territ\u00f3rios Rurais atrav\u00e9s de Sistemas Agroindustriais Localizados Frut\u00edcolas com Foco \u00e0 Agricultura Familiar&#8221;. S\u00e3o 11 vagas para bolsistas e 11 para suplentes, destinadas a graduados em qualquer \u00e1rea, com dura\u00e7\u00e3o de 11 meses e\u00a0 remunera\u00e7\u00e3o mensal de R$ 5.000,00. Acesse e confira mais informa\u00e7\u00f5es: <a href=\"https:\/\/www.instagram.com\/p\/DcbUsz-lgtH\/\">https:\/\/www.instagram.com\/p\/DcbUsz-lgtH\/<\/a><\/p>\n<p>&nbsp;<\/p>\n","protected":false},"excerpt":{"rendered":"<p>PROCESSO SELETIVO DA EMAD JR.: Ainda d\u00e1 tempo de participar! As inscri\u00e7\u00f5es para o Processo Seletivo da Emad Jr. est\u00e3o abertas at\u00e9 o dia 25\/08. Todos os alunos dos cursos do CCSO podem participar! N\u00e3o perca essa oportunidade de fazer parte da Emad Jr. e desenvolver novas experi\u00eancias e conhecimentos. Acesse e confira mais informa\u00e7\u00f5es: &hellip; <\/p>\n<p><a class=\"more-link btn\" href=\"https:\/\/wp.ufpel.edu.br\/gestaopublica\/2026\/08\/24\/oportunidades-da-semana-de-24-de-agosto\/\">Continue lendo<\/a><\/p>\n","protected":false},"author":250,"featured_media":0,"comment_status":"closed","ping_status":"closed","sticky":false,"template":"","format":"standard","meta":{"_jetpack_newsletter_access":"","_jetpack_dont_email_post_to_subs":false,"_jetpack_newsletter_tier_id":0,"_jetpack_memberships_contains_paywalled_content":false,"_jetpack_feature_clip_id":0,"_jetpack_memberships_contains_paid_content":false,"footnotes":"","jetpack_publicize_message":"","jetpack_publicize_feature_enabled":true,"jetpack_social_post_already_shared":true,"jetpack_social_options":{"image_generator_settings":{"template":"highway","default_image_id":0,"font":"","enabled":false},"version":2},"jetpack_post_was_ever_published":false},"categories":[18],"tags":[],"class_list":["post-3283","post","type-post","status-publish","format-standard","hentry","category-noticias","item-wrap"],"jetpack_publicize_connections":[],"jetpack_featured_media_url":"","jetpack_sharing_enabled":true,"jetpack_shortlink":"https:\/\/wp.me\/p6QO4J-QX","_links":{"self":[{"href":"https:\/\/wp.ufpel.edu.br\/gestaopublica\/wp-json\/wp\/v2\/posts\/3283","targetHints":{"allow":["GET"]}}],"collection":[{"href":"https:\/\/wp.ufpel.edu.br\/gestaopublica\/wp-json\/wp\/v2\/posts"}],"about":[{"href":"https:\/\/wp.ufpel.edu.br\/gestaopublica\/wp-json\/wp\/v2\/types\/post"}],"author":[{"embeddable":true,"href":"https:\/\/wp.ufpel.edu.br\/gestaopublica\/wp-json\/wp\/v2\/users\/250"}],"replies":[{"embeddable":true,"href":"https:\/\/wp.ufpel.edu.br\/gestaopublica\/wp-json\/wp\/v2\/comments?post=3283"}],"version-history":[{"count":3,"href":"https:\/\/wp.ufpel.edu.br\/gestaopublica\/wp-json\/wp\/v2\/posts\/3283\/revisions"}],"predecessor-version":[{"id":3287,"href":"https:\/\/wp.ufpel.edu.br\/gestaopublica\/wp-json\/wp\/v2\/posts\/3283\/revisions\/3287"}],"wp:attachment":[{"href":"https:\/\/wp.ufpel.edu.br\/gestaopublica\/wp-json\/wp\/v2\/media?parent=3283"}],"wp:term":[{"taxonomy":"category","embeddable":true,"href":"https:\/\/wp.ufpel.edu.br\/gestaopublica\/wp-json\/wp\/v2\/categories?post=3283"},{"taxonomy":"post_tag","embeddable":true,"href":"https:\/\/wp.ufpel.edu.br\/gestaopublica\/wp-json\/wp\/v2\/tags?post=3283"}],"curies":[{"name":"wp","href":"https:\/\/api.w.org\/{rel}","templated":true}]}}