{"id":3219,"date":"2026-04-06T16:00:34","date_gmt":"2026-04-06T19:00:34","guid":{"rendered":"https:\/\/wp.ufpel.edu.br\/gestaopublica\/?p=3219"},"modified":"2026-04-06T16:05:58","modified_gmt":"2026-04-06T19:05:58","slug":"edital-abre-selecao-para-uma-bolsa-de-monitoria-em-disciplinas-de-gestao-de-pessoas-e-pratica-da-pesquisa","status":"publish","type":"post","link":"https:\/\/wp.ufpel.edu.br\/gestaopublica\/2026\/04\/06\/edital-abre-selecao-para-uma-bolsa-de-monitoria-em-disciplinas-de-gestao-de-pessoas-e-pratica-da-pesquisa\/","title":{"rendered":"Edital abre sele\u00e7\u00e3o para uma bolsa de monitoria em disciplinas de Gest\u00e3o de Pessoas e Pr\u00e1tica da Pesquisa"},"content":{"rendered":"<p style=\"text-align: justify;\">A Professora Mait\u00ea de Siqueira Brahm, do Centro de Ci\u00eancias S\u00f3cio-Organizacionais, torna p\u00fablico o Processo Seletivo para o preenchimento de uma vaga para Bolsista de Monitoria, de acordo o Edital PRE\/CEC\/NUPROP n\u00ba 07\/2026. A bolsa \u00e9 para o per\u00edodo de atividades entre 14 de abril e 31 de julho de 2026, no valor de R$700,00 mensais.<\/p>\n<p>As inscri\u00e7\u00f5es para sele\u00e7\u00e3o est\u00e3o abertas entre 06 e 09 de abril, por meio de envio de hist\u00f3rico escolar da gradua\u00e7\u00e3o e um breve par\u00e1grafo de apresenta\u00e7\u00e3o para o email maite.brahm@gmail.com.<\/p>\n<p>Os requisitos para participar da sele\u00e7\u00e3o s\u00e3o:<br \/>\na) estar matriculado em curso de gradua\u00e7\u00e3o da UFPEL;<br \/>\nb) dispor de 20h semanais para se dedicar \u00e0s atividades da bolsa; e<br \/>\nc) n\u00e3o receber qualquer outro tipo de bolsa no \u00e2mbito da UFPEL, exceto os aux\u00edlios recebidos pela Pr\u00f3-Reitoria de Assuntos Estudantis (PRAE);<br \/>\nd) estar devidamente cadastrado e ativo em alguma modalidade de aux\u00edlio estudantil gerida pela Pr\u00f3-Reitoria de Assuntos Estudantis (PRAE), o que comprova situa\u00e7\u00e3o de vulnerabilidade social OU ter ingressado na UFPel via acesso afirmativo para alunos\/as negros\/as, ind\u00edgenas, quilombolas ou com defici\u00eancia.<\/p>\n<p>O processo de sele\u00e7\u00e3o vai dar prioridade para alunos que j\u00e1 cursaram disciplinas relacionadas \u00e0 metodologia da pesquisa, como Pr\u00e1tica da Pesquisa, Metodologia da Pesquisa ou Trabalho de Conclus\u00e3o de Curso.<\/p>\n<p>A divulga\u00e7\u00e3o do resultado ser\u00e1 em 10 de abril de 2026.<\/p>\n<p><a href=\"https:\/\/wp.ufpel.edu.br\/gestaopublica\/files\/2026\/04\/Anexos-Editais-monitoria-maite_26_assinado.pdf\">Edital completo<\/a><a href=\"https:\/\/wp.ufpel.edu.br\/gestaopublica\/files\/2026\/04\/WhatsApp-Image-2026-04-06-at-15.35.02.jpeg\"><img loading=\"lazy\" decoding=\"async\" class=\"aligncenter size-full wp-image-3221\" src=\"https:\/\/wp.ufpel.edu.br\/gestaopublica\/files\/2026\/04\/WhatsApp-Image-2026-04-06-at-15.35.02.jpeg\" alt=\"\" width=\"1024\" height=\"1536\" srcset=\"https:\/\/wp.ufpel.edu.br\/gestaopublica\/files\/2026\/04\/WhatsApp-Image-2026-04-06-at-15.35.02.jpeg 1024w, https:\/\/wp.ufpel.edu.br\/gestaopublica\/files\/2026\/04\/WhatsApp-Image-2026-04-06-at-15.35.02-200x300.jpeg 200w, https:\/\/wp.ufpel.edu.br\/gestaopublica\/files\/2026\/04\/WhatsApp-Image-2026-04-06-at-15.35.02-683x1024.jpeg 683w, https:\/\/wp.ufpel.edu.br\/gestaopublica\/files\/2026\/04\/WhatsApp-Image-2026-04-06-at-15.35.02-768x1152.jpeg 768w, https:\/\/wp.ufpel.edu.br\/gestaopublica\/files\/2026\/04\/WhatsApp-Image-2026-04-06-at-15.35.02-750x1125.jpeg 750w\" sizes=\"auto, (max-width: 1024px) 100vw, 1024px\" \/><\/a><\/p>\n","protected":false},"excerpt":{"rendered":"<p>A Professora Mait\u00ea de Siqueira Brahm, do Centro de Ci\u00eancias S\u00f3cio-Organizacionais, torna p\u00fablico o Processo Seletivo para o preenchimento de uma vaga para Bolsista de Monitoria, de acordo o Edital PRE\/CEC\/NUPROP n\u00ba 07\/2026. A bolsa \u00e9 para o per\u00edodo de atividades entre 14 de abril e 31 de julho de 2026, no valor de R$700,00 &hellip; <\/p>\n<p><a class=\"more-link btn\" href=\"https:\/\/wp.ufpel.edu.br\/gestaopublica\/2026\/04\/06\/edital-abre-selecao-para-uma-bolsa-de-monitoria-em-disciplinas-de-gestao-de-pessoas-e-pratica-da-pesquisa\/\">Continue lendo<\/a><\/p>\n","protected":false},"author":250,"featured_media":0,"comment_status":"closed","ping_status":"closed","sticky":false,"template":"","format":"standard","meta":{"jetpack_post_was_ever_published":false,"_jetpack_newsletter_access":"","_jetpack_dont_email_post_to_subs":false,"_jetpack_newsletter_tier_id":0,"_jetpack_memberships_contains_paywalled_content":false,"_jetpack_memberships_contains_paid_content":false,"footnotes":"","jetpack_publicize_message":"","jetpack_publicize_feature_enabled":true,"jetpack_social_post_already_shared":true,"jetpack_social_options":{"image_generator_settings":{"template":"highway","default_image_id":0,"font":"","enabled":false},"version":2}},"categories":[18],"tags":[],"class_list":["post-3219","post","type-post","status-publish","format-standard","hentry","category-noticias","item-wrap"],"jetpack_publicize_connections":[],"jetpack_featured_media_url":"","jetpack_sharing_enabled":true,"jetpack_shortlink":"https:\/\/wp.me\/p6QO4J-PV","_links":{"self":[{"href":"https:\/\/wp.ufpel.edu.br\/gestaopublica\/wp-json\/wp\/v2\/posts\/3219","targetHints":{"allow":["GET"]}}],"collection":[{"href":"https:\/\/wp.ufpel.edu.br\/gestaopublica\/wp-json\/wp\/v2\/posts"}],"about":[{"href":"https:\/\/wp.ufpel.edu.br\/gestaopublica\/wp-json\/wp\/v2\/types\/post"}],"author":[{"embeddable":true,"href":"https:\/\/wp.ufpel.edu.br\/gestaopublica\/wp-json\/wp\/v2\/users\/250"}],"replies":[{"embeddable":true,"href":"https:\/\/wp.ufpel.edu.br\/gestaopublica\/wp-json\/wp\/v2\/comments?post=3219"}],"version-history":[{"count":3,"href":"https:\/\/wp.ufpel.edu.br\/gestaopublica\/wp-json\/wp\/v2\/posts\/3219\/revisions"}],"predecessor-version":[{"id":3225,"href":"https:\/\/wp.ufpel.edu.br\/gestaopublica\/wp-json\/wp\/v2\/posts\/3219\/revisions\/3225"}],"wp:attachment":[{"href":"https:\/\/wp.ufpel.edu.br\/gestaopublica\/wp-json\/wp\/v2\/media?parent=3219"}],"wp:term":[{"taxonomy":"category","embeddable":true,"href":"https:\/\/wp.ufpel.edu.br\/gestaopublica\/wp-json\/wp\/v2\/categories?post=3219"},{"taxonomy":"post_tag","embeddable":true,"href":"https:\/\/wp.ufpel.edu.br\/gestaopublica\/wp-json\/wp\/v2\/tags?post=3219"}],"curies":[{"name":"wp","href":"https:\/\/api.w.org\/{rel}","templated":true}]}}