{"id":2992,"date":"2025-04-28T15:37:24","date_gmt":"2025-04-28T18:37:24","guid":{"rendered":"https:\/\/wp.ufpel.edu.br\/gestaopublica\/?p=2992"},"modified":"2025-04-28T15:39:14","modified_gmt":"2025-04-28T18:39:14","slug":"simplificando-politica-convida-para-a-mesa-redonda-movimentos-sociais-e-trabalho-na-contemporaneidade-desafios-com-recorte-de-genero-classe-e-raca","status":"publish","type":"post","link":"https:\/\/wp.ufpel.edu.br\/gestaopublica\/2025\/04\/28\/simplificando-politica-convida-para-a-mesa-redonda-movimentos-sociais-e-trabalho-na-contemporaneidade-desafios-com-recorte-de-genero-classe-e-raca\/","title":{"rendered":"Simplificando Pol\u00edtica convida para a mesa-redonda &#8220;Movimentos sociais e trabalho na contemporaneidade: desafios com recorte de g\u00eanero, classe e ra\u00e7a&#8221;"},"content":{"rendered":"<p style=\"text-align: justify;\">O projeto de extens\u00e3o do Curso de Ci\u00eancias Sociais da Universidade Federal de Pelotas, Simplificando Pol\u00edtica, convida estudantes e servidores da Universidade para a mesa-redonda &#8220;Movimentos sociais e trabalho na contemporaneidade: desafios com recorte de g\u00eanero, classe e ra\u00e7a&#8221;, com a participa\u00e7\u00e3o dos professores Ana Paula D\u00b4\u00c1vila (FURG), Rosangela Schulz (UFPel) e Andr\u00e9 Lu\u00eds Pereira (IFSUL).<\/p>\n<p style=\"text-align: justify;\">A mesa-redonda ser\u00e1 realizada no dia 05 de maio de 2025, \u00e0s 19h, no Instituto M\u00e1rio Alves (Rua Alberto Rosa, 164). O evento tamb\u00e9m ocorrer\u00e1 de maneira h\u00edbrida atrav\u00e9s do canal do Youtube Simplificando Pol\u00edtica, sendo disponibilizado o link para acesso antecipadamente no Instagram (<a href=\"https:\/\/www.instagram.com\/simplificando.politica\/\">@simplificando.politica<\/a>).<\/p>\n<p style=\"text-align: justify;\">O evento \u00e9 gratuito e, para certifica\u00e7\u00e3o, \u00e9 necess\u00e1ria a realiza\u00e7\u00e3o de inscri\u00e7\u00e3o pelo <a href=\"https:\/\/docs.google.com\/forms\/d\/e\/1FAIpQLScBsU673q--qPpTo2syynyZ_5PIYwPVKLSoKoZE_GesubWBKQ\/viewform?fbclid=PAZXh0bgNhZW0CMTEAAafFubfAlQj9pYeeDenkRG9X0lFROH4bpFOn_elrf9HygsuhpmpD-hKg0s7drA_aem_xbJNssv4HFCErEY2vUoG6w\">link<\/a> dispon\u00edvel no instagram do Projeto <a href=\"https:\/\/www.instagram.com\/simplificando.politica\/\">@simplificando.politica<\/a>.<\/p>\n<div><\/div>\n<div><a href=\"https:\/\/wp.ufpel.edu.br\/gestaopublica\/files\/2025\/04\/WhatsApp-Image-2025-04-28-at-08.47.18-1.jpeg\"><img loading=\"lazy\" decoding=\"async\" class=\"aligncenter size-full wp-image-2994\" src=\"https:\/\/wp.ufpel.edu.br\/gestaopublica\/files\/2025\/04\/WhatsApp-Image-2025-04-28-at-08.47.18-1.jpeg\" alt=\"\" width=\"1080\" height=\"1350\" srcset=\"https:\/\/wp.ufpel.edu.br\/gestaopublica\/files\/2025\/04\/WhatsApp-Image-2025-04-28-at-08.47.18-1.jpeg 1080w, https:\/\/wp.ufpel.edu.br\/gestaopublica\/files\/2025\/04\/WhatsApp-Image-2025-04-28-at-08.47.18-1-240x300.jpeg 240w, https:\/\/wp.ufpel.edu.br\/gestaopublica\/files\/2025\/04\/WhatsApp-Image-2025-04-28-at-08.47.18-1-819x1024.jpeg 819w, https:\/\/wp.ufpel.edu.br\/gestaopublica\/files\/2025\/04\/WhatsApp-Image-2025-04-28-at-08.47.18-1-768x960.jpeg 768w, https:\/\/wp.ufpel.edu.br\/gestaopublica\/files\/2025\/04\/WhatsApp-Image-2025-04-28-at-08.47.18-1-750x938.jpeg 750w\" sizes=\"auto, (max-width: 1080px) 100vw, 1080px\" \/><\/a><\/div>\n","protected":false},"excerpt":{"rendered":"<p>O projeto de extens\u00e3o do Curso de Ci\u00eancias Sociais da Universidade Federal de Pelotas, Simplificando Pol\u00edtica, convida estudantes e servidores da Universidade para a mesa-redonda &#8220;Movimentos sociais e trabalho na contemporaneidade: desafios com recorte de g\u00eanero, classe e ra\u00e7a&#8221;, com a participa\u00e7\u00e3o dos professores Ana Paula D\u00b4\u00c1vila (FURG), Rosangela Schulz (UFPel) e Andr\u00e9 Lu\u00eds Pereira &hellip; <\/p>\n<p><a class=\"more-link btn\" href=\"https:\/\/wp.ufpel.edu.br\/gestaopublica\/2025\/04\/28\/simplificando-politica-convida-para-a-mesa-redonda-movimentos-sociais-e-trabalho-na-contemporaneidade-desafios-com-recorte-de-genero-classe-e-raca\/\">Continue lendo<\/a><\/p>\n","protected":false},"author":250,"featured_media":0,"comment_status":"closed","ping_status":"closed","sticky":false,"template":"","format":"standard","meta":{"jetpack_post_was_ever_published":false,"_jetpack_newsletter_access":"","_jetpack_dont_email_post_to_subs":false,"_jetpack_newsletter_tier_id":0,"_jetpack_memberships_contains_paywalled_content":false,"_jetpack_memberships_contains_paid_content":false,"footnotes":"","jetpack_publicize_message":"","jetpack_publicize_feature_enabled":true,"jetpack_social_post_already_shared":true,"jetpack_social_options":{"image_generator_settings":{"template":"highway","default_image_id":0,"font":"","enabled":false},"version":2}},"categories":[18],"tags":[],"class_list":["post-2992","post","type-post","status-publish","format-standard","hentry","category-noticias","item-wrap"],"jetpack_publicize_connections":[],"jetpack_featured_media_url":"","jetpack_sharing_enabled":true,"jetpack_shortlink":"https:\/\/wp.me\/p6QO4J-Mg","_links":{"self":[{"href":"https:\/\/wp.ufpel.edu.br\/gestaopublica\/wp-json\/wp\/v2\/posts\/2992","targetHints":{"allow":["GET"]}}],"collection":[{"href":"https:\/\/wp.ufpel.edu.br\/gestaopublica\/wp-json\/wp\/v2\/posts"}],"about":[{"href":"https:\/\/wp.ufpel.edu.br\/gestaopublica\/wp-json\/wp\/v2\/types\/post"}],"author":[{"embeddable":true,"href":"https:\/\/wp.ufpel.edu.br\/gestaopublica\/wp-json\/wp\/v2\/users\/250"}],"replies":[{"embeddable":true,"href":"https:\/\/wp.ufpel.edu.br\/gestaopublica\/wp-json\/wp\/v2\/comments?post=2992"}],"version-history":[{"count":4,"href":"https:\/\/wp.ufpel.edu.br\/gestaopublica\/wp-json\/wp\/v2\/posts\/2992\/revisions"}],"predecessor-version":[{"id":2998,"href":"https:\/\/wp.ufpel.edu.br\/gestaopublica\/wp-json\/wp\/v2\/posts\/2992\/revisions\/2998"}],"wp:attachment":[{"href":"https:\/\/wp.ufpel.edu.br\/gestaopublica\/wp-json\/wp\/v2\/media?parent=2992"}],"wp:term":[{"taxonomy":"category","embeddable":true,"href":"https:\/\/wp.ufpel.edu.br\/gestaopublica\/wp-json\/wp\/v2\/categories?post=2992"},{"taxonomy":"post_tag","embeddable":true,"href":"https:\/\/wp.ufpel.edu.br\/gestaopublica\/wp-json\/wp\/v2\/tags?post=2992"}],"curies":[{"name":"wp","href":"https:\/\/api.w.org\/{rel}","templated":true}]}}